{"id":1038,"date":"2018-05-14T12:52:25","date_gmt":"2018-05-14T10:52:25","guid":{"rendered":"https:\/\/www.notanoverlander.com\/?p=1038"},"modified":"2018-05-14T12:52:28","modified_gmt":"2018-05-14T10:52:28","slug":"selva-negra-glottertal-rastatt","status":"publish","type":"post","link":"https:\/\/www.notanoverlander.com\/index.php\/2018\/05\/14\/selva-negra-glottertal-rastatt\/","title":{"rendered":"Selva negra: Glottertal &#8211; Rastatt"},"content":{"rendered":"\n<!-- Facebook Like Button v1.9.6 BEGIN [http:\/\/blog.bottomlessinc.com] -->\n<iframe src=\"http:\/\/www.facebook.com\/plugins\/like.php?href=https%3A%2F%2Fwww.notanoverlander.com%2Findex.php%2F2018%2F05%2F14%2Fselva-negra-glottertal-rastatt%2F&amp;layout=standard&amp;show_faces=false&amp;width=450&amp;action=like&amp;colorscheme=light\" scrolling=\"no\" frameborder=\"0\" allowTransparency=\"true\" style=\"border:none; overflow:hidden; width:450px; height: 30px; align: left; margin: 2px 0px 2px 0px\"><\/iframe>\n<!-- Facebook Like Button END -->\n<div class=\"sf-social-icon-list\">\n<table border=\"0\" cellspacing=\"0\" cellpadding=\"\">\n<td style=\"padding: 1px\"><a href='https:\/\/www.twitter.com\/notanoverlander' target='parent'><img data-recalc-dims=\"1\" decoding=\"async\" src=\"https:\/\/i0.wp.com\/www.notanoverlander.com\/wp-content\/plugins\/free-social-media-icons\/assets\/icons\/Cute%20Icons\/Twitter.png?ssl=1\" class=\"sf-social-icon\" style=\"width: 32px; height: 32px; max-width: 32px\" \/><\/a><\/td>\n<\/table>\n<\/div><p>Los p\u00e1jaros canturrean como si estuviesen dentro de la habitaci\u00f3n, podr\u00eda sonar id\u00edlico pero&#8230; Son las 5 de la ma\u00f1ana y adem\u00e1s del sonido del p\u00edo p\u00edo, hace un fr\u00edo tremendo: nos hemos dejado la ventana abierta! La cierro y a dormir.<\/p>\n<p>Tres horas despu\u00e9s estamos en marcha, desayuno, cerrar maletas, ojear la previsi\u00f3n del tiempo y listo. Mientras A. hace el checkout yo intento cambiar la bombilla fundida a priori tarea f\u00e1cil, pero a la postre acaba siendo tedioso, trabajo en equipo y, despu\u00e9s de 10 minutos y varios ara\u00f1azos en la mano, exitoso.<\/p>\n<p><img data-recalc-dims=\"1\" loading=\"lazy\" decoding=\"async\" class=\"size-thumbnail wp-image-1046 aligncenter\" src=\"https:\/\/i0.wp.com\/www.notanoverlander.com\/wp-content\/uploads\/2018\/05\/img_20180512_100445_441-3024x2268594871406.jpg?resize=3000%2C2250&#038;ssl=1\" width=\"3000\" height=\"2250\" alt=\"\" srcset=\"https:\/\/i0.wp.com\/www.notanoverlander.com\/wp-content\/uploads\/2018\/05\/img_20180512_100445_441-3024x2268594871406.jpg?w=3000&amp;ssl=1 3000w, https:\/\/i0.wp.com\/www.notanoverlander.com\/wp-content\/uploads\/2018\/05\/img_20180512_100445_441-3024x2268594871406.jpg?resize=300%2C225&amp;ssl=1 300w, https:\/\/i0.wp.com\/www.notanoverlander.com\/wp-content\/uploads\/2018\/05\/img_20180512_100445_441-3024x2268594871406.jpg?resize=768%2C576&amp;ssl=1 768w, https:\/\/i0.wp.com\/www.notanoverlander.com\/wp-content\/uploads\/2018\/05\/img_20180512_100445_441-3024x2268594871406.jpg?resize=2048%2C1536&amp;ssl=1 2048w, https:\/\/i0.wp.com\/www.notanoverlander.com\/wp-content\/uploads\/2018\/05\/img_20180512_100445_441-3024x2268594871406.jpg?resize=400%2C300&amp;ssl=1 400w\" sizes=\"auto, (max-width: 1000px) 100vw, 1000px\" \/><\/p>\n<p>Salimos por fin, bajo un sol que nos iba a acompa\u00f1ar durante casi todo el d\u00eda.<\/p>\n<p>La ruta de hoy nos dirig\u00eda al norte de nuevo por un camino distinto al de ayer.<\/p>\n<p><img data-recalc-dims=\"1\" loading=\"lazy\" decoding=\"async\" class=\"size-thumbnail wp-image-1047 aligncenter\" src=\"https:\/\/i0.wp.com\/www.notanoverlander.com\/wp-content\/uploads\/2018\/05\/screenshot_20180511-2223401934003947.png?resize=1080%2C1920&#038;ssl=1\" width=\"1080\" height=\"1920\" data-temp-aztec-id=\"7e3a90e1-c4b8-4cf5-b54a-c0d18db17aed\" alt=\"\" srcset=\"https:\/\/i0.wp.com\/www.notanoverlander.com\/wp-content\/uploads\/2018\/05\/screenshot_20180511-2223401934003947.png?w=1080&amp;ssl=1 1080w, https:\/\/i0.wp.com\/www.notanoverlander.com\/wp-content\/uploads\/2018\/05\/screenshot_20180511-2223401934003947.png?resize=169%2C300&amp;ssl=1 169w, https:\/\/i0.wp.com\/www.notanoverlander.com\/wp-content\/uploads\/2018\/05\/screenshot_20180511-2223401934003947.png?resize=768%2C1365&amp;ssl=1 768w\" sizes=\"auto, (max-width: 1000px) 100vw, 1000px\" \/><\/p>\n<p>Los primeros kil\u00f3metros nos llevan hacia el sur, las carreteras son buenas. Buen piso, buenas curvas aunque con bastante tr\u00e1fico, pero muy muy divertido. Esta zona parece m\u00e1s tur\u00edstica, se ve m\u00e1s gente en todos lados y los pueblos tienen m\u00e1s barullo, son m\u00e1s grandes y hay puestos por doquier. Nos acercamos al lago Titisee, mucha gente por todos lados, acabamos de salir y no nos apetece hacer una parada larga tenemos un d\u00eda largo por delante, as\u00ed que paramos a hacer unas fotos y admirar el lago y seguimos.<\/p>\n<p><img data-recalc-dims=\"1\" loading=\"lazy\" decoding=\"async\" class=\"wp-image-1041 size-thumbnail aligncenter\" src=\"https:\/\/i0.wp.com\/www.notanoverlander.com\/wp-content\/uploads\/2018\/05\/IMG_0914.jpg?resize=886%2C590&#038;ssl=1\" width=\"886\" height=\"590\" data-temp-aztec-id=\"a145306a-e9d0-4cd4-a37d-30dcf93aec25\" alt=\"\" srcset=\"https:\/\/i0.wp.com\/www.notanoverlander.com\/wp-content\/uploads\/2018\/05\/IMG_0914.jpg?w=886&amp;ssl=1 886w, https:\/\/i0.wp.com\/www.notanoverlander.com\/wp-content\/uploads\/2018\/05\/IMG_0914.jpg?resize=300%2C200&amp;ssl=1 300w, https:\/\/i0.wp.com\/www.notanoverlander.com\/wp-content\/uploads\/2018\/05\/IMG_0914.jpg?resize=768%2C511&amp;ssl=1 768w, https:\/\/i0.wp.com\/www.notanoverlander.com\/wp-content\/uploads\/2018\/05\/IMG_0914.jpg?resize=451%2C300&amp;ssl=1 451w\" sizes=\"auto, (max-width: 886px) 100vw, 886px\" \/><\/p>\n<p>La ruta nos lleva ahora hacia Triberg. Pasamos de una carretera buena a otra mejor, curvas, curvas y m\u00e1s curvas, buen asfalto y paisaje guap\u00edsimo. Al contrario que ayer, subimos y bajamos poco en altura, las carreteras son m\u00e1s anchas y, eso s\u00ed, hay m\u00e1s tr\u00e1fico, sobre todo de motos.<\/p>\n<p>En un momento determinado el GPS nos pide que nos desviemos a la izquierda&#8230; No queremos, esta carretera mola demasiado as\u00ed que seguimos. Al llegar a un pueblo donde vemos indicaciones hacia Triberg, las seguimos e ignoramos al GPS, que no cesa en su empe\u00f1o de hacernos dar la vuelta. Por supuesto en el camino nos perdemos un par de veces y damos unas cuantas veces la vuelta.<\/p>\n<p>Llegamos por fin a Triberg, buscamos las indicaciones del reloj de cuco, famoso por ser el m\u00e1s grande del mundo.<\/p>\n<p><img data-recalc-dims=\"1\" loading=\"lazy\" decoding=\"async\" class=\"size-thumbnail aligncenter wp-image-1039\" src=\"https:\/\/i0.wp.com\/www.notanoverlander.com\/wp-content\/uploads\/2018\/05\/IMG_0916.jpg?resize=590%2C886&#038;ssl=1\" width=\"590\" height=\"886\" alt=\"\" srcset=\"https:\/\/i0.wp.com\/www.notanoverlander.com\/wp-content\/uploads\/2018\/05\/IMG_0916.jpg?w=590&amp;ssl=1 590w, https:\/\/i0.wp.com\/www.notanoverlander.com\/wp-content\/uploads\/2018\/05\/IMG_0916.jpg?resize=200%2C300&amp;ssl=1 200w\" sizes=\"auto, (max-width: 590px) 100vw, 590px\" \/><\/p>\n<p>Lo encontramos :), en realidad est\u00e1 fuera del pueblo. Cuando llegamos mucha gente est\u00e1 esperando mirando al reloj. No nos damos cuenta hasta que empieza a sonar, son las tres!! Y sale el cuco ?. Un consejo, si quer\u00e9is verlo bien, id a las 12 \ud83d\ude09<\/p>\n<p><img data-recalc-dims=\"1\" loading=\"lazy\" decoding=\"async\" class=\"alignnone wp-image-1050 size-full\" src=\"https:\/\/i0.wp.com\/www.notanoverlander.com\/wp-content\/uploads\/2018\/05\/img_09191864653078.jpg?resize=590%2C886&#038;ssl=1\" width=\"590\" height=\"886\" alt=\"\" srcset=\"https:\/\/i0.wp.com\/www.notanoverlander.com\/wp-content\/uploads\/2018\/05\/img_09191864653078.jpg?w=590&amp;ssl=1 590w, https:\/\/i0.wp.com\/www.notanoverlander.com\/wp-content\/uploads\/2018\/05\/img_09191864653078.jpg?resize=200%2C300&amp;ssl=1 200w\" sizes=\"auto, (max-width: 590px) 100vw, 590px\" \/><\/p>\n<p>Hace mucho calor, la moto marca 27\u00b0 y estar en movimiento es la \u00fanica manera de refrescarse un poco, as\u00ed que volvemos a la carretera.<\/p>\n<p>De nuevo ignoramos el GPS a ratos, ya que las carreteras por las que circulamos son muy buenas y no queremos abandonarlas.<\/p>\n<p>Empezamos a tener hambre as\u00ed que tras dar un par de vueltas al centro de un pueblo vemos una terraza vac\u00eda y nos detenemos. Est\u00e1 abierto! Nos sentamos al sol, pedimos la comida y nos tomamos una bebida fr\u00eda. No dejan de pasar motos por el pueblo.<\/p>\n<p>Con el est\u00f3mago lleno arrancamos de nuevo el GPS nos la l\u00eda de nuevo y lo ignoramos otra vez :). Seguimos por una carretera muy buena, entre \u00e1rboles, hacia arriba y hacia abajo. Volvemos a conectar con la ruta planificada y despu\u00e9s de unos cuantos kil\u00f3metros al sol, debemos desviarnos a la izquierda&#8230; Pero es que est\u00e1 carretera&#8230; Va&#8230; Seguimos. En el siguiente pueblo vemos que, ahora s\u00ed, no hay m\u00e1s remedio que hacer caso al GPS.<\/p>\n<p>Pasa el tiempo y los kms. estamos cansados y hace mucho calor necesitamos un refrigerio, intentamos en varios pueblos sin \u00e9xito, as\u00ed que seguimos. Nos adentramos de nuevo en el bosque curva va, curva viene, de pronto en el medio de la nada, entre los \u00e1rboles, es eso una terraza de bar?.. lo es! Para nosotros fue como encontrar un Oasis en el medio del desierto. No solo por el calor que ten\u00edamos, tambi\u00e9n por lo bonito y rec\u00f3ndito del lugar. La guinda fue que la camarera hablaba ingl\u00e9s, as\u00ed que pasamos un buen rato descansando y cargando pilas.<\/p>\n<p><img data-recalc-dims=\"1\" loading=\"lazy\" decoding=\"async\" class=\"wp-image-1043 size-thumbnail aligncenter\" src=\"https:\/\/i0.wp.com\/www.notanoverlander.com\/wp-content\/uploads\/2018\/05\/IMG_20180513_080343-1773x1412.jpg?resize=1773%2C1412&#038;ssl=1\" width=\"1773\" height=\"1412\" alt=\"\" srcset=\"https:\/\/i0.wp.com\/www.notanoverlander.com\/wp-content\/uploads\/2018\/05\/IMG_20180513_080343-1773x1412.jpg?resize=1773%2C1412&amp;ssl=1 1773w, https:\/\/i0.wp.com\/www.notanoverlander.com\/wp-content\/uploads\/2018\/05\/IMG_20180513_080343-1773x1412.jpg?resize=300%2C239&amp;ssl=1 300w, https:\/\/i0.wp.com\/www.notanoverlander.com\/wp-content\/uploads\/2018\/05\/IMG_20180513_080343-1773x1412.jpg?resize=768%2C612&amp;ssl=1 768w, https:\/\/i0.wp.com\/www.notanoverlander.com\/wp-content\/uploads\/2018\/05\/IMG_20180513_080343-1773x1412.jpg?resize=377%2C300&amp;ssl=1 377w\" sizes=\"auto, (max-width: 1000px) 100vw, 1000px\" \/><\/p>\n<p>De nuevo en marcha, quedaba poco para llegar a Rastatt, acortamos un poco el \u00faltimo tramo para no retrasarnos m\u00e1s.<\/p>\n<p>Llegamos al hotel, situado en una especie de pol\u00edgono industrial, dejamos todo y fuimos a cenar a un italiano que estaba justo enfrente. Estamos reventados, el calor y las pendientes arriba y abajo cansan una barbaridad, pero hemos disfrutado de un d\u00eda tremendo.<\/p>\n<p>Salimos de cenar y empieza a llover. El momento justo!!! Que gran fin de semana.<\/p>\n<p>Ma\u00f1ana domingo toca volver ser\u00e1 paliza con mucha autopista, pero ha merecido la pena.<\/p>\n","protected":false},"excerpt":{"rendered":"<p>Los p\u00e1jaros canturrean como si estuviesen dentro de la habitaci\u00f3n, podr\u00eda sonar id\u00edlico pero&#8230; Son las 5 de la ma\u00f1ana y adem\u00e1s del sonido del p\u00edo p\u00edo, hace un fr\u00edo tremendo: nos hemos dejado la ventana abierta! La cierro y a dormir. Tres horas despu\u00e9s estamos en marcha, desayuno, cerrar maletas, ojear la previsi\u00f3n del [&hellip;]<\/p>\n","protected":false},"author":1,"featured_media":1041,"comment_status":"open","ping_status":"open","sticky":false,"template":"","format":"standard","meta":{"_jetpack_newsletter_access":"","_jetpack_dont_email_post_to_subs":false,"_jetpack_newsletter_tier_id":0,"_jetpack_memberships_contains_paywalled_content":false,"_jetpack_feature_clip_id":0,"_jetpack_memberships_contains_paid_content":false,"footnotes":"","jetpack_publicize_message":"","jetpack_publicize_feature_enabled":true,"jetpack_social_post_already_shared":true,"jetpack_social_options":{"image_generator_settings":{"template":"highway","default_image_id":0,"font":"","enabled":false},"version":2},"jetpack_post_was_ever_published":false},"categories":[26,6],"tags":[],"class_list":["post-1038","post","type-post","status-publish","format-standard","has-post-thumbnail","hentry","category-selva-negra","category-viajes"],"translation":{"provider":"WPGlobus","version":"3.0.5","language":"es","enabled_languages":["es"],"languages":{"es":{"title":true,"content":true,"excerpt":false}}},"aioseo_notices":[],"aioseo_head":"\n\t\t<!-- All in One SEO 5.0.1.1 - aioseo.com -->\n\t<meta name=\"robots\" content=\"max-image-preview:large\" \/>\n\t<meta name=\"author\" content=\"Daviz\"\/>\n\t<meta name=\"google-site-verification\" content=\"rgL4cG7lkS3Or5dFWhIEkt-UqRz-5d7tYVEOFvb7tF8\" \/>\n\t<link rel=\"canonical\" href=\"https:\/\/www.notanoverlander.com\/index.php\/2018\/05\/14\/selva-negra-glottertal-rastatt\/\" \/>\n\t<meta name=\"generator\" content=\"All in One SEO (AIOSEO) 5.0.1.1\" \/>\n\t\t<script type=\"application\/ld+json\" class=\"aioseo-schema\">\n\t\t\t{\"@context\":\"https:\\\/\\\/schema.org\",\"@graph\":[{\"@type\":\"Article\",\"@id\":\"https:\\\/\\\/www.notanoverlander.com\\\/index.php\\\/2018\\\/05\\\/14\\\/selva-negra-glottertal-rastatt\\\/#article\",\"name\":\"Selva negra: Glottertal \\u2013 Rastatt | NotAnOverlander\",\"headline\":\"Selva negra: Glottertal &#8211; Rastatt\",\"author\":{\"@id\":\"https:\\\/\\\/www.notanoverlander.com\\\/index.php\\\/author\\\/daviz\\\/#author\"},\"publisher\":{\"@id\":\"https:\\\/\\\/www.notanoverlander.com\\\/#person\"},\"image\":{\"@type\":\"ImageObject\",\"url\":\"https:\\\/\\\/i0.wp.com\\\/www.notanoverlander.com\\\/wp-content\\\/uploads\\\/2018\\\/05\\\/IMG_0914.jpg?fit=886%2C590&ssl=1\",\"width\":886,\"height\":590},\"datePublished\":\"2018-05-14T12:52:25+02:00\",\"dateModified\":\"2018-05-14T12:52:28+02:00\",\"inLanguage\":\"es-ES\",\"commentCount\":4,\"mainEntityOfPage\":{\"@id\":\"https:\\\/\\\/www.notanoverlander.com\\\/index.php\\\/2018\\\/05\\\/14\\\/selva-negra-glottertal-rastatt\\\/#webpage\"},\"isPartOf\":{\"@id\":\"https:\\\/\\\/www.notanoverlander.com\\\/index.php\\\/2018\\\/05\\\/14\\\/selva-negra-glottertal-rastatt\\\/#webpage\"},\"articleSection\":\"Selva Negra, Viajes\"},{\"@type\":\"BreadcrumbList\",\"@id\":\"https:\\\/\\\/www.notanoverlander.com\\\/index.php\\\/2018\\\/05\\\/14\\\/selva-negra-glottertal-rastatt\\\/#breadcrumblist\",\"itemListElement\":[{\"@type\":\"ListItem\",\"@id\":\"https:\\\/\\\/www.notanoverlander.com#listItem\",\"position\":1,\"name\":\"Inicio\",\"item\":\"https:\\\/\\\/www.notanoverlander.com\",\"nextItem\":{\"@type\":\"ListItem\",\"@id\":\"https:\\\/\\\/www.notanoverlander.com\\\/index.php\\\/category\\\/viajes\\\/#listItem\",\"name\":\"Viajes\"}},{\"@type\":\"ListItem\",\"@id\":\"https:\\\/\\\/www.notanoverlander.com\\\/index.php\\\/category\\\/viajes\\\/#listItem\",\"position\":2,\"name\":\"Viajes\",\"item\":\"https:\\\/\\\/www.notanoverlander.com\\\/index.php\\\/category\\\/viajes\\\/\",\"nextItem\":{\"@type\":\"ListItem\",\"@id\":\"https:\\\/\\\/www.notanoverlander.com\\\/index.php\\\/category\\\/viajes\\\/selva-negra\\\/#listItem\",\"name\":\"Selva Negra\"},\"previousItem\":{\"@type\":\"ListItem\",\"@id\":\"https:\\\/\\\/www.notanoverlander.com#listItem\",\"name\":\"Inicio\"}},{\"@type\":\"ListItem\",\"@id\":\"https:\\\/\\\/www.notanoverlander.com\\\/index.php\\\/category\\\/viajes\\\/selva-negra\\\/#listItem\",\"position\":3,\"name\":\"Selva Negra\",\"item\":\"https:\\\/\\\/www.notanoverlander.com\\\/index.php\\\/category\\\/viajes\\\/selva-negra\\\/\",\"nextItem\":{\"@type\":\"ListItem\",\"@id\":\"https:\\\/\\\/www.notanoverlander.com\\\/index.php\\\/2018\\\/05\\\/14\\\/selva-negra-glottertal-rastatt\\\/#listItem\",\"name\":\"Selva negra: Glottertal &#8211; Rastatt\"},\"previousItem\":{\"@type\":\"ListItem\",\"@id\":\"https:\\\/\\\/www.notanoverlander.com\\\/index.php\\\/category\\\/viajes\\\/#listItem\",\"name\":\"Viajes\"}},{\"@type\":\"ListItem\",\"@id\":\"https:\\\/\\\/www.notanoverlander.com\\\/index.php\\\/2018\\\/05\\\/14\\\/selva-negra-glottertal-rastatt\\\/#listItem\",\"position\":4,\"name\":\"Selva negra: Glottertal &#8211; Rastatt\",\"previousItem\":{\"@type\":\"ListItem\",\"@id\":\"https:\\\/\\\/www.notanoverlander.com\\\/index.php\\\/category\\\/viajes\\\/selva-negra\\\/#listItem\",\"name\":\"Selva Negra\"}}]},{\"@type\":\"Person\",\"@id\":\"https:\\\/\\\/www.notanoverlander.com\\\/#person\",\"name\":\"David\",\"image\":\"https:\\\/\\\/www.notanoverlander.com\\\/wp-content\\\/uploads\\\/2017\\\/05\\\/logoNAO.png\",\"sameAs\":[\"https:\\\/\\\/facebook.com\\\/NotanOverlander\",\"https:\\\/\\\/x.com\\\/NotanOverlander\",\"https:\\\/\\\/instagram.com\\\/NotanOverlander\",\"https:\\\/\\\/www.youtube.com\\\/channel\\\/UCvc1e5xDGI3ZbDNei9TnpDw\"]},{\"@type\":\"Person\",\"@id\":\"https:\\\/\\\/www.notanoverlander.com\\\/index.php\\\/author\\\/daviz\\\/#author\",\"url\":\"https:\\\/\\\/www.notanoverlander.com\\\/index.php\\\/author\\\/daviz\\\/\",\"name\":\"Daviz\",\"image\":{\"@type\":\"ImageObject\",\"@id\":\"https:\\\/\\\/www.notanoverlander.com\\\/index.php\\\/2018\\\/05\\\/14\\\/selva-negra-glottertal-rastatt\\\/#authorImage\",\"url\":\"https:\\\/\\\/secure.gravatar.com\\\/avatar\\\/2c29c3b0163f4585d6a605f3db00c13569b8c4b2cc1b5476a605d3ac3be9982f?s=96&d=mm&r=g\",\"width\":96,\"height\":96,\"caption\":\"Daviz\"}},{\"@type\":\"WebPage\",\"@id\":\"https:\\\/\\\/www.notanoverlander.com\\\/index.php\\\/2018\\\/05\\\/14\\\/selva-negra-glottertal-rastatt\\\/#webpage\",\"url\":\"https:\\\/\\\/www.notanoverlander.com\\\/index.php\\\/2018\\\/05\\\/14\\\/selva-negra-glottertal-rastatt\\\/\",\"name\":\"Selva negra: Glottertal \\u2013 Rastatt | NotAnOverlander\",\"inLanguage\":\"es-ES\",\"isPartOf\":{\"@id\":\"https:\\\/\\\/www.notanoverlander.com\\\/#website\"},\"breadcrumb\":{\"@id\":\"https:\\\/\\\/www.notanoverlander.com\\\/index.php\\\/2018\\\/05\\\/14\\\/selva-negra-glottertal-rastatt\\\/#breadcrumblist\"},\"author\":{\"@id\":\"https:\\\/\\\/www.notanoverlander.com\\\/index.php\\\/author\\\/daviz\\\/#author\"},\"creator\":{\"@id\":\"https:\\\/\\\/www.notanoverlander.com\\\/index.php\\\/author\\\/daviz\\\/#author\"},\"image\":{\"@type\":\"ImageObject\",\"url\":\"https:\\\/\\\/i0.wp.com\\\/www.notanoverlander.com\\\/wp-content\\\/uploads\\\/2018\\\/05\\\/IMG_0914.jpg?fit=886%2C590&ssl=1\",\"@id\":\"https:\\\/\\\/www.notanoverlander.com\\\/index.php\\\/2018\\\/05\\\/14\\\/selva-negra-glottertal-rastatt\\\/#mainImage\",\"width\":886,\"height\":590},\"primaryImageOfPage\":{\"@id\":\"https:\\\/\\\/www.notanoverlander.com\\\/index.php\\\/2018\\\/05\\\/14\\\/selva-negra-glottertal-rastatt\\\/#mainImage\"},\"datePublished\":\"2018-05-14T12:52:25+02:00\",\"dateModified\":\"2018-05-14T12:52:28+02:00\"},{\"@type\":\"WebSite\",\"@id\":\"https:\\\/\\\/www.notanoverlander.com\\\/#website\",\"url\":\"https:\\\/\\\/www.notanoverlander.com\\\/\",\"name\":\"{:es}NotAnOverlander{:}{:en}NotAnOverlander{:}\",\"description\":\"NotAnOverlander\",\"inLanguage\":\"es-ES\",\"publisher\":{\"@id\":\"https:\\\/\\\/www.notanoverlander.com\\\/#person\"}}]}\n\t\t<\/script>\n\t\t<!-- All in One SEO -->\n\n","aioseo_head_json":{"title":"Selva negra: Glottertal \u2013 Rastatt | NotAnOverlander","description":"","canonical_url":"https:\/\/www.notanoverlander.com\/index.php\/2018\/05\/14\/selva-negra-glottertal-rastatt\/","robots":"max-image-preview:large","keywords":"","webmasterTools":{"google-site-verification":"rgL4cG7lkS3Or5dFWhIEkt-UqRz-5d7tYVEOFvb7tF8","miscellaneous":""},"schema":{"@context":"https:\/\/schema.org","@graph":[{"@type":"Article","@id":"https:\/\/www.notanoverlander.com\/index.php\/2018\/05\/14\/selva-negra-glottertal-rastatt\/#article","name":"Selva negra: Glottertal \u2013 Rastatt | NotAnOverlander","headline":"Selva negra: Glottertal &#8211; Rastatt","author":{"@id":"https:\/\/www.notanoverlander.com\/index.php\/author\/daviz\/#author"},"publisher":{"@id":"https:\/\/www.notanoverlander.com\/#person"},"image":{"@type":"ImageObject","url":"https:\/\/i0.wp.com\/www.notanoverlander.com\/wp-content\/uploads\/2018\/05\/IMG_0914.jpg?fit=886%2C590&ssl=1","width":886,"height":590},"datePublished":"2018-05-14T12:52:25+02:00","dateModified":"2018-05-14T12:52:28+02:00","inLanguage":"es-ES","commentCount":4,"mainEntityOfPage":{"@id":"https:\/\/www.notanoverlander.com\/index.php\/2018\/05\/14\/selva-negra-glottertal-rastatt\/#webpage"},"isPartOf":{"@id":"https:\/\/www.notanoverlander.com\/index.php\/2018\/05\/14\/selva-negra-glottertal-rastatt\/#webpage"},"articleSection":"Selva Negra, Viajes"},{"@type":"BreadcrumbList","@id":"https:\/\/www.notanoverlander.com\/index.php\/2018\/05\/14\/selva-negra-glottertal-rastatt\/#breadcrumblist","itemListElement":[{"@type":"ListItem","@id":"https:\/\/www.notanoverlander.com#listItem","position":1,"name":"Inicio","item":"https:\/\/www.notanoverlander.com","nextItem":{"@type":"ListItem","@id":"https:\/\/www.notanoverlander.com\/index.php\/category\/viajes\/#listItem","name":"Viajes"}},{"@type":"ListItem","@id":"https:\/\/www.notanoverlander.com\/index.php\/category\/viajes\/#listItem","position":2,"name":"Viajes","item":"https:\/\/www.notanoverlander.com\/index.php\/category\/viajes\/","nextItem":{"@type":"ListItem","@id":"https:\/\/www.notanoverlander.com\/index.php\/category\/viajes\/selva-negra\/#listItem","name":"Selva Negra"},"previousItem":{"@type":"ListItem","@id":"https:\/\/www.notanoverlander.com#listItem","name":"Inicio"}},{"@type":"ListItem","@id":"https:\/\/www.notanoverlander.com\/index.php\/category\/viajes\/selva-negra\/#listItem","position":3,"name":"Selva Negra","item":"https:\/\/www.notanoverlander.com\/index.php\/category\/viajes\/selva-negra\/","nextItem":{"@type":"ListItem","@id":"https:\/\/www.notanoverlander.com\/index.php\/2018\/05\/14\/selva-negra-glottertal-rastatt\/#listItem","name":"Selva negra: Glottertal &#8211; Rastatt"},"previousItem":{"@type":"ListItem","@id":"https:\/\/www.notanoverlander.com\/index.php\/category\/viajes\/#listItem","name":"Viajes"}},{"@type":"ListItem","@id":"https:\/\/www.notanoverlander.com\/index.php\/2018\/05\/14\/selva-negra-glottertal-rastatt\/#listItem","position":4,"name":"Selva negra: Glottertal &#8211; Rastatt","previousItem":{"@type":"ListItem","@id":"https:\/\/www.notanoverlander.com\/index.php\/category\/viajes\/selva-negra\/#listItem","name":"Selva Negra"}}]},{"@type":"Person","@id":"https:\/\/www.notanoverlander.com\/#person","name":"David","image":"https:\/\/www.notanoverlander.com\/wp-content\/uploads\/2017\/05\/logoNAO.png","sameAs":["https:\/\/facebook.com\/NotanOverlander","https:\/\/x.com\/NotanOverlander","https:\/\/instagram.com\/NotanOverlander","https:\/\/www.youtube.com\/channel\/UCvc1e5xDGI3ZbDNei9TnpDw"]},{"@type":"Person","@id":"https:\/\/www.notanoverlander.com\/index.php\/author\/daviz\/#author","url":"https:\/\/www.notanoverlander.com\/index.php\/author\/daviz\/","name":"Daviz","image":{"@type":"ImageObject","@id":"https:\/\/www.notanoverlander.com\/index.php\/2018\/05\/14\/selva-negra-glottertal-rastatt\/#authorImage","url":"https:\/\/secure.gravatar.com\/avatar\/2c29c3b0163f4585d6a605f3db00c13569b8c4b2cc1b5476a605d3ac3be9982f?s=96&d=mm&r=g","width":96,"height":96,"caption":"Daviz"}},{"@type":"WebPage","@id":"https:\/\/www.notanoverlander.com\/index.php\/2018\/05\/14\/selva-negra-glottertal-rastatt\/#webpage","url":"https:\/\/www.notanoverlander.com\/index.php\/2018\/05\/14\/selva-negra-glottertal-rastatt\/","name":"Selva negra: Glottertal \u2013 Rastatt | NotAnOverlander","inLanguage":"es-ES","isPartOf":{"@id":"https:\/\/www.notanoverlander.com\/#website"},"breadcrumb":{"@id":"https:\/\/www.notanoverlander.com\/index.php\/2018\/05\/14\/selva-negra-glottertal-rastatt\/#breadcrumblist"},"author":{"@id":"https:\/\/www.notanoverlander.com\/index.php\/author\/daviz\/#author"},"creator":{"@id":"https:\/\/www.notanoverlander.com\/index.php\/author\/daviz\/#author"},"image":{"@type":"ImageObject","url":"https:\/\/i0.wp.com\/www.notanoverlander.com\/wp-content\/uploads\/2018\/05\/IMG_0914.jpg?fit=886%2C590&ssl=1","@id":"https:\/\/www.notanoverlander.com\/index.php\/2018\/05\/14\/selva-negra-glottertal-rastatt\/#mainImage","width":886,"height":590},"primaryImageOfPage":{"@id":"https:\/\/www.notanoverlander.com\/index.php\/2018\/05\/14\/selva-negra-glottertal-rastatt\/#mainImage"},"datePublished":"2018-05-14T12:52:25+02:00","dateModified":"2018-05-14T12:52:28+02:00"},{"@type":"WebSite","@id":"https:\/\/www.notanoverlander.com\/#website","url":"https:\/\/www.notanoverlander.com\/","name":"{:es}NotAnOverlander{:}{:en}NotAnOverlander{:}","description":"NotAnOverlander","inLanguage":"es-ES","publisher":{"@id":"https:\/\/www.notanoverlander.com\/#person"}}]}},"aioseo_meta_data":{"post_id":"1038","title":null,"description":null,"keywords":null,"keyphrases":null,"primary_term":null,"canonical_url":null,"og_title":null,"og_description":null,"og_object_type":"default","og_image_type":"default","og_image_url":null,"og_image_width":null,"og_image_height":null,"og_image_custom_url":null,"og_image_custom_fields":null,"og_video":null,"og_custom_url":null,"og_article_section":null,"og_article_tags":null,"twitter_use_og":false,"twitter_card":"default","twitter_image_type":"default","twitter_image_url":null,"twitter_image_custom_url":null,"twitter_image_custom_fields":null,"twitter_title":null,"twitter_description":null,"schema":{"blockGraphs":[],"customGraphs":[],"default":{"data":{"Article":[],"Course":[],"Dataset":[],"FAQPage":[],"Movie":[],"Person":[],"Product":[],"ProductReview":[],"Car":[],"Recipe":[],"Service":[],"SoftwareApplication":[],"WebPage":[]},"graphName":"","isEnabled":true},"graphs":[]},"schema_type":null,"schema_type_options":null,"pillar_content":false,"robots_default":true,"robots_noindex":false,"robots_noarchive":false,"robots_nosnippet":false,"robots_nofollow":false,"robots_noimageindex":false,"robots_noodp":false,"robots_notranslate":false,"robots_max_snippet":null,"robots_max_videopreview":null,"robots_max_imagepreview":"large","priority":null,"frequency":null,"local_seo":null,"breadcrumb_settings":null,"limit_modified_date":false,"ai":null,"created":"2020-12-22 08:47:38","updated":"2022-09-19 07:16:47","seo_analyzer_scan_date":null,"focus_keyword":null,"additional_keywords":null,"truseo_locale":null},"jetpack_publicize_connections":[],"jetpack_sharing_enabled":true,"jetpack_likes_enabled":true,"jetpack-related-posts":[],"jetpack_featured_media_url":"https:\/\/i0.wp.com\/www.notanoverlander.com\/wp-content\/uploads\/2018\/05\/IMG_0914.jpg?fit=886%2C590&ssl=1","_links":{"self":[{"href":"https:\/\/www.notanoverlander.com\/index.php\/wp-json\/wp\/v2\/posts\/1038","targetHints":{"allow":["GET"]}}],"collection":[{"href":"https:\/\/www.notanoverlander.com\/index.php\/wp-json\/wp\/v2\/posts"}],"about":[{"href":"https:\/\/www.notanoverlander.com\/index.php\/wp-json\/wp\/v2\/types\/post"}],"author":[{"embeddable":true,"href":"https:\/\/www.notanoverlander.com\/index.php\/wp-json\/wp\/v2\/users\/1"}],"replies":[{"embeddable":true,"href":"https:\/\/www.notanoverlander.com\/index.php\/wp-json\/wp\/v2\/comments?post=1038"}],"version-history":[{"count":9,"href":"https:\/\/www.notanoverlander.com\/index.php\/wp-json\/wp\/v2\/posts\/1038\/revisions"}],"predecessor-version":[{"id":1056,"href":"https:\/\/www.notanoverlander.com\/index.php\/wp-json\/wp\/v2\/posts\/1038\/revisions\/1056"}],"wp:featuredmedia":[{"embeddable":true,"href":"https:\/\/www.notanoverlander.com\/index.php\/wp-json\/wp\/v2\/media\/1041"}],"wp:attachment":[{"href":"https:\/\/www.notanoverlander.com\/index.php\/wp-json\/wp\/v2\/media?parent=1038"}],"wp:term":[{"taxonomy":"category","embeddable":true,"href":"https:\/\/www.notanoverlander.com\/index.php\/wp-json\/wp\/v2\/categories?post=1038"},{"taxonomy":"post_tag","embeddable":true,"href":"https:\/\/www.notanoverlander.com\/index.php\/wp-json\/wp\/v2\/tags?post=1038"}],"curies":[{"name":"wp","href":"https:\/\/api.w.org\/{rel}","templated":true}]}}