{"id":119,"date":"2016-07-27T18:58:08","date_gmt":"2016-07-27T18:58:08","guid":{"rendered":"https:\/\/notanoverlander.wordpress.com\/?p=119"},"modified":"2017-02-14T19:52:41","modified_gmt":"2017-02-14T19:52:41","slug":"nubes-y-claros-aprovechando-el-sol-cuando-sale","status":"publish","type":"post","link":"https:\/\/www.notanoverlander.com\/index.php\/2016\/07\/27\/nubes-y-claros-aprovechando-el-sol-cuando-sale\/","title":{"rendered":"Nubes y claros, aprovechando el sol cuando sale."},"content":{"rendered":"\n<!-- Facebook Like Button v1.9.6 BEGIN [http:\/\/blog.bottomlessinc.com] -->\n<iframe src=\"http:\/\/www.facebook.com\/plugins\/like.php?href=https%3A%2F%2Fwww.notanoverlander.com%2Findex.php%2F2016%2F07%2F27%2Fnubes-y-claros-aprovechando-el-sol-cuando-sale%2F&amp;layout=standard&amp;show_faces=false&amp;width=450&amp;action=like&amp;colorscheme=light\" scrolling=\"no\" frameborder=\"0\" allowTransparency=\"true\" style=\"border:none; overflow:hidden; width:450px; height: 30px; align: left; margin: 2px 0px 2px 0px\"><\/iframe>\n<!-- Facebook Like Button END -->\n<div class=\"sf-social-icon-list\">\n<table border=\"0\" cellspacing=\"0\" cellpadding=\"\">\n<td style=\"padding: 1px\"><a href='https:\/\/www.twitter.com\/notanoverlander' target='parent'><img data-recalc-dims=\"1\" decoding=\"async\" src=\"https:\/\/i0.wp.com\/www.notanoverlander.com\/wp-content\/plugins\/free-social-media-icons\/assets\/icons\/Cute%20Icons\/Twitter.png?ssl=1\" class=\"sf-social-icon\" style=\"width: 32px; height: 32px; max-width: 32px\" \/><\/a><\/td>\n<\/table>\n<\/div><p style=\"text-align: justify;\">Aunque los planes iniciales eran ir al norte a ver a un amigo motero. La ma\u00f1ana del s\u00e1bado se despert\u00f3 nublada y con toda la aparente intenci\u00f3n de comenzar a llover. As\u00ed que, despu\u00e9s de cancelar los planes, nos lo tomamos con calma y nos dispusimos a ir a conocer algo m\u00e1s de La Haya.<\/p>\n<p style=\"text-align: justify;\">Pero cuando ya la esperanza estaba perdida, las nubes se despejaron y el radiante sol nos oblig\u00f3 a cambiar de planes de nuevo. Ya era tarde para irse de viaje al norte as\u00ed que decid\u00edmos volver a la playa que tanto nos hab\u00eda gustado.<\/p>\n<p>25 minutos despu\u00e9s llegamos al aparcamiento de motos de nuevo y dada la hora y que ya se nos hab\u00eda olvidado el desayuno del buffet, comimos en el restaurante situado justo en frente del parking. (<a href=\"https:\/\/www.google.es\/maps\/place\/Paviljoen+De+Oase\/@51.998939,4.1339104,17.5z\/data=!4m13!1m7!3m6!1s0x47c5adb79e4fd393:0x6ae198351de1e583!2sElements+Beach!3b1!8m2!3d52.002368!4d4.127098!3m4!1s0x0:0x8f0d39ca1fb47cc2!8m2!3d51.9983881!4d4.1339158\" target=\"_blank\">aqu\u00ed, para m\u00e1s se\u00f1as<\/a>)<\/p>\n<p><a href=\"https:\/\/i0.wp.com\/www.notanoverlander.com\/wp-content\/uploads\/2016\/07\/wp-image-1062291442jpg.jpg\"><img data-recalc-dims=\"1\" loading=\"lazy\" decoding=\"async\" class=\"wp-image-121 alignnone size-full\" src=\"https:\/\/i0.wp.com\/www.notanoverlander.com\/wp-content\/uploads\/2016\/07\/wp-image-1062291442jpg.jpg?resize=2000%2C1500\" alt=\"\" width=\"2000\" height=\"1500\" srcset=\"https:\/\/i0.wp.com\/www.notanoverlander.com\/wp-content\/uploads\/2016\/07\/wp-image-1062291442jpg.jpg?w=2000&amp;ssl=1 2000w, https:\/\/i0.wp.com\/www.notanoverlander.com\/wp-content\/uploads\/2016\/07\/wp-image-1062291442jpg.jpg?resize=300%2C225&amp;ssl=1 300w, https:\/\/i0.wp.com\/www.notanoverlander.com\/wp-content\/uploads\/2016\/07\/wp-image-1062291442jpg.jpg?resize=768%2C576&amp;ssl=1 768w, https:\/\/i0.wp.com\/www.notanoverlander.com\/wp-content\/uploads\/2016\/07\/wp-image-1062291442jpg.jpg?resize=1024%2C768&amp;ssl=1 1024w, https:\/\/i0.wp.com\/www.notanoverlander.com\/wp-content\/uploads\/2016\/07\/wp-image-1062291442jpg.jpg?resize=1200%2C900&amp;ssl=1 1200w\" sizes=\"auto, (max-width: 1000px) 100vw, 1000px\" \/><\/a><\/p>\n<p>Brisita fresca, bebida fria y comida &#8230; casi el para\u00edso.<\/p>\n<p style=\"text-align: justify;\">Con el hambre saciada, recorrimos de nuevo el paseo hasta la playa, ya conocido, imaginando lo que \u00abmolaria\u00bb tener una casita en la urbanizacion que esta justo en la entrada y pensando en cuando volver.<\/p>\n<p style=\"text-align: justify;\"><img data-recalc-dims=\"1\" loading=\"lazy\" decoding=\"async\" class=\" size-full wp-image-134 aligncenter\" src=\"https:\/\/i0.wp.com\/www.notanoverlander.com\/wp-content\/uploads\/2016\/07\/pano_20160723_131439.jpg?resize=1704%2C672\" alt=\"pano_20160723_131439.jpg\" width=\"1704\" height=\"672\" srcset=\"https:\/\/i0.wp.com\/www.notanoverlander.com\/wp-content\/uploads\/2016\/07\/pano_20160723_131439.jpg?w=1704&amp;ssl=1 1704w, https:\/\/i0.wp.com\/www.notanoverlander.com\/wp-content\/uploads\/2016\/07\/pano_20160723_131439.jpg?resize=300%2C118&amp;ssl=1 300w, https:\/\/i0.wp.com\/www.notanoverlander.com\/wp-content\/uploads\/2016\/07\/pano_20160723_131439.jpg?resize=768%2C303&amp;ssl=1 768w, https:\/\/i0.wp.com\/www.notanoverlander.com\/wp-content\/uploads\/2016\/07\/pano_20160723_131439.jpg?resize=1024%2C404&amp;ssl=1 1024w, https:\/\/i0.wp.com\/www.notanoverlander.com\/wp-content\/uploads\/2016\/07\/pano_20160723_131439.jpg?resize=1200%2C473&amp;ssl=1 1200w\" sizes=\"auto, (max-width: 1000px) 100vw, 1000px\" \/><\/p>\n<p style=\"text-align: justify;\">\u00a0Unas horitas de descanso, siesta, marujeo de \u00abvecinos\u00bb y, sobre todo, relax en la playa sentaron muy bien.<\/p>\n<p style=\"text-align: justify;\">Pasada la tarde, volvimos al hotel a darnos una duchita y a salir a cenar, que nos lo hab\u00edamos ganado :). A pesar de nuestros intentos por llevar al GPS por el buen camino&#8230; \u00e9l siempre gana, como pod\u00e9is ver en la ruta que hicimos para ir a la playa.<\/p>\n<p style=\"text-align: justify;\"><img data-recalc-dims=\"1\" loading=\"lazy\" decoding=\"async\" class=\" wp-image-137 aligncenter\" src=\"https:\/\/i0.wp.com\/www.notanoverlander.com\/wp-content\/uploads\/2016\/07\/playasabado.jpg?resize=448%2C362\" alt=\"playaSabado\" width=\"448\" height=\"362\" srcset=\"https:\/\/i0.wp.com\/www.notanoverlander.com\/wp-content\/uploads\/2016\/07\/playasabado.jpg?w=906&amp;ssl=1 906w, https:\/\/i0.wp.com\/www.notanoverlander.com\/wp-content\/uploads\/2016\/07\/playasabado.jpg?resize=300%2C243&amp;ssl=1 300w, https:\/\/i0.wp.com\/www.notanoverlander.com\/wp-content\/uploads\/2016\/07\/playasabado.jpg?resize=768%2C621&amp;ssl=1 768w\" sizes=\"auto, (max-width: 448px) 100vw, 448px\" \/><\/p>\n<p style=\"text-align: justify;\">Echados ya a la calle para buscar viandas que ingerir y dado que ya era tarde para nuestros amigos holandeses, decidimos ir al mismo sitio en el que ya hab\u00edamos estado el primer d\u00eda. Se llama <a href=\"http:\/\/leconnaisseur.nl\/\">Le Connaiseur<\/a>\u00a0y merece la pena visitarlo. Aunque en la terraza se est\u00e1 estupendamente, esta vez decidimos entrar porque ya estaba refrescando y, por qu\u00e9 no decirlo, la terraza estaba vac\u00eda lo que era se\u00f1al\u00a0inequ\u00edvoca de que no era el mejor momento de terracear. El interior del sitio nos sorprendi\u00f3 mucho, merece la pena verlo. Tiene unas grandes ruedas met\u00e1licas en la parte posterior de la barra y gran altura ya que tiene dos plantas. Como digo, mejor verlo. \u00a0Los camareros muy majos, incluso el que nos atendi\u00f3 el jueves se acordaba de nuestro careto y de qu\u00e9 hab\u00edamos bebido.<\/p>\n<p style=\"text-align: justify;\">Una mesa ruidosa al lado de unas 15 personas (todas ya entraditas en a\u00f1os) que celebraban un cumplea\u00f1os o alg\u00fan tipo de aniversario, nos ameniz\u00f3 parte de la cena. El restaurante tiene un men\u00fa que te permite elegir entre primer y segundo plato, curiosamente la mayor\u00eda de los platos tienen nombre espa\u00f1ol (el primero de los segundos platos es \u00abLomo de Cerdo\u00bb).<\/p>\n<p style=\"text-align: justify;\">Paseo de vuelta hacia el hotel, que estaba a pocos metros del sitio y a preparar la maleta que ma\u00f1ana hay que volver a casa.<\/p>\n<p style=\"text-align: justify;\">\n","protected":false},"excerpt":{"rendered":"<p>Aunque los planes iniciales eran ir al norte a ver a un amigo motero. La ma\u00f1ana del s\u00e1bado se despert\u00f3 nublada y con toda la aparente intenci\u00f3n de comenzar a llover. As\u00ed que, despu\u00e9s de cancelar los planes, nos lo tomamos con calma y nos dispusimos a ir a conocer algo m\u00e1s de La Haya. [&hellip;]<\/p>\n","protected":false},"author":1,"featured_media":0,"comment_status":"open","ping_status":"open","sticky":false,"template":"","format":"standard","meta":{"_jetpack_newsletter_access":"","_jetpack_dont_email_post_to_subs":true,"_jetpack_newsletter_tier_id":0,"_jetpack_memberships_contains_paywalled_content":false,"_jetpack_feature_clip_id":0,"_jetpack_memberships_contains_paid_content":false,"footnotes":"","jetpack_publicize_message":"","jetpack_publicize_feature_enabled":true,"jetpack_social_post_already_shared":false,"jetpack_social_options":{"image_generator_settings":{"template":"highway","default_image_id":0,"font":"","enabled":false},"version":2},"jetpack_post_was_ever_published":false},"categories":[21,6],"tags":[8],"class_list":["post-119","post","type-post","status-publish","format-standard","hentry","category-la-haya-y-la-costa-holandesa","category-viajes","tag-holanda-la-haya-playa-moto"],"translation":{"provider":"WPGlobus","version":"3.0.5","language":"es","enabled_languages":["es"],"languages":{"es":{"title":true,"content":true,"excerpt":false}}},"aioseo_notices":[],"aioseo_head":"\n\t\t<!-- All in One SEO 5.0.1.1 - aioseo.com -->\n\t<meta name=\"robots\" content=\"max-image-preview:large\" \/>\n\t<meta name=\"author\" content=\"Daviz\"\/>\n\t<meta name=\"google-site-verification\" content=\"rgL4cG7lkS3Or5dFWhIEkt-UqRz-5d7tYVEOFvb7tF8\" \/>\n\t<link rel=\"canonical\" href=\"https:\/\/www.notanoverlander.com\/index.php\/2016\/07\/27\/nubes-y-claros-aprovechando-el-sol-cuando-sale\/\" \/>\n\t<meta name=\"generator\" content=\"All in One SEO (AIOSEO) 5.0.1.1\" \/>\n\t\t<script type=\"application\/ld+json\" class=\"aioseo-schema\">\n\t\t\t{\"@context\":\"https:\\\/\\\/schema.org\",\"@graph\":[{\"@type\":\"Article\",\"@id\":\"https:\\\/\\\/www.notanoverlander.com\\\/index.php\\\/2016\\\/07\\\/27\\\/nubes-y-claros-aprovechando-el-sol-cuando-sale\\\/#article\",\"name\":\"Nubes y claros, aprovechando el sol cuando sale. | NotAnOverlander\",\"headline\":\"Nubes y claros, aprovechando el sol cuando sale.\",\"author\":{\"@id\":\"https:\\\/\\\/www.notanoverlander.com\\\/index.php\\\/author\\\/daviz\\\/#author\"},\"publisher\":{\"@id\":\"https:\\\/\\\/www.notanoverlander.com\\\/#person\"},\"image\":{\"@type\":\"ImageObject\",\"url\":\"https:\\\/\\\/i0.wp.com\\\/www.notanoverlander.com\\\/wp-content\\\/uploads\\\/2016\\\/07\\\/wp-image-1062291442jpg.jpg?fit=2000%2C1500&ssl=1\",\"@id\":\"https:\\\/\\\/www.notanoverlander.com\\\/index.php\\\/2016\\\/07\\\/27\\\/nubes-y-claros-aprovechando-el-sol-cuando-sale\\\/#articleImage\",\"width\":2000,\"height\":1500},\"datePublished\":\"2016-07-27T18:58:08+02:00\",\"dateModified\":\"2017-02-14T19:52:41+01:00\",\"inLanguage\":\"es-ES\",\"mainEntityOfPage\":{\"@id\":\"https:\\\/\\\/www.notanoverlander.com\\\/index.php\\\/2016\\\/07\\\/27\\\/nubes-y-claros-aprovechando-el-sol-cuando-sale\\\/#webpage\"},\"isPartOf\":{\"@id\":\"https:\\\/\\\/www.notanoverlander.com\\\/index.php\\\/2016\\\/07\\\/27\\\/nubes-y-claros-aprovechando-el-sol-cuando-sale\\\/#webpage\"},\"articleSection\":\"La Haya y la costa Holandesa, Viajes, holanda la haya playa moto\"},{\"@type\":\"BreadcrumbList\",\"@id\":\"https:\\\/\\\/www.notanoverlander.com\\\/index.php\\\/2016\\\/07\\\/27\\\/nubes-y-claros-aprovechando-el-sol-cuando-sale\\\/#breadcrumblist\",\"itemListElement\":[{\"@type\":\"ListItem\",\"@id\":\"https:\\\/\\\/www.notanoverlander.com#listItem\",\"position\":1,\"name\":\"Inicio\",\"item\":\"https:\\\/\\\/www.notanoverlander.com\",\"nextItem\":{\"@type\":\"ListItem\",\"@id\":\"https:\\\/\\\/www.notanoverlander.com\\\/index.php\\\/category\\\/viajes\\\/#listItem\",\"name\":\"Viajes\"}},{\"@type\":\"ListItem\",\"@id\":\"https:\\\/\\\/www.notanoverlander.com\\\/index.php\\\/category\\\/viajes\\\/#listItem\",\"position\":2,\"name\":\"Viajes\",\"item\":\"https:\\\/\\\/www.notanoverlander.com\\\/index.php\\\/category\\\/viajes\\\/\",\"nextItem\":{\"@type\":\"ListItem\",\"@id\":\"https:\\\/\\\/www.notanoverlander.com\\\/index.php\\\/category\\\/viajes\\\/la-haya-y-la-costa-holandesa\\\/#listItem\",\"name\":\"La Haya y la costa Holandesa\"},\"previousItem\":{\"@type\":\"ListItem\",\"@id\":\"https:\\\/\\\/www.notanoverlander.com#listItem\",\"name\":\"Inicio\"}},{\"@type\":\"ListItem\",\"@id\":\"https:\\\/\\\/www.notanoverlander.com\\\/index.php\\\/category\\\/viajes\\\/la-haya-y-la-costa-holandesa\\\/#listItem\",\"position\":3,\"name\":\"La Haya y la costa Holandesa\",\"item\":\"https:\\\/\\\/www.notanoverlander.com\\\/index.php\\\/category\\\/viajes\\\/la-haya-y-la-costa-holandesa\\\/\",\"nextItem\":{\"@type\":\"ListItem\",\"@id\":\"https:\\\/\\\/www.notanoverlander.com\\\/index.php\\\/2016\\\/07\\\/27\\\/nubes-y-claros-aprovechando-el-sol-cuando-sale\\\/#listItem\",\"name\":\"Nubes y claros, aprovechando el sol cuando sale.\"},\"previousItem\":{\"@type\":\"ListItem\",\"@id\":\"https:\\\/\\\/www.notanoverlander.com\\\/index.php\\\/category\\\/viajes\\\/#listItem\",\"name\":\"Viajes\"}},{\"@type\":\"ListItem\",\"@id\":\"https:\\\/\\\/www.notanoverlander.com\\\/index.php\\\/2016\\\/07\\\/27\\\/nubes-y-claros-aprovechando-el-sol-cuando-sale\\\/#listItem\",\"position\":4,\"name\":\"Nubes y claros, aprovechando el sol cuando sale.\",\"previousItem\":{\"@type\":\"ListItem\",\"@id\":\"https:\\\/\\\/www.notanoverlander.com\\\/index.php\\\/category\\\/viajes\\\/la-haya-y-la-costa-holandesa\\\/#listItem\",\"name\":\"La Haya y la costa Holandesa\"}}]},{\"@type\":\"Person\",\"@id\":\"https:\\\/\\\/www.notanoverlander.com\\\/#person\",\"name\":\"David\",\"image\":\"https:\\\/\\\/www.notanoverlander.com\\\/wp-content\\\/uploads\\\/2017\\\/05\\\/logoNAO.png\",\"sameAs\":[\"https:\\\/\\\/facebook.com\\\/NotanOverlander\",\"https:\\\/\\\/x.com\\\/NotanOverlander\",\"https:\\\/\\\/instagram.com\\\/NotanOverlander\",\"https:\\\/\\\/www.youtube.com\\\/channel\\\/UCvc1e5xDGI3ZbDNei9TnpDw\"]},{\"@type\":\"Person\",\"@id\":\"https:\\\/\\\/www.notanoverlander.com\\\/index.php\\\/author\\\/daviz\\\/#author\",\"url\":\"https:\\\/\\\/www.notanoverlander.com\\\/index.php\\\/author\\\/daviz\\\/\",\"name\":\"Daviz\",\"image\":{\"@type\":\"ImageObject\",\"@id\":\"https:\\\/\\\/www.notanoverlander.com\\\/index.php\\\/2016\\\/07\\\/27\\\/nubes-y-claros-aprovechando-el-sol-cuando-sale\\\/#authorImage\",\"url\":\"https:\\\/\\\/secure.gravatar.com\\\/avatar\\\/2c29c3b0163f4585d6a605f3db00c13569b8c4b2cc1b5476a605d3ac3be9982f?s=96&d=mm&r=g\",\"width\":96,\"height\":96,\"caption\":\"Daviz\"}},{\"@type\":\"WebPage\",\"@id\":\"https:\\\/\\\/www.notanoverlander.com\\\/index.php\\\/2016\\\/07\\\/27\\\/nubes-y-claros-aprovechando-el-sol-cuando-sale\\\/#webpage\",\"url\":\"https:\\\/\\\/www.notanoverlander.com\\\/index.php\\\/2016\\\/07\\\/27\\\/nubes-y-claros-aprovechando-el-sol-cuando-sale\\\/\",\"name\":\"Nubes y claros, aprovechando el sol cuando sale. | NotAnOverlander\",\"inLanguage\":\"es-ES\",\"isPartOf\":{\"@id\":\"https:\\\/\\\/www.notanoverlander.com\\\/#website\"},\"breadcrumb\":{\"@id\":\"https:\\\/\\\/www.notanoverlander.com\\\/index.php\\\/2016\\\/07\\\/27\\\/nubes-y-claros-aprovechando-el-sol-cuando-sale\\\/#breadcrumblist\"},\"author\":{\"@id\":\"https:\\\/\\\/www.notanoverlander.com\\\/index.php\\\/author\\\/daviz\\\/#author\"},\"creator\":{\"@id\":\"https:\\\/\\\/www.notanoverlander.com\\\/index.php\\\/author\\\/daviz\\\/#author\"},\"datePublished\":\"2016-07-27T18:58:08+02:00\",\"dateModified\":\"2017-02-14T19:52:41+01:00\"},{\"@type\":\"WebSite\",\"@id\":\"https:\\\/\\\/www.notanoverlander.com\\\/#website\",\"url\":\"https:\\\/\\\/www.notanoverlander.com\\\/\",\"name\":\"{:es}NotAnOverlander{:}{:en}NotAnOverlander{:}\",\"description\":\"NotAnOverlander\",\"inLanguage\":\"es-ES\",\"publisher\":{\"@id\":\"https:\\\/\\\/www.notanoverlander.com\\\/#person\"}}]}\n\t\t<\/script>\n\t\t<!-- All in One SEO -->\n\n","aioseo_head_json":{"title":"Nubes y claros, aprovechando el sol cuando sale. | NotAnOverlander","description":"","canonical_url":"https:\/\/www.notanoverlander.com\/index.php\/2016\/07\/27\/nubes-y-claros-aprovechando-el-sol-cuando-sale\/","robots":"max-image-preview:large","keywords":"","webmasterTools":{"google-site-verification":"rgL4cG7lkS3Or5dFWhIEkt-UqRz-5d7tYVEOFvb7tF8","miscellaneous":""},"schema":{"@context":"https:\/\/schema.org","@graph":[{"@type":"Article","@id":"https:\/\/www.notanoverlander.com\/index.php\/2016\/07\/27\/nubes-y-claros-aprovechando-el-sol-cuando-sale\/#article","name":"Nubes y claros, aprovechando el sol cuando sale. | NotAnOverlander","headline":"Nubes y claros, aprovechando el sol cuando sale.","author":{"@id":"https:\/\/www.notanoverlander.com\/index.php\/author\/daviz\/#author"},"publisher":{"@id":"https:\/\/www.notanoverlander.com\/#person"},"image":{"@type":"ImageObject","url":"https:\/\/i0.wp.com\/www.notanoverlander.com\/wp-content\/uploads\/2016\/07\/wp-image-1062291442jpg.jpg?fit=2000%2C1500&ssl=1","@id":"https:\/\/www.notanoverlander.com\/index.php\/2016\/07\/27\/nubes-y-claros-aprovechando-el-sol-cuando-sale\/#articleImage","width":2000,"height":1500},"datePublished":"2016-07-27T18:58:08+02:00","dateModified":"2017-02-14T19:52:41+01:00","inLanguage":"es-ES","mainEntityOfPage":{"@id":"https:\/\/www.notanoverlander.com\/index.php\/2016\/07\/27\/nubes-y-claros-aprovechando-el-sol-cuando-sale\/#webpage"},"isPartOf":{"@id":"https:\/\/www.notanoverlander.com\/index.php\/2016\/07\/27\/nubes-y-claros-aprovechando-el-sol-cuando-sale\/#webpage"},"articleSection":"La Haya y la costa Holandesa, Viajes, holanda la haya playa moto"},{"@type":"BreadcrumbList","@id":"https:\/\/www.notanoverlander.com\/index.php\/2016\/07\/27\/nubes-y-claros-aprovechando-el-sol-cuando-sale\/#breadcrumblist","itemListElement":[{"@type":"ListItem","@id":"https:\/\/www.notanoverlander.com#listItem","position":1,"name":"Inicio","item":"https:\/\/www.notanoverlander.com","nextItem":{"@type":"ListItem","@id":"https:\/\/www.notanoverlander.com\/index.php\/category\/viajes\/#listItem","name":"Viajes"}},{"@type":"ListItem","@id":"https:\/\/www.notanoverlander.com\/index.php\/category\/viajes\/#listItem","position":2,"name":"Viajes","item":"https:\/\/www.notanoverlander.com\/index.php\/category\/viajes\/","nextItem":{"@type":"ListItem","@id":"https:\/\/www.notanoverlander.com\/index.php\/category\/viajes\/la-haya-y-la-costa-holandesa\/#listItem","name":"La Haya y la costa Holandesa"},"previousItem":{"@type":"ListItem","@id":"https:\/\/www.notanoverlander.com#listItem","name":"Inicio"}},{"@type":"ListItem","@id":"https:\/\/www.notanoverlander.com\/index.php\/category\/viajes\/la-haya-y-la-costa-holandesa\/#listItem","position":3,"name":"La Haya y la costa Holandesa","item":"https:\/\/www.notanoverlander.com\/index.php\/category\/viajes\/la-haya-y-la-costa-holandesa\/","nextItem":{"@type":"ListItem","@id":"https:\/\/www.notanoverlander.com\/index.php\/2016\/07\/27\/nubes-y-claros-aprovechando-el-sol-cuando-sale\/#listItem","name":"Nubes y claros, aprovechando el sol cuando sale."},"previousItem":{"@type":"ListItem","@id":"https:\/\/www.notanoverlander.com\/index.php\/category\/viajes\/#listItem","name":"Viajes"}},{"@type":"ListItem","@id":"https:\/\/www.notanoverlander.com\/index.php\/2016\/07\/27\/nubes-y-claros-aprovechando-el-sol-cuando-sale\/#listItem","position":4,"name":"Nubes y claros, aprovechando el sol cuando sale.","previousItem":{"@type":"ListItem","@id":"https:\/\/www.notanoverlander.com\/index.php\/category\/viajes\/la-haya-y-la-costa-holandesa\/#listItem","name":"La Haya y la costa Holandesa"}}]},{"@type":"Person","@id":"https:\/\/www.notanoverlander.com\/#person","name":"David","image":"https:\/\/www.notanoverlander.com\/wp-content\/uploads\/2017\/05\/logoNAO.png","sameAs":["https:\/\/facebook.com\/NotanOverlander","https:\/\/x.com\/NotanOverlander","https:\/\/instagram.com\/NotanOverlander","https:\/\/www.youtube.com\/channel\/UCvc1e5xDGI3ZbDNei9TnpDw"]},{"@type":"Person","@id":"https:\/\/www.notanoverlander.com\/index.php\/author\/daviz\/#author","url":"https:\/\/www.notanoverlander.com\/index.php\/author\/daviz\/","name":"Daviz","image":{"@type":"ImageObject","@id":"https:\/\/www.notanoverlander.com\/index.php\/2016\/07\/27\/nubes-y-claros-aprovechando-el-sol-cuando-sale\/#authorImage","url":"https:\/\/secure.gravatar.com\/avatar\/2c29c3b0163f4585d6a605f3db00c13569b8c4b2cc1b5476a605d3ac3be9982f?s=96&d=mm&r=g","width":96,"height":96,"caption":"Daviz"}},{"@type":"WebPage","@id":"https:\/\/www.notanoverlander.com\/index.php\/2016\/07\/27\/nubes-y-claros-aprovechando-el-sol-cuando-sale\/#webpage","url":"https:\/\/www.notanoverlander.com\/index.php\/2016\/07\/27\/nubes-y-claros-aprovechando-el-sol-cuando-sale\/","name":"Nubes y claros, aprovechando el sol cuando sale. | NotAnOverlander","inLanguage":"es-ES","isPartOf":{"@id":"https:\/\/www.notanoverlander.com\/#website"},"breadcrumb":{"@id":"https:\/\/www.notanoverlander.com\/index.php\/2016\/07\/27\/nubes-y-claros-aprovechando-el-sol-cuando-sale\/#breadcrumblist"},"author":{"@id":"https:\/\/www.notanoverlander.com\/index.php\/author\/daviz\/#author"},"creator":{"@id":"https:\/\/www.notanoverlander.com\/index.php\/author\/daviz\/#author"},"datePublished":"2016-07-27T18:58:08+02:00","dateModified":"2017-02-14T19:52:41+01:00"},{"@type":"WebSite","@id":"https:\/\/www.notanoverlander.com\/#website","url":"https:\/\/www.notanoverlander.com\/","name":"{:es}NotAnOverlander{:}{:en}NotAnOverlander{:}","description":"NotAnOverlander","inLanguage":"es-ES","publisher":{"@id":"https:\/\/www.notanoverlander.com\/#person"}}]}},"aioseo_meta_data":{"post_id":"119","title":null,"description":null,"keywords":null,"keyphrases":null,"primary_term":null,"canonical_url":null,"og_title":null,"og_description":null,"og_object_type":"default","og_image_type":"default","og_image_url":null,"og_image_width":null,"og_image_height":null,"og_image_custom_url":null,"og_image_custom_fields":null,"og_video":null,"og_custom_url":null,"og_article_section":null,"og_article_tags":null,"twitter_use_og":false,"twitter_card":"default","twitter_image_type":"default","twitter_image_url":null,"twitter_image_custom_url":null,"twitter_image_custom_fields":null,"twitter_title":null,"twitter_description":null,"schema":{"blockGraphs":[],"customGraphs":[],"default":{"data":{"Article":[],"Course":[],"Dataset":[],"FAQPage":[],"Movie":[],"Person":[],"Product":[],"ProductReview":[],"Car":[],"Recipe":[],"Service":[],"SoftwareApplication":[],"WebPage":[]},"graphName":"","isEnabled":true},"graphs":[]},"schema_type":null,"schema_type_options":null,"pillar_content":false,"robots_default":true,"robots_noindex":false,"robots_noarchive":false,"robots_nosnippet":false,"robots_nofollow":false,"robots_noimageindex":false,"robots_noodp":false,"robots_notranslate":false,"robots_max_snippet":null,"robots_max_videopreview":null,"robots_max_imagepreview":"large","priority":null,"frequency":null,"local_seo":null,"breadcrumb_settings":null,"limit_modified_date":false,"ai":null,"created":"2020-12-22 08:47:27","updated":"2022-09-14 07:46:47","seo_analyzer_scan_date":null,"focus_keyword":null,"additional_keywords":null,"truseo_locale":null},"jetpack_publicize_connections":[],"jetpack_sharing_enabled":true,"jetpack_likes_enabled":true,"jetpack-related-posts":[],"jetpack_featured_media_url":"","_links":{"self":[{"href":"https:\/\/www.notanoverlander.com\/index.php\/wp-json\/wp\/v2\/posts\/119","targetHints":{"allow":["GET"]}}],"collection":[{"href":"https:\/\/www.notanoverlander.com\/index.php\/wp-json\/wp\/v2\/posts"}],"about":[{"href":"https:\/\/www.notanoverlander.com\/index.php\/wp-json\/wp\/v2\/types\/post"}],"author":[{"embeddable":true,"href":"https:\/\/www.notanoverlander.com\/index.php\/wp-json\/wp\/v2\/users\/1"}],"replies":[{"embeddable":true,"href":"https:\/\/www.notanoverlander.com\/index.php\/wp-json\/wp\/v2\/comments?post=119"}],"version-history":[{"count":1,"href":"https:\/\/www.notanoverlander.com\/index.php\/wp-json\/wp\/v2\/posts\/119\/revisions"}],"predecessor-version":[{"id":190,"href":"https:\/\/www.notanoverlander.com\/index.php\/wp-json\/wp\/v2\/posts\/119\/revisions\/190"}],"wp:attachment":[{"href":"https:\/\/www.notanoverlander.com\/index.php\/wp-json\/wp\/v2\/media?parent=119"}],"wp:term":[{"taxonomy":"category","embeddable":true,"href":"https:\/\/www.notanoverlander.com\/index.php\/wp-json\/wp\/v2\/categories?post=119"},{"taxonomy":"post_tag","embeddable":true,"href":"https:\/\/www.notanoverlander.com\/index.php\/wp-json\/wp\/v2\/tags?post=119"}],"curies":[{"name":"wp","href":"https:\/\/api.w.org\/{rel}","templated":true}]}}