{"id":1236,"date":"2018-11-03T09:39:27","date_gmt":"2018-11-03T08:39:27","guid":{"rendered":"https:\/\/www.notanoverlander.com\/?p=1236"},"modified":"2018-11-03T20:57:50","modified_gmt":"2018-11-03T19:57:50","slug":"estrasburgo-y-alsacia-la-nuit","status":"publish","type":"post","link":"https:\/\/www.notanoverlander.com\/index.php\/2018\/11\/03\/estrasburgo-y-alsacia-la-nuit\/","title":{"rendered":"Estrasburgo y Alsacia la nuit"},"content":{"rendered":"\n<!-- Facebook Like Button v1.9.6 BEGIN [http:\/\/blog.bottomlessinc.com] -->\n<iframe src=\"http:\/\/www.facebook.com\/plugins\/like.php?href=https%3A%2F%2Fwww.notanoverlander.com%2Findex.php%2F2018%2F11%2F03%2Festrasburgo-y-alsacia-la-nuit%2F&amp;layout=standard&amp;show_faces=false&amp;width=450&amp;action=like&amp;colorscheme=light\" scrolling=\"no\" frameborder=\"0\" allowTransparency=\"true\" style=\"border:none; overflow:hidden; width:450px; height: 30px; align: left; margin: 2px 0px 2px 0px\"><\/iframe>\n<!-- Facebook Like Button END -->\n<div class=\"sf-social-icon-list\">\n<table border=\"0\" cellspacing=\"0\" cellpadding=\"\">\n<td style=\"padding: 1px\"><a href='https:\/\/www.twitter.com\/notanoverlander' target='parent'><img data-recalc-dims=\"1\" decoding=\"async\" src=\"https:\/\/i0.wp.com\/www.notanoverlander.com\/wp-content\/plugins\/free-social-media-icons\/assets\/icons\/Cute%20Icons\/Twitter.png?ssl=1\" class=\"sf-social-icon\" style=\"width: 32px; height: 32px; max-width: 32px\" \/><\/a><\/td>\n<\/table>\n<\/div><p>Viernes, hoy era el d\u00eda que entr\u00e1bamos en La Alsacia, pero primero quer\u00edamos visitar Estrasburgo, aunque fuese de pasada.<\/p>\n<p>Salimos m\u00e1s tarde de lo esperado, entre unas cosas y otras al final a las 10:30 est\u00e1bamos cargando la moto para marcharnos.<\/p>\n<p>El primer destino era Estrasburgo, nos hab\u00edan hablado muy bien de esta ciudad, pero no hab\u00edamos estado nunca. Bueno,miento, yo estuve hace &#8230;24 a\u00f1os! Ufff&#8230; Eso mejor lo dejamos para otro d\u00eda.<\/p>\n<p>Cogimos un trozo de autopista hasta desviarnos por una carretera secundaria que, aparentemente, nos llevaba a otra autopista. Esta, era de peaje. A. se dio cuenta, porque el TomTom no, y decidimos evitarla siguiendo por la secundaria. Y menos mal!.<\/p>\n<p>Peque\u00f1as rectas seguidas de tramos con curvas, nada exagerado, pero mucho m\u00e1s divertido que la autopista. De vez en cuando un pueblo y muchos cambios de rasante. Algunos con una pendiente muy fuerte. Las carreteras secundarias est\u00e1n limitadas a 80 km\/h. Y de vez en cuando se abre un carril para adelantar, entonces el l\u00edmite sube a 90 kms\/h. En general parece que se respetan bastante los l\u00edmites en esas carreteras francesas.<\/p>\n<p>Kil\u00f3metro a kil\u00f3metro vamos acerc\u00e1ndonos a Estrasburgo, el tr\u00e1fico se hace m\u00e1s denso y la carretera no tan divertida, a\u00fan as\u00ed pasamos un buen rato. Puede ser tambi\u00e9n que el clima hoy nos respet\u00f3, no ha llovido y, a ratos nos pasado hasta calor con toda nuestra ropa de invierno.<\/p>\n<p>Aparcamos la moto en una plaza cerca del centro de Estrasburgo, vimos otra moto all\u00ed y no lo pensamos m\u00e1s.<\/p>\n<p>Cascos candados en la moto y mochila cubre deposito en mano nos dispusimos a hacer una breve visita a la ciudad. Pero lo primero es lo primero, despu\u00e9s de dos horas de moto, hay que comer. Buscamos en Google restaurantes a nuestro alrededor con buenas valoraciones y elegimos uno.<\/p>\n<p><img data-recalc-dims=\"1\" loading=\"lazy\" decoding=\"async\" src=\"https:\/\/i0.wp.com\/www.notanoverlander.com\/wp-content\/uploads\/2018\/11\/141b41f0-d1f3-431f-8bc0-a890213550c6-1.jpg?resize=1920%2C1280&#038;ssl=1\" class=\"wp-image-1240 alignnone size-full\" height=\"1280\" width=\"1920\" alt=\"\" srcset=\"https:\/\/i0.wp.com\/www.notanoverlander.com\/wp-content\/uploads\/2018\/11\/141b41f0-d1f3-431f-8bc0-a890213550c6-1.jpg?w=1920&amp;ssl=1 1920w, https:\/\/i0.wp.com\/www.notanoverlander.com\/wp-content\/uploads\/2018\/11\/141b41f0-d1f3-431f-8bc0-a890213550c6-1.jpg?resize=300%2C200&amp;ssl=1 300w, https:\/\/i0.wp.com\/www.notanoverlander.com\/wp-content\/uploads\/2018\/11\/141b41f0-d1f3-431f-8bc0-a890213550c6-1.jpg?resize=768%2C512&amp;ssl=1 768w, https:\/\/i0.wp.com\/www.notanoverlander.com\/wp-content\/uploads\/2018\/11\/141b41f0-d1f3-431f-8bc0-a890213550c6-1.jpg?resize=450%2C300&amp;ssl=1 450w\" sizes=\"auto, (max-width: 1000px) 100vw, 1000px\" \/><\/p>\n<p>Acertamos, a pesar de tener que comer fuera, la comida estaba muy rica y no se estaba mal a pesar del fr\u00edo.<\/p>\n<p>Nos acercamos al centro, pasamos por una iglesia Ortodoxa y de ah\u00ed, por unas callejuelas aparecemos en la catedral. Un enorme edificio con la fachada llena de ornamentos y con una torre muy alta. No soy ning\u00fan experto en arquitectura, pero reconozco que est\u00e1 catedral me sorprendi\u00f3 mucho por grande y por la cantidad de trabajo que ten\u00eda e la fachada. Hab\u00eda una larga cola para entrar, as\u00ed que decidimos darnos una vuelta alrededor y volver a la moto.<\/p>\n<p>La zona centro de Estrasburgo nos gust\u00f3 mucho, tanto que tenemos claro que queremos volver a esta ciudad y pasar unos d\u00edas aqu\u00ed conoci\u00e9ndola.<\/p>\n<p>Pero hoy el tiempo se nos ha echado encima, ya son las 15:30 y a\u00fan nos quedan muchas horas de moto y, adem\u00e1s, la parte m\u00e1s divertida. Antes de volver a salir, nos tomamos un refresco y replanteamos la ruta. Definitivamente no vamos a poder ir a todos los sitios que nos propusimos, as\u00ed que de las cuatro horas restantes, dejamos dos y media.<\/p>\n<p>Recuperados del calor, s\u00ed, calor, que hemos pasado caminando con toda la ropa que llevamos puesta, subimos a la moto y salimos de Estrasburgo.<\/p>\n<p>Nuestra primera parada era el castillo de Haut-Koenigsbourg. Situado en lo alto de una monta\u00f1a, las vistas desde all\u00ed son espectaculares y la carretera para llegar, sinuosa y con mucha pendiente, muy divertida tambi\u00e9n.<\/p>\n<p><img data-recalc-dims=\"1\" loading=\"lazy\" decoding=\"async\" width=\"1920\" height=\"1280\" src=\"https:\/\/i0.wp.com\/www.notanoverlander.com\/wp-content\/uploads\/2018\/11\/9de4499b-da77-4064-be04-878c659dd7b1.jpg?resize=1920%2C1280&#038;ssl=1\" class=\"size\u2013full alignnone wp-image-1241\" data-temp-aztec-id=\"aa443adc-4971-4ba5-aff4-d3d53ec35815\" alt=\"\" srcset=\"https:\/\/i0.wp.com\/www.notanoverlander.com\/wp-content\/uploads\/2018\/11\/9de4499b-da77-4064-be04-878c659dd7b1.jpg?w=1920&amp;ssl=1 1920w, https:\/\/i0.wp.com\/www.notanoverlander.com\/wp-content\/uploads\/2018\/11\/9de4499b-da77-4064-be04-878c659dd7b1.jpg?resize=300%2C200&amp;ssl=1 300w, https:\/\/i0.wp.com\/www.notanoverlander.com\/wp-content\/uploads\/2018\/11\/9de4499b-da77-4064-be04-878c659dd7b1.jpg?resize=768%2C512&amp;ssl=1 768w, https:\/\/i0.wp.com\/www.notanoverlander.com\/wp-content\/uploads\/2018\/11\/9de4499b-da77-4064-be04-878c659dd7b1.jpg?resize=450%2C300&amp;ssl=1 450w\" sizes=\"auto, (max-width: 1000px) 100vw, 1000px\" \/><\/p>\n<p>Por desgracia llegamos demasiado tarde, es nuestro sino hoy, y solo podemos verlo desde fuera.<\/p>\n<p><img data-recalc-dims=\"1\" loading=\"lazy\" decoding=\"async\" src=\"https:\/\/i0.wp.com\/www.notanoverlander.com\/wp-content\/uploads\/2018\/11\/4152b369-84a2-42f6-8cd1-270052ef5d4c.jpg?resize=1920%2C1280&#038;ssl=1\" class=\"wp-image-1246 alignnone size-full\" height=\"1280\" width=\"1920\" alt=\"\" srcset=\"https:\/\/i0.wp.com\/www.notanoverlander.com\/wp-content\/uploads\/2018\/11\/4152b369-84a2-42f6-8cd1-270052ef5d4c.jpg?w=1920&amp;ssl=1 1920w, https:\/\/i0.wp.com\/www.notanoverlander.com\/wp-content\/uploads\/2018\/11\/4152b369-84a2-42f6-8cd1-270052ef5d4c.jpg?resize=300%2C200&amp;ssl=1 300w, https:\/\/i0.wp.com\/www.notanoverlander.com\/wp-content\/uploads\/2018\/11\/4152b369-84a2-42f6-8cd1-270052ef5d4c.jpg?resize=768%2C512&amp;ssl=1 768w, https:\/\/i0.wp.com\/www.notanoverlander.com\/wp-content\/uploads\/2018\/11\/4152b369-84a2-42f6-8cd1-270052ef5d4c.jpg?resize=450%2C300&amp;ssl=1 450w\" sizes=\"auto, (max-width: 1000px) 100vw, 1000px\" \/><\/p>\n<p>Vuelta a la ruta, ahora direcci\u00f3n Colmar. Hay mucho tr\u00e1fico de bajada y es casi de noche, son m\u00e1s de las 17 y todos hemos salido a la vez. Bajamos por otro camino, tambi\u00e9n pendiente y divertido, pero todo el rato entre coches.<\/p>\n<p>Llegamos a Colmar, buscamos el centro y nos metemos en un bar a decidir qu\u00e9 hacemos. Son las 18 y hoy dormimos en un B&amp;B que est\u00e1 en el medio de la nada, as\u00ed que tenemos que ver d\u00f3nde cenar relativamente cerca y a la hora que vamos a llegar.<\/p>\n<p>Vemos que llegando antes de las 21 todav\u00eda hay alg\u00fan sitio donde podemos cenar, as\u00ed que salimos. Un peque\u00f1o paseo por el centro de vuelta a la moto y en ruta otra vez.<\/p>\n<p>Son m\u00e1s de las 18 de la tarde, es de noche cerrada ya y vamos a comenzar ahora lo que, en teor\u00eda era el principio de la ruta guapa de moto. La temperatura ha bajado bastante, pero es soportable.<\/p>\n<p>Tenemos por delante una hora y cuarto de viaje. Los primeros kil\u00f3metros con mucho tr\u00e1fico, por una carretera buena, ancha y con alguna curva. A los pocos kil\u00f3metros nos salimos a la derecha y empezamos a subir. Curva para un lado, para otro, poco a poco y, a pesar de la noche, las curvas se van sucediendo y disfrutamos de un trazado c\u00f3modo y divertido.<\/p>\n<p>Seguimos subiendo, en una curva vemos un cartel de \u00abpuerto abierto\u00bb, a\u00fan no hemos empezado a subir! :).<\/p>\n<p>Gracias al GPS vamos previendo c\u00f3mo ser\u00e1 la siguiente curva, cada vez hace m\u00e1s fr\u00edo. Apenas 20 kms. Nos separan del hotel, pero vamos a un ritmo lento&#8230; Izquierda, derecha y seguimos subiendo.<\/p>\n<p>Hacemos una curva de 180\u00b0 de estas t\u00edpicas de monta\u00f1a y algo blanco brilla a los lados de la carretera.. es nieve!!! Llegamos a lo que parece la cima, 4\u00b0 dice el term\u00f3metro que hay y nuestros cuerpos lo notan. Empezamos la bajada, con m\u00e1s cuidado a\u00fan que la subida. La nieve en las cunetas nos acompa\u00f1a durante 3 o 4 kil\u00f3metros m\u00e1s.<\/p>\n<p>Ya vemos a lo lejos las luces de Geradmer, acabamos de bajar, pero la temperatura no sube, vemos en el GPS que vamos circulando al lado de un r\u00edo.<\/p>\n<p>Llegamos a Geradmer, pasamos al lado del lago. Hay muchos restaurantes y bares con luces, parece que aqu\u00ed podremos cenar si hace falta.<\/p>\n<p>Nos desviamos hacia la derecha de nuevo y subimos por una carretera estrecha, solo quedan 4kms. para llegar al B&amp;B, pero no son f\u00e1ciles.<\/p>\n<p>Mucha pendiente, curvas una tras otra, varias \u00abpaellas\u00bb y niebla entrando&#8230; Que mejor forma de acabar el d\u00eda!<\/p>\n<p>Por fin llegamos, aparcamos, descargamos maletas. C\u00f3mo nos tem\u00edamos tenemos que bajar de nuevo para poder cenar porque aqu\u00ed no nos dan. As\u00ed que recorremos los seis kil\u00f3metros que nos separan del restaurante que nos recomienda la due\u00f1a de la casa y nos disponemos a cenar.<\/p>\n<p><img data-recalc-dims=\"1\" loading=\"lazy\" decoding=\"async\" src=\"https:\/\/i0.wp.com\/www.notanoverlander.com\/wp-content\/uploads\/2018\/11\/fe7de9ae-6671-46eb-9ee3-00599f0b211f.jpg?resize=1920%2C1440&#038;ssl=1\" class=\"wp-image-1242 alignnone size-full\" height=\"1440\" width=\"1920\" alt=\"\" srcset=\"https:\/\/i0.wp.com\/www.notanoverlander.com\/wp-content\/uploads\/2018\/11\/fe7de9ae-6671-46eb-9ee3-00599f0b211f.jpg?w=1920&amp;ssl=1 1920w, https:\/\/i0.wp.com\/www.notanoverlander.com\/wp-content\/uploads\/2018\/11\/fe7de9ae-6671-46eb-9ee3-00599f0b211f.jpg?resize=300%2C225&amp;ssl=1 300w, https:\/\/i0.wp.com\/www.notanoverlander.com\/wp-content\/uploads\/2018\/11\/fe7de9ae-6671-46eb-9ee3-00599f0b211f.jpg?resize=768%2C576&amp;ssl=1 768w, https:\/\/i0.wp.com\/www.notanoverlander.com\/wp-content\/uploads\/2018\/11\/fe7de9ae-6671-46eb-9ee3-00599f0b211f.jpg?resize=400%2C300&amp;ssl=1 400w\" sizes=\"auto, (max-width: 1000px) 100vw, 1000px\" \/><\/p>\n<p>El sitio es para hacerle un post aparte. Au chant du Bois se llama, es un Grill con miles de platos en su carta y con una camarera (o due\u00f1a) a la que le gusta hablar por los codos con todo el mundo.<\/p>\n<p>Cenamos bien, echamos unas risas y volvemos a dormir, que, para variar ha sido un d\u00eda muy largo<\/p>\n","protected":false},"excerpt":{"rendered":"<p>Viernes, hoy era el d\u00eda que entr\u00e1bamos en La Alsacia, pero primero quer\u00edamos visitar Estrasburgo, aunque fuese de pasada. Salimos m\u00e1s tarde de lo esperado, entre unas cosas y otras al final a las 10:30 est\u00e1bamos cargando la moto para marcharnos. El primer destino era Estrasburgo, nos hab\u00edan hablado muy bien de esta ciudad, pero [&hellip;]<\/p>\n","protected":false},"author":1,"featured_media":1242,"comment_status":"open","ping_status":"open","sticky":false,"template":"","format":"standard","meta":{"_jetpack_newsletter_access":"","_jetpack_dont_email_post_to_subs":false,"_jetpack_newsletter_tier_id":0,"_jetpack_memberships_contains_paywalled_content":false,"_jetpack_feature_clip_id":0,"_jetpack_memberships_contains_paid_content":false,"footnotes":"","jetpack_publicize_message":"","jetpack_publicize_feature_enabled":true,"jetpack_social_post_already_shared":true,"jetpack_social_options":{"image_generator_settings":{"template":"highway","default_image_id":0,"font":"","enabled":false},"version":2},"jetpack_post_was_ever_published":false},"categories":[34],"tags":[],"class_list":["post-1236","post","type-post","status-publish","format-standard","has-post-thumbnail","hentry","category-alsacia-2018"],"translation":{"provider":"WPGlobus","version":"3.0.5","language":"es","enabled_languages":["es"],"languages":{"es":{"title":true,"content":true,"excerpt":false}}},"aioseo_notices":[],"aioseo_head":"\n\t\t<!-- All in One SEO 5.0.1.1 - aioseo.com -->\n\t<meta name=\"robots\" content=\"max-image-preview:large\" \/>\n\t<meta name=\"author\" content=\"Daviz\"\/>\n\t<meta name=\"google-site-verification\" content=\"rgL4cG7lkS3Or5dFWhIEkt-UqRz-5d7tYVEOFvb7tF8\" \/>\n\t<link rel=\"canonical\" href=\"https:\/\/www.notanoverlander.com\/index.php\/2018\/11\/03\/estrasburgo-y-alsacia-la-nuit\/\" \/>\n\t<meta name=\"generator\" content=\"All in One SEO (AIOSEO) 5.0.1.1\" \/>\n\t\t<script type=\"application\/ld+json\" class=\"aioseo-schema\">\n\t\t\t{\"@context\":\"https:\\\/\\\/schema.org\",\"@graph\":[{\"@type\":\"Article\",\"@id\":\"https:\\\/\\\/www.notanoverlander.com\\\/index.php\\\/2018\\\/11\\\/03\\\/estrasburgo-y-alsacia-la-nuit\\\/#article\",\"name\":\"Estrasburgo y Alsacia la nuit | NotAnOverlander\",\"headline\":\"Estrasburgo y Alsacia la nuit\",\"author\":{\"@id\":\"https:\\\/\\\/www.notanoverlander.com\\\/index.php\\\/author\\\/daviz\\\/#author\"},\"publisher\":{\"@id\":\"https:\\\/\\\/www.notanoverlander.com\\\/#person\"},\"image\":{\"@type\":\"ImageObject\",\"url\":\"https:\\\/\\\/i0.wp.com\\\/www.notanoverlander.com\\\/wp-content\\\/uploads\\\/2018\\\/11\\\/fe7de9ae-6671-46eb-9ee3-00599f0b211f.jpg?fit=1920%2C1440&ssl=1\",\"width\":1920,\"height\":1440},\"datePublished\":\"2018-11-03T09:39:27+01:00\",\"dateModified\":\"2018-11-03T20:57:50+01:00\",\"inLanguage\":\"es-ES\",\"mainEntityOfPage\":{\"@id\":\"https:\\\/\\\/www.notanoverlander.com\\\/index.php\\\/2018\\\/11\\\/03\\\/estrasburgo-y-alsacia-la-nuit\\\/#webpage\"},\"isPartOf\":{\"@id\":\"https:\\\/\\\/www.notanoverlander.com\\\/index.php\\\/2018\\\/11\\\/03\\\/estrasburgo-y-alsacia-la-nuit\\\/#webpage\"},\"articleSection\":\"Alsacia 2018\"},{\"@type\":\"BreadcrumbList\",\"@id\":\"https:\\\/\\\/www.notanoverlander.com\\\/index.php\\\/2018\\\/11\\\/03\\\/estrasburgo-y-alsacia-la-nuit\\\/#breadcrumblist\",\"itemListElement\":[{\"@type\":\"ListItem\",\"@id\":\"https:\\\/\\\/www.notanoverlander.com#listItem\",\"position\":1,\"name\":\"Inicio\",\"item\":\"https:\\\/\\\/www.notanoverlander.com\",\"nextItem\":{\"@type\":\"ListItem\",\"@id\":\"https:\\\/\\\/www.notanoverlander.com\\\/index.php\\\/category\\\/viajes\\\/#listItem\",\"name\":\"Viajes\"}},{\"@type\":\"ListItem\",\"@id\":\"https:\\\/\\\/www.notanoverlander.com\\\/index.php\\\/category\\\/viajes\\\/#listItem\",\"position\":2,\"name\":\"Viajes\",\"item\":\"https:\\\/\\\/www.notanoverlander.com\\\/index.php\\\/category\\\/viajes\\\/\",\"nextItem\":{\"@type\":\"ListItem\",\"@id\":\"https:\\\/\\\/www.notanoverlander.com\\\/index.php\\\/category\\\/viajes\\\/alsacia-2018\\\/#listItem\",\"name\":\"Alsacia 2018\"},\"previousItem\":{\"@type\":\"ListItem\",\"@id\":\"https:\\\/\\\/www.notanoverlander.com#listItem\",\"name\":\"Inicio\"}},{\"@type\":\"ListItem\",\"@id\":\"https:\\\/\\\/www.notanoverlander.com\\\/index.php\\\/category\\\/viajes\\\/alsacia-2018\\\/#listItem\",\"position\":3,\"name\":\"Alsacia 2018\",\"item\":\"https:\\\/\\\/www.notanoverlander.com\\\/index.php\\\/category\\\/viajes\\\/alsacia-2018\\\/\",\"nextItem\":{\"@type\":\"ListItem\",\"@id\":\"https:\\\/\\\/www.notanoverlander.com\\\/index.php\\\/2018\\\/11\\\/03\\\/estrasburgo-y-alsacia-la-nuit\\\/#listItem\",\"name\":\"Estrasburgo y Alsacia la nuit\"},\"previousItem\":{\"@type\":\"ListItem\",\"@id\":\"https:\\\/\\\/www.notanoverlander.com\\\/index.php\\\/category\\\/viajes\\\/#listItem\",\"name\":\"Viajes\"}},{\"@type\":\"ListItem\",\"@id\":\"https:\\\/\\\/www.notanoverlander.com\\\/index.php\\\/2018\\\/11\\\/03\\\/estrasburgo-y-alsacia-la-nuit\\\/#listItem\",\"position\":4,\"name\":\"Estrasburgo y Alsacia la nuit\",\"previousItem\":{\"@type\":\"ListItem\",\"@id\":\"https:\\\/\\\/www.notanoverlander.com\\\/index.php\\\/category\\\/viajes\\\/alsacia-2018\\\/#listItem\",\"name\":\"Alsacia 2018\"}}]},{\"@type\":\"Person\",\"@id\":\"https:\\\/\\\/www.notanoverlander.com\\\/#person\",\"name\":\"David\",\"image\":\"https:\\\/\\\/www.notanoverlander.com\\\/wp-content\\\/uploads\\\/2017\\\/05\\\/logoNAO.png\",\"sameAs\":[\"https:\\\/\\\/facebook.com\\\/NotanOverlander\",\"https:\\\/\\\/x.com\\\/NotanOverlander\",\"https:\\\/\\\/instagram.com\\\/NotanOverlander\",\"https:\\\/\\\/www.youtube.com\\\/channel\\\/UCvc1e5xDGI3ZbDNei9TnpDw\"]},{\"@type\":\"Person\",\"@id\":\"https:\\\/\\\/www.notanoverlander.com\\\/index.php\\\/author\\\/daviz\\\/#author\",\"url\":\"https:\\\/\\\/www.notanoverlander.com\\\/index.php\\\/author\\\/daviz\\\/\",\"name\":\"Daviz\",\"image\":{\"@type\":\"ImageObject\",\"@id\":\"https:\\\/\\\/www.notanoverlander.com\\\/index.php\\\/2018\\\/11\\\/03\\\/estrasburgo-y-alsacia-la-nuit\\\/#authorImage\",\"url\":\"https:\\\/\\\/secure.gravatar.com\\\/avatar\\\/2c29c3b0163f4585d6a605f3db00c13569b8c4b2cc1b5476a605d3ac3be9982f?s=96&d=mm&r=g\",\"width\":96,\"height\":96,\"caption\":\"Daviz\"}},{\"@type\":\"WebPage\",\"@id\":\"https:\\\/\\\/www.notanoverlander.com\\\/index.php\\\/2018\\\/11\\\/03\\\/estrasburgo-y-alsacia-la-nuit\\\/#webpage\",\"url\":\"https:\\\/\\\/www.notanoverlander.com\\\/index.php\\\/2018\\\/11\\\/03\\\/estrasburgo-y-alsacia-la-nuit\\\/\",\"name\":\"Estrasburgo y Alsacia la nuit | NotAnOverlander\",\"inLanguage\":\"es-ES\",\"isPartOf\":{\"@id\":\"https:\\\/\\\/www.notanoverlander.com\\\/#website\"},\"breadcrumb\":{\"@id\":\"https:\\\/\\\/www.notanoverlander.com\\\/index.php\\\/2018\\\/11\\\/03\\\/estrasburgo-y-alsacia-la-nuit\\\/#breadcrumblist\"},\"author\":{\"@id\":\"https:\\\/\\\/www.notanoverlander.com\\\/index.php\\\/author\\\/daviz\\\/#author\"},\"creator\":{\"@id\":\"https:\\\/\\\/www.notanoverlander.com\\\/index.php\\\/author\\\/daviz\\\/#author\"},\"image\":{\"@type\":\"ImageObject\",\"url\":\"https:\\\/\\\/i0.wp.com\\\/www.notanoverlander.com\\\/wp-content\\\/uploads\\\/2018\\\/11\\\/fe7de9ae-6671-46eb-9ee3-00599f0b211f.jpg?fit=1920%2C1440&ssl=1\",\"@id\":\"https:\\\/\\\/www.notanoverlander.com\\\/index.php\\\/2018\\\/11\\\/03\\\/estrasburgo-y-alsacia-la-nuit\\\/#mainImage\",\"width\":1920,\"height\":1440},\"primaryImageOfPage\":{\"@id\":\"https:\\\/\\\/www.notanoverlander.com\\\/index.php\\\/2018\\\/11\\\/03\\\/estrasburgo-y-alsacia-la-nuit\\\/#mainImage\"},\"datePublished\":\"2018-11-03T09:39:27+01:00\",\"dateModified\":\"2018-11-03T20:57:50+01:00\"},{\"@type\":\"WebSite\",\"@id\":\"https:\\\/\\\/www.notanoverlander.com\\\/#website\",\"url\":\"https:\\\/\\\/www.notanoverlander.com\\\/\",\"name\":\"{:es}NotAnOverlander{:}{:en}NotAnOverlander{:}\",\"description\":\"NotAnOverlander\",\"inLanguage\":\"es-ES\",\"publisher\":{\"@id\":\"https:\\\/\\\/www.notanoverlander.com\\\/#person\"}}]}\n\t\t<\/script>\n\t\t<!-- All in One SEO -->\n\n","aioseo_head_json":{"title":"Estrasburgo y Alsacia la nuit | NotAnOverlander","description":"","canonical_url":"https:\/\/www.notanoverlander.com\/index.php\/2018\/11\/03\/estrasburgo-y-alsacia-la-nuit\/","robots":"max-image-preview:large","keywords":"","webmasterTools":{"google-site-verification":"rgL4cG7lkS3Or5dFWhIEkt-UqRz-5d7tYVEOFvb7tF8","miscellaneous":""},"schema":{"@context":"https:\/\/schema.org","@graph":[{"@type":"Article","@id":"https:\/\/www.notanoverlander.com\/index.php\/2018\/11\/03\/estrasburgo-y-alsacia-la-nuit\/#article","name":"Estrasburgo y Alsacia la nuit | NotAnOverlander","headline":"Estrasburgo y Alsacia la nuit","author":{"@id":"https:\/\/www.notanoverlander.com\/index.php\/author\/daviz\/#author"},"publisher":{"@id":"https:\/\/www.notanoverlander.com\/#person"},"image":{"@type":"ImageObject","url":"https:\/\/i0.wp.com\/www.notanoverlander.com\/wp-content\/uploads\/2018\/11\/fe7de9ae-6671-46eb-9ee3-00599f0b211f.jpg?fit=1920%2C1440&ssl=1","width":1920,"height":1440},"datePublished":"2018-11-03T09:39:27+01:00","dateModified":"2018-11-03T20:57:50+01:00","inLanguage":"es-ES","mainEntityOfPage":{"@id":"https:\/\/www.notanoverlander.com\/index.php\/2018\/11\/03\/estrasburgo-y-alsacia-la-nuit\/#webpage"},"isPartOf":{"@id":"https:\/\/www.notanoverlander.com\/index.php\/2018\/11\/03\/estrasburgo-y-alsacia-la-nuit\/#webpage"},"articleSection":"Alsacia 2018"},{"@type":"BreadcrumbList","@id":"https:\/\/www.notanoverlander.com\/index.php\/2018\/11\/03\/estrasburgo-y-alsacia-la-nuit\/#breadcrumblist","itemListElement":[{"@type":"ListItem","@id":"https:\/\/www.notanoverlander.com#listItem","position":1,"name":"Inicio","item":"https:\/\/www.notanoverlander.com","nextItem":{"@type":"ListItem","@id":"https:\/\/www.notanoverlander.com\/index.php\/category\/viajes\/#listItem","name":"Viajes"}},{"@type":"ListItem","@id":"https:\/\/www.notanoverlander.com\/index.php\/category\/viajes\/#listItem","position":2,"name":"Viajes","item":"https:\/\/www.notanoverlander.com\/index.php\/category\/viajes\/","nextItem":{"@type":"ListItem","@id":"https:\/\/www.notanoverlander.com\/index.php\/category\/viajes\/alsacia-2018\/#listItem","name":"Alsacia 2018"},"previousItem":{"@type":"ListItem","@id":"https:\/\/www.notanoverlander.com#listItem","name":"Inicio"}},{"@type":"ListItem","@id":"https:\/\/www.notanoverlander.com\/index.php\/category\/viajes\/alsacia-2018\/#listItem","position":3,"name":"Alsacia 2018","item":"https:\/\/www.notanoverlander.com\/index.php\/category\/viajes\/alsacia-2018\/","nextItem":{"@type":"ListItem","@id":"https:\/\/www.notanoverlander.com\/index.php\/2018\/11\/03\/estrasburgo-y-alsacia-la-nuit\/#listItem","name":"Estrasburgo y Alsacia la nuit"},"previousItem":{"@type":"ListItem","@id":"https:\/\/www.notanoverlander.com\/index.php\/category\/viajes\/#listItem","name":"Viajes"}},{"@type":"ListItem","@id":"https:\/\/www.notanoverlander.com\/index.php\/2018\/11\/03\/estrasburgo-y-alsacia-la-nuit\/#listItem","position":4,"name":"Estrasburgo y Alsacia la nuit","previousItem":{"@type":"ListItem","@id":"https:\/\/www.notanoverlander.com\/index.php\/category\/viajes\/alsacia-2018\/#listItem","name":"Alsacia 2018"}}]},{"@type":"Person","@id":"https:\/\/www.notanoverlander.com\/#person","name":"David","image":"https:\/\/www.notanoverlander.com\/wp-content\/uploads\/2017\/05\/logoNAO.png","sameAs":["https:\/\/facebook.com\/NotanOverlander","https:\/\/x.com\/NotanOverlander","https:\/\/instagram.com\/NotanOverlander","https:\/\/www.youtube.com\/channel\/UCvc1e5xDGI3ZbDNei9TnpDw"]},{"@type":"Person","@id":"https:\/\/www.notanoverlander.com\/index.php\/author\/daviz\/#author","url":"https:\/\/www.notanoverlander.com\/index.php\/author\/daviz\/","name":"Daviz","image":{"@type":"ImageObject","@id":"https:\/\/www.notanoverlander.com\/index.php\/2018\/11\/03\/estrasburgo-y-alsacia-la-nuit\/#authorImage","url":"https:\/\/secure.gravatar.com\/avatar\/2c29c3b0163f4585d6a605f3db00c13569b8c4b2cc1b5476a605d3ac3be9982f?s=96&d=mm&r=g","width":96,"height":96,"caption":"Daviz"}},{"@type":"WebPage","@id":"https:\/\/www.notanoverlander.com\/index.php\/2018\/11\/03\/estrasburgo-y-alsacia-la-nuit\/#webpage","url":"https:\/\/www.notanoverlander.com\/index.php\/2018\/11\/03\/estrasburgo-y-alsacia-la-nuit\/","name":"Estrasburgo y Alsacia la nuit | NotAnOverlander","inLanguage":"es-ES","isPartOf":{"@id":"https:\/\/www.notanoverlander.com\/#website"},"breadcrumb":{"@id":"https:\/\/www.notanoverlander.com\/index.php\/2018\/11\/03\/estrasburgo-y-alsacia-la-nuit\/#breadcrumblist"},"author":{"@id":"https:\/\/www.notanoverlander.com\/index.php\/author\/daviz\/#author"},"creator":{"@id":"https:\/\/www.notanoverlander.com\/index.php\/author\/daviz\/#author"},"image":{"@type":"ImageObject","url":"https:\/\/i0.wp.com\/www.notanoverlander.com\/wp-content\/uploads\/2018\/11\/fe7de9ae-6671-46eb-9ee3-00599f0b211f.jpg?fit=1920%2C1440&ssl=1","@id":"https:\/\/www.notanoverlander.com\/index.php\/2018\/11\/03\/estrasburgo-y-alsacia-la-nuit\/#mainImage","width":1920,"height":1440},"primaryImageOfPage":{"@id":"https:\/\/www.notanoverlander.com\/index.php\/2018\/11\/03\/estrasburgo-y-alsacia-la-nuit\/#mainImage"},"datePublished":"2018-11-03T09:39:27+01:00","dateModified":"2018-11-03T20:57:50+01:00"},{"@type":"WebSite","@id":"https:\/\/www.notanoverlander.com\/#website","url":"https:\/\/www.notanoverlander.com\/","name":"{:es}NotAnOverlander{:}{:en}NotAnOverlander{:}","description":"NotAnOverlander","inLanguage":"es-ES","publisher":{"@id":"https:\/\/www.notanoverlander.com\/#person"}}]}},"aioseo_meta_data":{"post_id":"1236","title":null,"description":null,"keywords":null,"keyphrases":null,"primary_term":null,"canonical_url":null,"og_title":null,"og_description":null,"og_object_type":"default","og_image_type":"default","og_image_url":null,"og_image_width":null,"og_image_height":null,"og_image_custom_url":null,"og_image_custom_fields":null,"og_video":null,"og_custom_url":null,"og_article_section":null,"og_article_tags":null,"twitter_use_og":false,"twitter_card":"default","twitter_image_type":"default","twitter_image_url":null,"twitter_image_custom_url":null,"twitter_image_custom_fields":null,"twitter_title":null,"twitter_description":null,"schema":{"blockGraphs":[],"customGraphs":[],"default":{"data":{"Article":[],"Course":[],"Dataset":[],"FAQPage":[],"Movie":[],"Person":[],"Product":[],"ProductReview":[],"Car":[],"Recipe":[],"Service":[],"SoftwareApplication":[],"WebPage":[]},"graphName":"","isEnabled":true},"graphs":[]},"schema_type":null,"schema_type_options":null,"pillar_content":false,"robots_default":true,"robots_noindex":false,"robots_noarchive":false,"robots_nosnippet":false,"robots_nofollow":false,"robots_noimageindex":false,"robots_noodp":false,"robots_notranslate":false,"robots_max_snippet":null,"robots_max_videopreview":null,"robots_max_imagepreview":"large","priority":null,"frequency":null,"local_seo":null,"breadcrumb_settings":null,"limit_modified_date":false,"ai":null,"created":"2020-12-22 08:47:38","updated":"2022-09-18 08:58:30","seo_analyzer_scan_date":null,"focus_keyword":null,"additional_keywords":null,"truseo_locale":null},"jetpack_publicize_connections":[],"jetpack_sharing_enabled":true,"jetpack_likes_enabled":true,"jetpack-related-posts":[],"jetpack_featured_media_url":"https:\/\/i0.wp.com\/www.notanoverlander.com\/wp-content\/uploads\/2018\/11\/fe7de9ae-6671-46eb-9ee3-00599f0b211f.jpg?fit=1920%2C1440&ssl=1","_links":{"self":[{"href":"https:\/\/www.notanoverlander.com\/index.php\/wp-json\/wp\/v2\/posts\/1236","targetHints":{"allow":["GET"]}}],"collection":[{"href":"https:\/\/www.notanoverlander.com\/index.php\/wp-json\/wp\/v2\/posts"}],"about":[{"href":"https:\/\/www.notanoverlander.com\/index.php\/wp-json\/wp\/v2\/types\/post"}],"author":[{"embeddable":true,"href":"https:\/\/www.notanoverlander.com\/index.php\/wp-json\/wp\/v2\/users\/1"}],"replies":[{"embeddable":true,"href":"https:\/\/www.notanoverlander.com\/index.php\/wp-json\/wp\/v2\/comments?post=1236"}],"version-history":[{"count":9,"href":"https:\/\/www.notanoverlander.com\/index.php\/wp-json\/wp\/v2\/posts\/1236\/revisions"}],"predecessor-version":[{"id":1253,"href":"https:\/\/www.notanoverlander.com\/index.php\/wp-json\/wp\/v2\/posts\/1236\/revisions\/1253"}],"wp:featuredmedia":[{"embeddable":true,"href":"https:\/\/www.notanoverlander.com\/index.php\/wp-json\/wp\/v2\/media\/1242"}],"wp:attachment":[{"href":"https:\/\/www.notanoverlander.com\/index.php\/wp-json\/wp\/v2\/media?parent=1236"}],"wp:term":[{"taxonomy":"category","embeddable":true,"href":"https:\/\/www.notanoverlander.com\/index.php\/wp-json\/wp\/v2\/categories?post=1236"},{"taxonomy":"post_tag","embeddable":true,"href":"https:\/\/www.notanoverlander.com\/index.php\/wp-json\/wp\/v2\/tags?post=1236"}],"curies":[{"name":"wp","href":"https:\/\/api.w.org\/{rel}","templated":true}]}}