{"id":154,"date":"2016-07-27T18:58:33","date_gmt":"2016-07-27T18:58:33","guid":{"rendered":"https:\/\/notanoverlander.wordpress.com\/?p=154"},"modified":"2017-02-14T19:52:41","modified_gmt":"2017-02-14T19:52:41","slug":"de-vuelta-a-bruselas","status":"publish","type":"post","link":"https:\/\/www.notanoverlander.com\/index.php\/2016\/07\/27\/de-vuelta-a-bruselas\/","title":{"rendered":"De vuelta a Bruselas"},"content":{"rendered":"\n<!-- Facebook Like Button v1.9.6 BEGIN [http:\/\/blog.bottomlessinc.com] -->\n<iframe src=\"http:\/\/www.facebook.com\/plugins\/like.php?href=https%3A%2F%2Fwww.notanoverlander.com%2Findex.php%2F2016%2F07%2F27%2Fde-vuelta-a-bruselas%2F&amp;layout=standard&amp;show_faces=false&amp;width=450&amp;action=like&amp;colorscheme=light\" scrolling=\"no\" frameborder=\"0\" allowTransparency=\"true\" style=\"border:none; overflow:hidden; width:450px; height: 30px; align: left; margin: 2px 0px 2px 0px\"><\/iframe>\n<!-- Facebook Like Button END -->\n<div class=\"sf-social-icon-list\">\n<table border=\"0\" cellspacing=\"0\" cellpadding=\"\">\n<td style=\"padding: 1px\"><a href='https:\/\/www.twitter.com\/notanoverlander' target='parent'><img data-recalc-dims=\"1\" decoding=\"async\" src=\"https:\/\/i0.wp.com\/www.notanoverlander.com\/wp-content\/plugins\/free-social-media-icons\/assets\/icons\/Cute%20Icons\/Twitter.png?ssl=1\" class=\"sf-social-icon\" style=\"width: 32px; height: 32px; max-width: 32px\" \/><\/a><\/td>\n<\/table>\n<\/div><p style=\"text-align: justify;\">Se acaba el fin de semana, ya es domingo y toca volver a casa. Con la sana intenci\u00f3n de salir pronto nos levantamos a eso de las 8, bajamos a desayunar al buffet (como lo vamos a echar de menos) y regresamos a por el petate. Yo, valiente de mi, me dispongo a eso de las 10 de la ma\u00f1ana a ir al Parking a recoger la moto para cargar el equipaje en la puerta del hotel. El parking, de pago, claro est\u00e1, y caro, tambi\u00e9n hay que decirlo (30\u20ac el d\u00eda), no abr\u00eda los domingos&#8230; hasta las 11:30 de la ma\u00f1ana!! As\u00ed que despu\u00e9s de un paseo enfundado en el traje de moto, toc\u00f3 volver al hotel hasta que lleg\u00f3 la hora en la que se pod\u00eda entrar y recoger nuestro veh\u00edculo.<\/p>\n<p style=\"text-align: justify;\">Check out, carga de maletas en la moto, sorprendentemente cabe todo!! (alg\u00fan d\u00eda hablaremos de lo que llega a entrar en la maleta de la moto). Arrancamos y pretendemos parar en una gasolinera a la salida de La Haya. Una vez m\u00e1s el Gps y el sol apuntando a el nos hacen dar un rodeo&#8230; Qu\u00e9 nervioso me pone ver la exclamaci\u00f3n naranja en el cuadro indicando que hay que repostar!<\/p>\n<p style=\"text-align: justify;\">Salvado el momento, cogemos la autov\u00eda y nos dirigimos de vuelta a Bruselas. Primero Roterdam, luego Breda y finalmente Amberes nos van recibiendo por la aburrida y recta autov\u00eda. Sobre todo en la zona holandesa, limitada la mayor parte a 100, con cuatro carriles y muchos radares.<\/p>\n<p style=\"text-align: justify;\"><img loading=\"lazy\" decoding=\"async\" class=\"aligncentrado size-full wp-image-167\" title=\"\" src=\"http:\/\/i0.wp.com\/notanoverlander.files.wordpress.com\/2016\/07\/screenshot_2016-07-29-18-16-19.png?w=528\" alt=\"\" width=\"380\" height=\"675\" srcset=\"https:\/\/i0.wp.com\/www.notanoverlander.com\/wp-content\/uploads\/2016\/07\/screenshot_2016-07-29-18-16-19.png?w=720&amp;ssl=1 720w, https:\/\/i0.wp.com\/www.notanoverlander.com\/wp-content\/uploads\/2016\/07\/screenshot_2016-07-29-18-16-19.png?resize=169%2C300&amp;ssl=1 169w, https:\/\/i0.wp.com\/www.notanoverlander.com\/wp-content\/uploads\/2016\/07\/screenshot_2016-07-29-18-16-19.png?resize=576%2C1024&amp;ssl=1 576w\" sizes=\"auto, (max-width: 380px) 100vw, 380px\" \/><\/p>\n<p style=\"text-align: justify;\">El calor aprieta y el hambre, de nuevo, tambi\u00e9n, as\u00ed que a unos 50 minutos de casa nos salimos en un \u00e1rea de servicio&#8230; Madre m\u00eda!!! Est\u00e1 petada!! No hay ni donde dejar la moto!! \u00a0Seguimos &#8230;os he dicho lo poco que nos gustan las aglomeraciones de gente?<\/p>\n<p style=\"text-align: justify;\">As\u00ed que decidimos volver a casa sin parar, \u00a0pero en las inmediaciones de Malinas se anuncia una estaci\u00f3n de servicio con restaurante y nos resistimos a llegar a casa y tener que liarnos a preparar la comida&#8230; paramos. Por suerte mucho m\u00e1s despoblada que la anterior, aparcamos y a comer. Nada rese\u00f1able del sitio, m\u00e1s all\u00e1 de que nos quitamos el hambre y regresamos a casa sin incidencias, con mucho calor, eso si.<\/p>\n<p style=\"text-align: justify;\">A modo de resumen, buenos cuatro d\u00edas disfrutando de Holanda y conociendo una zona de costa m\u00e1s que interesante para volver a disfrutar de la playa. Nada de grandes rutas moteras o curvas, pero entretenido, como siempre que se viaja.<\/p>\n<p style=\"text-align: justify;\">Os dejo un v\u00eddeo del paso por la costa que comentaba en el\u00a0<a href=\"https:\/\/notanoverlander.wordpress.com\/2016\/07\/22\/de-viaje\/\">post de inicio del viaje<\/a>\u00a0y alguna foto.<\/p>\n<p style=\"text-align: justify;\">Hasta el siguiente post!<\/p>\n[youtube https:\/\/www.youtube.com\/watch?v=CDWbyG7Qf-o]\n<p><a href=\"https:\/\/i0.wp.com\/www.notanoverlander.com\/wp-content\/uploads\/2016\/07\/wp-image-56831633jpg.jpg\"><img data-recalc-dims=\"1\" loading=\"lazy\" decoding=\"async\" class=\"aligncentrado size-full wp-image-169\" title=\"Playa\" src=\"https:\/\/i0.wp.com\/www.notanoverlander.com\/wp-content\/uploads\/2016\/07\/wp-image-56831633jpg.jpg?resize=460%2C345\" alt=\"\" width=\"460\" height=\"345\" srcset=\"https:\/\/i0.wp.com\/www.notanoverlander.com\/wp-content\/uploads\/2016\/07\/wp-image-56831633jpg.jpg?w=2000&amp;ssl=1 2000w, https:\/\/i0.wp.com\/www.notanoverlander.com\/wp-content\/uploads\/2016\/07\/wp-image-56831633jpg.jpg?resize=300%2C225&amp;ssl=1 300w, https:\/\/i0.wp.com\/www.notanoverlander.com\/wp-content\/uploads\/2016\/07\/wp-image-56831633jpg.jpg?resize=768%2C576&amp;ssl=1 768w, https:\/\/i0.wp.com\/www.notanoverlander.com\/wp-content\/uploads\/2016\/07\/wp-image-56831633jpg.jpg?resize=1024%2C768&amp;ssl=1 1024w, https:\/\/i0.wp.com\/www.notanoverlander.com\/wp-content\/uploads\/2016\/07\/wp-image-56831633jpg.jpg?resize=1200%2C900&amp;ssl=1 1200w\" sizes=\"auto, (max-width: 460px) 100vw, 460px\" \/><\/a><\/p>\n<p><a href=\"https:\/\/i0.wp.com\/www.notanoverlander.com\/wp-content\/uploads\/2016\/07\/wp-image-469795968jpg.jpg\"><img data-recalc-dims=\"1\" loading=\"lazy\" decoding=\"async\" class=\"aligncentrado size-full wp-image-170\" title=\"Parada en el camino\" src=\"https:\/\/i0.wp.com\/www.notanoverlander.com\/wp-content\/uploads\/2016\/07\/wp-image-469795968jpg.jpg?resize=460%2C306\" alt=\"\" width=\"460\" height=\"306\" srcset=\"https:\/\/i0.wp.com\/www.notanoverlander.com\/wp-content\/uploads\/2016\/07\/wp-image-469795968jpg.jpg?w=2000&amp;ssl=1 2000w, https:\/\/i0.wp.com\/www.notanoverlander.com\/wp-content\/uploads\/2016\/07\/wp-image-469795968jpg.jpg?resize=300%2C200&amp;ssl=1 300w, https:\/\/i0.wp.com\/www.notanoverlander.com\/wp-content\/uploads\/2016\/07\/wp-image-469795968jpg.jpg?resize=768%2C511&amp;ssl=1 768w, https:\/\/i0.wp.com\/www.notanoverlander.com\/wp-content\/uploads\/2016\/07\/wp-image-469795968jpg.jpg?resize=1024%2C682&amp;ssl=1 1024w, https:\/\/i0.wp.com\/www.notanoverlander.com\/wp-content\/uploads\/2016\/07\/wp-image-469795968jpg.jpg?resize=1200%2C799&amp;ssl=1 1200w\" sizes=\"auto, (max-width: 460px) 100vw, 460px\" \/><\/a><\/p>\n<p><a href=\"https:\/\/i0.wp.com\/www.notanoverlander.com\/wp-content\/uploads\/2016\/07\/wp-image-1564487007jpg.jpg\"><img data-recalc-dims=\"1\" loading=\"lazy\" decoding=\"async\" class=\"aligncentrado size-full wp-image-171\" title=\"La Haya\" src=\"https:\/\/i0.wp.com\/www.notanoverlander.com\/wp-content\/uploads\/2016\/07\/wp-image-1564487007jpg.jpg?resize=10%2C6\" alt=\"\" width=\"10\" height=\"6\" srcset=\"https:\/\/i0.wp.com\/www.notanoverlander.com\/wp-content\/uploads\/2016\/07\/wp-image-1564487007jpg.jpg?w=2000&amp;ssl=1 2000w, https:\/\/i0.wp.com\/www.notanoverlander.com\/wp-content\/uploads\/2016\/07\/wp-image-1564487007jpg.jpg?resize=300%2C200&amp;ssl=1 300w, https:\/\/i0.wp.com\/www.notanoverlander.com\/wp-content\/uploads\/2016\/07\/wp-image-1564487007jpg.jpg?resize=768%2C511&amp;ssl=1 768w, https:\/\/i0.wp.com\/www.notanoverlander.com\/wp-content\/uploads\/2016\/07\/wp-image-1564487007jpg.jpg?resize=1024%2C682&amp;ssl=1 1024w, https:\/\/i0.wp.com\/www.notanoverlander.com\/wp-content\/uploads\/2016\/07\/wp-image-1564487007jpg.jpg?resize=1200%2C799&amp;ssl=1 1200w\" sizes=\"auto, (max-width: 10px) 100vw, 10px\" \/><\/a><\/p>\n","protected":false},"excerpt":{"rendered":"<p>Se acaba el fin de semana, ya es domingo y toca volver a casa. Con la sana intenci\u00f3n de salir pronto nos levantamos a eso de las 8, bajamos a desayunar al buffet (como lo vamos a echar de menos) y regresamos a por el petate. Yo, valiente de mi, me dispongo a eso de [&hellip;]<\/p>\n","protected":false},"author":1,"featured_media":0,"comment_status":"open","ping_status":"open","sticky":false,"template":"","format":"standard","meta":{"_jetpack_newsletter_access":"","_jetpack_dont_email_post_to_subs":true,"_jetpack_newsletter_tier_id":0,"_jetpack_memberships_contains_paywalled_content":false,"_jetpack_feature_clip_id":0,"_jetpack_memberships_contains_paid_content":false,"footnotes":"","jetpack_publicize_message":"","jetpack_publicize_feature_enabled":true,"jetpack_social_post_already_shared":false,"jetpack_social_options":{"image_generator_settings":{"template":"highway","default_image_id":0,"font":"","enabled":false},"version":2},"jetpack_post_was_ever_published":false},"categories":[21,6],"tags":[8],"class_list":["post-154","post","type-post","status-publish","format-standard","hentry","category-la-haya-y-la-costa-holandesa","category-viajes","tag-holanda-la-haya-playa-moto"],"translation":{"provider":"WPGlobus","version":"3.0.5","language":"es","enabled_languages":["es"],"languages":{"es":{"title":true,"content":true,"excerpt":false}}},"aioseo_notices":[],"aioseo_head":"\n\t\t<!-- All in One SEO 5.0.1.1 - aioseo.com -->\n\t<meta name=\"robots\" content=\"max-image-preview:large\" \/>\n\t<meta name=\"author\" content=\"Daviz\"\/>\n\t<meta name=\"google-site-verification\" content=\"rgL4cG7lkS3Or5dFWhIEkt-UqRz-5d7tYVEOFvb7tF8\" \/>\n\t<link rel=\"canonical\" href=\"https:\/\/www.notanoverlander.com\/index.php\/2016\/07\/27\/de-vuelta-a-bruselas\/\" \/>\n\t<meta name=\"generator\" content=\"All in One SEO (AIOSEO) 5.0.1.1\" \/>\n\t\t<script type=\"application\/ld+json\" class=\"aioseo-schema\">\n\t\t\t{\"@context\":\"https:\\\/\\\/schema.org\",\"@graph\":[{\"@type\":\"Article\",\"@id\":\"https:\\\/\\\/www.notanoverlander.com\\\/index.php\\\/2016\\\/07\\\/27\\\/de-vuelta-a-bruselas\\\/#article\",\"name\":\"De vuelta a Bruselas | NotAnOverlander\",\"headline\":\"De vuelta a Bruselas\",\"author\":{\"@id\":\"https:\\\/\\\/www.notanoverlander.com\\\/index.php\\\/author\\\/daviz\\\/#author\"},\"publisher\":{\"@id\":\"https:\\\/\\\/www.notanoverlander.com\\\/#person\"},\"image\":{\"@type\":\"ImageObject\",\"url\":\"http:\\\/\\\/i0.wp.com\\\/notanoverlander.files.wordpress.com\\\/2016\\\/07\\\/screenshot_2016-07-29-18-16-19.png?w=528\",\"@id\":\"https:\\\/\\\/www.notanoverlander.com\\\/index.php\\\/2016\\\/07\\\/27\\\/de-vuelta-a-bruselas\\\/#articleImage\"},\"datePublished\":\"2016-07-27T18:58:33+02:00\",\"dateModified\":\"2017-02-14T19:52:41+01:00\",\"inLanguage\":\"es-ES\",\"mainEntityOfPage\":{\"@id\":\"https:\\\/\\\/www.notanoverlander.com\\\/index.php\\\/2016\\\/07\\\/27\\\/de-vuelta-a-bruselas\\\/#webpage\"},\"isPartOf\":{\"@id\":\"https:\\\/\\\/www.notanoverlander.com\\\/index.php\\\/2016\\\/07\\\/27\\\/de-vuelta-a-bruselas\\\/#webpage\"},\"articleSection\":\"La Haya y la costa Holandesa, Viajes, holanda la haya playa moto\"},{\"@type\":\"BreadcrumbList\",\"@id\":\"https:\\\/\\\/www.notanoverlander.com\\\/index.php\\\/2016\\\/07\\\/27\\\/de-vuelta-a-bruselas\\\/#breadcrumblist\",\"itemListElement\":[{\"@type\":\"ListItem\",\"@id\":\"https:\\\/\\\/www.notanoverlander.com#listItem\",\"position\":1,\"name\":\"Inicio\",\"item\":\"https:\\\/\\\/www.notanoverlander.com\",\"nextItem\":{\"@type\":\"ListItem\",\"@id\":\"https:\\\/\\\/www.notanoverlander.com\\\/index.php\\\/category\\\/viajes\\\/#listItem\",\"name\":\"Viajes\"}},{\"@type\":\"ListItem\",\"@id\":\"https:\\\/\\\/www.notanoverlander.com\\\/index.php\\\/category\\\/viajes\\\/#listItem\",\"position\":2,\"name\":\"Viajes\",\"item\":\"https:\\\/\\\/www.notanoverlander.com\\\/index.php\\\/category\\\/viajes\\\/\",\"nextItem\":{\"@type\":\"ListItem\",\"@id\":\"https:\\\/\\\/www.notanoverlander.com\\\/index.php\\\/category\\\/viajes\\\/la-haya-y-la-costa-holandesa\\\/#listItem\",\"name\":\"La Haya y la costa Holandesa\"},\"previousItem\":{\"@type\":\"ListItem\",\"@id\":\"https:\\\/\\\/www.notanoverlander.com#listItem\",\"name\":\"Inicio\"}},{\"@type\":\"ListItem\",\"@id\":\"https:\\\/\\\/www.notanoverlander.com\\\/index.php\\\/category\\\/viajes\\\/la-haya-y-la-costa-holandesa\\\/#listItem\",\"position\":3,\"name\":\"La Haya y la costa Holandesa\",\"item\":\"https:\\\/\\\/www.notanoverlander.com\\\/index.php\\\/category\\\/viajes\\\/la-haya-y-la-costa-holandesa\\\/\",\"nextItem\":{\"@type\":\"ListItem\",\"@id\":\"https:\\\/\\\/www.notanoverlander.com\\\/index.php\\\/2016\\\/07\\\/27\\\/de-vuelta-a-bruselas\\\/#listItem\",\"name\":\"De vuelta a Bruselas\"},\"previousItem\":{\"@type\":\"ListItem\",\"@id\":\"https:\\\/\\\/www.notanoverlander.com\\\/index.php\\\/category\\\/viajes\\\/#listItem\",\"name\":\"Viajes\"}},{\"@type\":\"ListItem\",\"@id\":\"https:\\\/\\\/www.notanoverlander.com\\\/index.php\\\/2016\\\/07\\\/27\\\/de-vuelta-a-bruselas\\\/#listItem\",\"position\":4,\"name\":\"De vuelta a Bruselas\",\"previousItem\":{\"@type\":\"ListItem\",\"@id\":\"https:\\\/\\\/www.notanoverlander.com\\\/index.php\\\/category\\\/viajes\\\/la-haya-y-la-costa-holandesa\\\/#listItem\",\"name\":\"La Haya y la costa Holandesa\"}}]},{\"@type\":\"Person\",\"@id\":\"https:\\\/\\\/www.notanoverlander.com\\\/#person\",\"name\":\"David\",\"image\":\"https:\\\/\\\/www.notanoverlander.com\\\/wp-content\\\/uploads\\\/2017\\\/05\\\/logoNAO.png\",\"sameAs\":[\"https:\\\/\\\/facebook.com\\\/NotanOverlander\",\"https:\\\/\\\/x.com\\\/NotanOverlander\",\"https:\\\/\\\/instagram.com\\\/NotanOverlander\",\"https:\\\/\\\/www.youtube.com\\\/channel\\\/UCvc1e5xDGI3ZbDNei9TnpDw\"]},{\"@type\":\"Person\",\"@id\":\"https:\\\/\\\/www.notanoverlander.com\\\/index.php\\\/author\\\/daviz\\\/#author\",\"url\":\"https:\\\/\\\/www.notanoverlander.com\\\/index.php\\\/author\\\/daviz\\\/\",\"name\":\"Daviz\",\"image\":{\"@type\":\"ImageObject\",\"@id\":\"https:\\\/\\\/www.notanoverlander.com\\\/index.php\\\/2016\\\/07\\\/27\\\/de-vuelta-a-bruselas\\\/#authorImage\",\"url\":\"https:\\\/\\\/secure.gravatar.com\\\/avatar\\\/2c29c3b0163f4585d6a605f3db00c13569b8c4b2cc1b5476a605d3ac3be9982f?s=96&d=mm&r=g\",\"width\":96,\"height\":96,\"caption\":\"Daviz\"}},{\"@type\":\"WebPage\",\"@id\":\"https:\\\/\\\/www.notanoverlander.com\\\/index.php\\\/2016\\\/07\\\/27\\\/de-vuelta-a-bruselas\\\/#webpage\",\"url\":\"https:\\\/\\\/www.notanoverlander.com\\\/index.php\\\/2016\\\/07\\\/27\\\/de-vuelta-a-bruselas\\\/\",\"name\":\"De vuelta a Bruselas | NotAnOverlander\",\"inLanguage\":\"es-ES\",\"isPartOf\":{\"@id\":\"https:\\\/\\\/www.notanoverlander.com\\\/#website\"},\"breadcrumb\":{\"@id\":\"https:\\\/\\\/www.notanoverlander.com\\\/index.php\\\/2016\\\/07\\\/27\\\/de-vuelta-a-bruselas\\\/#breadcrumblist\"},\"author\":{\"@id\":\"https:\\\/\\\/www.notanoverlander.com\\\/index.php\\\/author\\\/daviz\\\/#author\"},\"creator\":{\"@id\":\"https:\\\/\\\/www.notanoverlander.com\\\/index.php\\\/author\\\/daviz\\\/#author\"},\"datePublished\":\"2016-07-27T18:58:33+02:00\",\"dateModified\":\"2017-02-14T19:52:41+01:00\"},{\"@type\":\"WebSite\",\"@id\":\"https:\\\/\\\/www.notanoverlander.com\\\/#website\",\"url\":\"https:\\\/\\\/www.notanoverlander.com\\\/\",\"name\":\"{:es}NotAnOverlander{:}{:en}NotAnOverlander{:}\",\"description\":\"NotAnOverlander\",\"inLanguage\":\"es-ES\",\"publisher\":{\"@id\":\"https:\\\/\\\/www.notanoverlander.com\\\/#person\"}}]}\n\t\t<\/script>\n\t\t<!-- All in One SEO -->\n\n","aioseo_head_json":{"title":"De vuelta a Bruselas | NotAnOverlander","description":"","canonical_url":"https:\/\/www.notanoverlander.com\/index.php\/2016\/07\/27\/de-vuelta-a-bruselas\/","robots":"max-image-preview:large","keywords":"","webmasterTools":{"google-site-verification":"rgL4cG7lkS3Or5dFWhIEkt-UqRz-5d7tYVEOFvb7tF8","miscellaneous":""},"schema":{"@context":"https:\/\/schema.org","@graph":[{"@type":"Article","@id":"https:\/\/www.notanoverlander.com\/index.php\/2016\/07\/27\/de-vuelta-a-bruselas\/#article","name":"De vuelta a Bruselas | NotAnOverlander","headline":"De vuelta a Bruselas","author":{"@id":"https:\/\/www.notanoverlander.com\/index.php\/author\/daviz\/#author"},"publisher":{"@id":"https:\/\/www.notanoverlander.com\/#person"},"image":{"@type":"ImageObject","url":"http:\/\/i0.wp.com\/notanoverlander.files.wordpress.com\/2016\/07\/screenshot_2016-07-29-18-16-19.png?w=528","@id":"https:\/\/www.notanoverlander.com\/index.php\/2016\/07\/27\/de-vuelta-a-bruselas\/#articleImage"},"datePublished":"2016-07-27T18:58:33+02:00","dateModified":"2017-02-14T19:52:41+01:00","inLanguage":"es-ES","mainEntityOfPage":{"@id":"https:\/\/www.notanoverlander.com\/index.php\/2016\/07\/27\/de-vuelta-a-bruselas\/#webpage"},"isPartOf":{"@id":"https:\/\/www.notanoverlander.com\/index.php\/2016\/07\/27\/de-vuelta-a-bruselas\/#webpage"},"articleSection":"La Haya y la costa Holandesa, Viajes, holanda la haya playa moto"},{"@type":"BreadcrumbList","@id":"https:\/\/www.notanoverlander.com\/index.php\/2016\/07\/27\/de-vuelta-a-bruselas\/#breadcrumblist","itemListElement":[{"@type":"ListItem","@id":"https:\/\/www.notanoverlander.com#listItem","position":1,"name":"Inicio","item":"https:\/\/www.notanoverlander.com","nextItem":{"@type":"ListItem","@id":"https:\/\/www.notanoverlander.com\/index.php\/category\/viajes\/#listItem","name":"Viajes"}},{"@type":"ListItem","@id":"https:\/\/www.notanoverlander.com\/index.php\/category\/viajes\/#listItem","position":2,"name":"Viajes","item":"https:\/\/www.notanoverlander.com\/index.php\/category\/viajes\/","nextItem":{"@type":"ListItem","@id":"https:\/\/www.notanoverlander.com\/index.php\/category\/viajes\/la-haya-y-la-costa-holandesa\/#listItem","name":"La Haya y la costa Holandesa"},"previousItem":{"@type":"ListItem","@id":"https:\/\/www.notanoverlander.com#listItem","name":"Inicio"}},{"@type":"ListItem","@id":"https:\/\/www.notanoverlander.com\/index.php\/category\/viajes\/la-haya-y-la-costa-holandesa\/#listItem","position":3,"name":"La Haya y la costa Holandesa","item":"https:\/\/www.notanoverlander.com\/index.php\/category\/viajes\/la-haya-y-la-costa-holandesa\/","nextItem":{"@type":"ListItem","@id":"https:\/\/www.notanoverlander.com\/index.php\/2016\/07\/27\/de-vuelta-a-bruselas\/#listItem","name":"De vuelta a Bruselas"},"previousItem":{"@type":"ListItem","@id":"https:\/\/www.notanoverlander.com\/index.php\/category\/viajes\/#listItem","name":"Viajes"}},{"@type":"ListItem","@id":"https:\/\/www.notanoverlander.com\/index.php\/2016\/07\/27\/de-vuelta-a-bruselas\/#listItem","position":4,"name":"De vuelta a Bruselas","previousItem":{"@type":"ListItem","@id":"https:\/\/www.notanoverlander.com\/index.php\/category\/viajes\/la-haya-y-la-costa-holandesa\/#listItem","name":"La Haya y la costa Holandesa"}}]},{"@type":"Person","@id":"https:\/\/www.notanoverlander.com\/#person","name":"David","image":"https:\/\/www.notanoverlander.com\/wp-content\/uploads\/2017\/05\/logoNAO.png","sameAs":["https:\/\/facebook.com\/NotanOverlander","https:\/\/x.com\/NotanOverlander","https:\/\/instagram.com\/NotanOverlander","https:\/\/www.youtube.com\/channel\/UCvc1e5xDGI3ZbDNei9TnpDw"]},{"@type":"Person","@id":"https:\/\/www.notanoverlander.com\/index.php\/author\/daviz\/#author","url":"https:\/\/www.notanoverlander.com\/index.php\/author\/daviz\/","name":"Daviz","image":{"@type":"ImageObject","@id":"https:\/\/www.notanoverlander.com\/index.php\/2016\/07\/27\/de-vuelta-a-bruselas\/#authorImage","url":"https:\/\/secure.gravatar.com\/avatar\/2c29c3b0163f4585d6a605f3db00c13569b8c4b2cc1b5476a605d3ac3be9982f?s=96&d=mm&r=g","width":96,"height":96,"caption":"Daviz"}},{"@type":"WebPage","@id":"https:\/\/www.notanoverlander.com\/index.php\/2016\/07\/27\/de-vuelta-a-bruselas\/#webpage","url":"https:\/\/www.notanoverlander.com\/index.php\/2016\/07\/27\/de-vuelta-a-bruselas\/","name":"De vuelta a Bruselas | NotAnOverlander","inLanguage":"es-ES","isPartOf":{"@id":"https:\/\/www.notanoverlander.com\/#website"},"breadcrumb":{"@id":"https:\/\/www.notanoverlander.com\/index.php\/2016\/07\/27\/de-vuelta-a-bruselas\/#breadcrumblist"},"author":{"@id":"https:\/\/www.notanoverlander.com\/index.php\/author\/daviz\/#author"},"creator":{"@id":"https:\/\/www.notanoverlander.com\/index.php\/author\/daviz\/#author"},"datePublished":"2016-07-27T18:58:33+02:00","dateModified":"2017-02-14T19:52:41+01:00"},{"@type":"WebSite","@id":"https:\/\/www.notanoverlander.com\/#website","url":"https:\/\/www.notanoverlander.com\/","name":"{:es}NotAnOverlander{:}{:en}NotAnOverlander{:}","description":"NotAnOverlander","inLanguage":"es-ES","publisher":{"@id":"https:\/\/www.notanoverlander.com\/#person"}}]}},"aioseo_meta_data":{"post_id":"154","title":null,"description":null,"keywords":null,"keyphrases":null,"primary_term":null,"canonical_url":null,"og_title":null,"og_description":null,"og_object_type":"default","og_image_type":"default","og_image_url":null,"og_image_width":null,"og_image_height":null,"og_image_custom_url":null,"og_image_custom_fields":null,"og_video":null,"og_custom_url":null,"og_article_section":null,"og_article_tags":null,"twitter_use_og":false,"twitter_card":"default","twitter_image_type":"default","twitter_image_url":null,"twitter_image_custom_url":null,"twitter_image_custom_fields":null,"twitter_title":null,"twitter_description":null,"schema":{"blockGraphs":[],"customGraphs":[],"default":{"data":{"Article":[],"Course":[],"Dataset":[],"FAQPage":[],"Movie":[],"Person":[],"Product":[],"ProductReview":[],"Car":[],"Recipe":[],"Service":[],"SoftwareApplication":[],"WebPage":[]},"graphName":"","isEnabled":true},"graphs":[]},"schema_type":null,"schema_type_options":null,"pillar_content":false,"robots_default":true,"robots_noindex":false,"robots_noarchive":false,"robots_nosnippet":false,"robots_nofollow":false,"robots_noimageindex":false,"robots_noodp":false,"robots_notranslate":false,"robots_max_snippet":null,"robots_max_videopreview":null,"robots_max_imagepreview":"large","priority":null,"frequency":null,"local_seo":null,"breadcrumb_settings":null,"limit_modified_date":false,"ai":null,"created":"2020-12-22 08:47:27","updated":"2022-09-15 06:06:52","seo_analyzer_scan_date":null,"focus_keyword":null,"additional_keywords":null,"truseo_locale":null},"jetpack_publicize_connections":[],"jetpack_sharing_enabled":true,"jetpack_likes_enabled":true,"jetpack-related-posts":[],"jetpack_featured_media_url":"","_links":{"self":[{"href":"https:\/\/www.notanoverlander.com\/index.php\/wp-json\/wp\/v2\/posts\/154","targetHints":{"allow":["GET"]}}],"collection":[{"href":"https:\/\/www.notanoverlander.com\/index.php\/wp-json\/wp\/v2\/posts"}],"about":[{"href":"https:\/\/www.notanoverlander.com\/index.php\/wp-json\/wp\/v2\/types\/post"}],"author":[{"embeddable":true,"href":"https:\/\/www.notanoverlander.com\/index.php\/wp-json\/wp\/v2\/users\/1"}],"replies":[{"embeddable":true,"href":"https:\/\/www.notanoverlander.com\/index.php\/wp-json\/wp\/v2\/comments?post=154"}],"version-history":[{"count":1,"href":"https:\/\/www.notanoverlander.com\/index.php\/wp-json\/wp\/v2\/posts\/154\/revisions"}],"predecessor-version":[{"id":189,"href":"https:\/\/www.notanoverlander.com\/index.php\/wp-json\/wp\/v2\/posts\/154\/revisions\/189"}],"wp:attachment":[{"href":"https:\/\/www.notanoverlander.com\/index.php\/wp-json\/wp\/v2\/media?parent=154"}],"wp:term":[{"taxonomy":"category","embeddable":true,"href":"https:\/\/www.notanoverlander.com\/index.php\/wp-json\/wp\/v2\/categories?post=154"},{"taxonomy":"post_tag","embeddable":true,"href":"https:\/\/www.notanoverlander.com\/index.php\/wp-json\/wp\/v2\/tags?post=154"}],"curies":[{"name":"wp","href":"https:\/\/api.w.org\/{rel}","templated":true}]}}