{"id":1587,"date":"2019-03-15T20:29:04","date_gmt":"2019-03-15T19:29:04","guid":{"rendered":"https:\/\/www.notanoverlander.com\/?p=1587"},"modified":"2019-03-15T20:46:08","modified_gmt":"2019-03-15T19:46:08","slug":"programa-4-el-hijo-prodigo-en-el-barro","status":"publish","type":"post","link":"https:\/\/www.notanoverlander.com\/index.php\/2019\/03\/15\/programa-4-el-hijo-prodigo-en-el-barro\/","title":{"rendered":"El internet de las motos 4 &#8211; El hijo pr\u00f3digo en el barro\ufeff"},"content":{"rendered":"\n<!-- Facebook Like Button v1.9.6 BEGIN [http:\/\/blog.bottomlessinc.com] -->\n<iframe src=\"http:\/\/www.facebook.com\/plugins\/like.php?href=https%3A%2F%2Fwww.notanoverlander.com%2Findex.php%2F2019%2F03%2F15%2Fprograma-4-el-hijo-prodigo-en-el-barro%2F&amp;layout=standard&amp;show_faces=false&amp;width=450&amp;action=like&amp;colorscheme=light\" scrolling=\"no\" frameborder=\"0\" allowTransparency=\"true\" style=\"border:none; overflow:hidden; width:450px; height: 30px; align: left; margin: 2px 0px 2px 0px\"><\/iframe>\n<!-- Facebook Like Button END -->\n<div class=\"sf-social-icon-list\">\n<table border=\"0\" cellspacing=\"0\" cellpadding=\"\">\n<td style=\"padding: 1px\"><a href='https:\/\/www.twitter.com\/notanoverlander' target='parent'><img data-recalc-dims=\"1\" decoding=\"async\" src=\"https:\/\/i0.wp.com\/www.notanoverlander.com\/wp-content\/plugins\/free-social-media-icons\/assets\/icons\/Cute%20Icons\/Twitter.png?ssl=1\" class=\"sf-social-icon\" style=\"width: 32px; height: 32px; max-width: 32px\" \/><\/a><\/td>\n<\/table>\n<\/div>\n<p class=\"wp-block-paragraph\"><iframe loading=\"lazy\" src=\"https:\/\/widget.spreaker.com\/player?episode_id=17325197&amp;theme=dark&amp;playlist=false\" width=\"100%\" height=\"200px\" frameborder=\"0\"><\/iframe><br><\/p>\n\n\n\n<p class=\"wp-block-paragraph\">Ya con Fernando de vuelta hablamos de off road, de gps, de roadbooks y de otras muchas cosas todas ellas relacionadas con las motos y la tecnolog\u00eda. Hoy nos acompa\u00f1a un invitado especial, al que nosotros denominamos experto, aunque a \u00e9l no le gusta\u2026 pero tendr\u00e1s que escucharlo para saber de qui\u00e9n hablamos. <\/p>\n\n\n\n<p class=\"wp-block-paragraph\">No puede faltar tampoco nuestra habitual secci\u00f3n de flash news, aqu\u00ed os dejamos unos cuantos links relacionados:<br><\/p>\n\n\n\n<figure class=\"wp-block-embed\"><div class=\"wp-block-embed__wrapper\">\nhttps:\/\/super7moto.com\/directorio\/revista\/salones\/12293-devora-kilometros-dentro-y-fuera-del-asfalto-con-la-nueva-zontes-t310.html?fbclid=IwAR0iMXxQrYQUD2AWtMiQ1pHIa5wuwQZFlNoCm_DkYKbGcNcTgJoFcZJ63PI\n<\/div><\/figure>\n\n\n\n<figure class=\"wp-block-embed\"><div class=\"wp-block-embed__wrapper\">\nhttps:\/\/www.bbc.com\/news\/science-environment-47374246\n<\/div><\/figure>\n\n\n\n<figure class=\"wp-block-embed-wordpress wp-block-embed is-type-wp-embed is-provider-eureka\"><div class=\"wp-block-embed__wrapper\">\n<blockquote class=\"wp-embedded-content\" data-secret=\"BO2zUtlSsZ\"><a href=\"https:\/\/danielmarin.naukas.com\/2019\/03\/01\/primer-lanzamiento-de-la-megaconstelacion-de-satelites-oneweb\/\">Primer lanzamiento de la megaconstelaci\u00f3n de sat\u00e9lites OneWeb<\/a><\/blockquote><iframe loading=\"lazy\" class=\"wp-embedded-content\" sandbox=\"allow-scripts\" security=\"restricted\" style=\"position: absolute; clip: rect(1px, 1px, 1px, 1px);\" title=\"&#171;Primer lanzamiento de la megaconstelaci\u00f3n de sat\u00e9lites OneWeb&#187; &#8212; Eureka\" src=\"https:\/\/danielmarin.naukas.com\/2019\/03\/01\/primer-lanzamiento-de-la-megaconstelacion-de-satelites-oneweb\/embed\/#?secret=BO2zUtlSsZ\" data-secret=\"BO2zUtlSsZ\" width=\"500\" height=\"282\" frameborder=\"0\" marginwidth=\"0\" marginheight=\"0\" scrolling=\"no\"><\/iframe>\n<\/div><\/figure>\n\n\n\n<figure class=\"wp-block-embed\"><div class=\"wp-block-embed__wrapper\">\nhttps:\/\/www.theregister.co.uk\/2019\/02\/12\/current_gps_epoch_ends\/\n<\/div><\/figure>\n\n\n\n<figure class=\"wp-block-embed\"><div class=\"wp-block-embed__wrapper\">\nhttps:\/\/www.adslzone.net\/2019\/02\/13\/gps-fallo-6-abril\/\n<\/div><\/figure>\n\n\n\n<figure class=\"wp-block-embed-wordpress wp-block-embed is-type-wp-embed is-provider-andro-4-all\"><div class=\"wp-block-embed__wrapper\">\nhttps:\/\/andro4all.com\/2019\/02\/motorola-razr-plegable-2019\n<\/div><\/figure>\n\n\n\n<figure class=\"wp-block-embed-wordpress wp-block-embed is-type-wp-embed is-provider-andro-4-all\"><div class=\"wp-block-embed__wrapper\">\nhttps:\/\/andro4all.com\/2019\/02\/energizer-telefono-plegable-mwc\n<\/div><\/figure>\n\n\n\n<figure class=\"wp-block-embed\"><div class=\"wp-block-embed__wrapper\">\nhttps:\/\/www.novuslight.com\/hybrid-oled-creates-innovative-and-functional-luminous-surfaces_N9031.html\n<\/div><\/figure>\n\n\n\n<figure class=\"wp-block-embed\"><div class=\"wp-block-embed__wrapper\">\nhttps:\/\/www.oled-info.com\/automotive-oled\n<\/div><\/figure>\n\n\n\n<p class=\"wp-block-paragraph\">Esperamos os guste este cuarto programa, si es as\u00ed, ya sab\u00e9is, gustad, comentad y compartid!<\/p>\n\n\n\n<p class=\"wp-block-paragraph\"><\/p>\n\n\n\n<p class=\"wp-block-paragraph\"><strong>Redes sociales:<\/strong><\/p>\n\n\n\n<p class=\"wp-block-paragraph\">Facebook: <a href=\"https:\/\/www.facebook.com\/elinternetdelasmotos\">https:\/\/www.facebook.com\/elinternetdelasmotos<\/a><\/p>\n\n\n\n<p class=\"wp-block-paragraph\">Twitter: @internetMotos &nbsp;https:\/\/twitter.com\/internetmotos<\/p>\n\n\n\n<p class=\"wp-block-paragraph\">Email: elinternetdelasmotos@viajoenmoto.com<br><\/p>\n","protected":false},"excerpt":{"rendered":"<p>Ya con Fernando de vuelta hablamos de off road, de gps, de roadbooks y de otras muchas cosas todas ellas relacionadas con las motos y la tecnolog\u00eda. Hoy nos acompa\u00f1a un invitado especial, al que nosotros denominamos experto, aunque a \u00e9l no le gusta\u2026 pero tendr\u00e1s que escucharlo para saber de qui\u00e9n hablamos. No puede [&hellip;]<\/p>\n","protected":false},"author":1,"featured_media":1188,"comment_status":"open","ping_status":"open","sticky":false,"template":"","format":"standard","meta":{"_jetpack_newsletter_access":"","_jetpack_dont_email_post_to_subs":false,"_jetpack_newsletter_tier_id":0,"_jetpack_memberships_contains_paywalled_content":false,"_jetpack_feature_clip_id":0,"_jetpack_memberships_contains_paid_content":false,"footnotes":"","jetpack_publicize_message":"Programa 4 - El hijo pr\u00f3digo en el barro\nVuelve @motercode a @internetmotos y con \u00e9l y con un invitado especial, hablamos de motos trail, gpses, roadbooks y suced\u00e1neos.\ufeff","jetpack_publicize_feature_enabled":true,"jetpack_social_post_already_shared":true,"jetpack_social_options":{"image_generator_settings":{"template":"highway","default_image_id":0,"font":"","enabled":false},"version":2},"jetpack_post_was_ever_published":false},"categories":[33],"tags":[],"class_list":["post-1587","post","type-post","status-publish","format-standard","has-post-thumbnail","hentry","category-el-internet-de-las-motos"],"translation":{"provider":"WPGlobus","version":"3.0.5","language":"es","enabled_languages":["es"],"languages":{"es":{"title":true,"content":true,"excerpt":false}}},"aioseo_notices":[],"aioseo_head":"\n\t\t<!-- All in One SEO 5.0.1.1 - aioseo.com -->\n\t<meta name=\"robots\" content=\"max-image-preview:large\" \/>\n\t<meta name=\"author\" content=\"Daviz\"\/>\n\t<meta name=\"google-site-verification\" content=\"rgL4cG7lkS3Or5dFWhIEkt-UqRz-5d7tYVEOFvb7tF8\" \/>\n\t<link rel=\"canonical\" href=\"https:\/\/www.notanoverlander.com\/index.php\/2019\/03\/15\/programa-4-el-hijo-prodigo-en-el-barro\/\" \/>\n\t<meta name=\"generator\" content=\"All in One SEO (AIOSEO) 5.0.1.1\" \/>\n\t\t<script type=\"application\/ld+json\" class=\"aioseo-schema\">\n\t\t\t{\"@context\":\"https:\\\/\\\/schema.org\",\"@graph\":[{\"@type\":\"Article\",\"@id\":\"https:\\\/\\\/www.notanoverlander.com\\\/index.php\\\/2019\\\/03\\\/15\\\/programa-4-el-hijo-prodigo-en-el-barro\\\/#article\",\"name\":\"El internet de las motos 4 \\u2013 El hijo pr\\u00f3digo en el barro\\ufeff | NotAnOverlander\",\"headline\":\"El internet de las motos 4 &#8211; El hijo pr\\u00f3digo en el barro\\ufeff\",\"author\":{\"@id\":\"https:\\\/\\\/www.notanoverlander.com\\\/index.php\\\/author\\\/daviz\\\/#author\"},\"publisher\":{\"@id\":\"https:\\\/\\\/www.notanoverlander.com\\\/#person\"},\"image\":{\"@type\":\"ImageObject\",\"url\":\"https:\\\/\\\/i0.wp.com\\\/www.notanoverlander.com\\\/wp-content\\\/uploads\\\/2018\\\/09\\\/elInternetDeLasMotos.png?fit=1906%2C1092&ssl=1\",\"width\":1906,\"height\":1092},\"datePublished\":\"2019-03-15T20:29:04+01:00\",\"dateModified\":\"2019-03-15T20:46:08+01:00\",\"inLanguage\":\"es-ES\",\"mainEntityOfPage\":{\"@id\":\"https:\\\/\\\/www.notanoverlander.com\\\/index.php\\\/2019\\\/03\\\/15\\\/programa-4-el-hijo-prodigo-en-el-barro\\\/#webpage\"},\"isPartOf\":{\"@id\":\"https:\\\/\\\/www.notanoverlander.com\\\/index.php\\\/2019\\\/03\\\/15\\\/programa-4-el-hijo-prodigo-en-el-barro\\\/#webpage\"},\"articleSection\":\"El internet de las motos\"},{\"@type\":\"BreadcrumbList\",\"@id\":\"https:\\\/\\\/www.notanoverlander.com\\\/index.php\\\/2019\\\/03\\\/15\\\/programa-4-el-hijo-prodigo-en-el-barro\\\/#breadcrumblist\",\"itemListElement\":[{\"@type\":\"ListItem\",\"@id\":\"https:\\\/\\\/www.notanoverlander.com#listItem\",\"position\":1,\"name\":\"Inicio\",\"item\":\"https:\\\/\\\/www.notanoverlander.com\",\"nextItem\":{\"@type\":\"ListItem\",\"@id\":\"https:\\\/\\\/www.notanoverlander.com\\\/index.php\\\/category\\\/el-internet-de-las-motos\\\/#listItem\",\"name\":\"El internet de las motos\"}},{\"@type\":\"ListItem\",\"@id\":\"https:\\\/\\\/www.notanoverlander.com\\\/index.php\\\/category\\\/el-internet-de-las-motos\\\/#listItem\",\"position\":2,\"name\":\"El internet de las motos\",\"item\":\"https:\\\/\\\/www.notanoverlander.com\\\/index.php\\\/category\\\/el-internet-de-las-motos\\\/\",\"nextItem\":{\"@type\":\"ListItem\",\"@id\":\"https:\\\/\\\/www.notanoverlander.com\\\/index.php\\\/2019\\\/03\\\/15\\\/programa-4-el-hijo-prodigo-en-el-barro\\\/#listItem\",\"name\":\"El internet de las motos 4 &#8211; El hijo pr\\u00f3digo en el barro\\ufeff\"},\"previousItem\":{\"@type\":\"ListItem\",\"@id\":\"https:\\\/\\\/www.notanoverlander.com#listItem\",\"name\":\"Inicio\"}},{\"@type\":\"ListItem\",\"@id\":\"https:\\\/\\\/www.notanoverlander.com\\\/index.php\\\/2019\\\/03\\\/15\\\/programa-4-el-hijo-prodigo-en-el-barro\\\/#listItem\",\"position\":3,\"name\":\"El internet de las motos 4 &#8211; El hijo pr\\u00f3digo en el barro\\ufeff\",\"previousItem\":{\"@type\":\"ListItem\",\"@id\":\"https:\\\/\\\/www.notanoverlander.com\\\/index.php\\\/category\\\/el-internet-de-las-motos\\\/#listItem\",\"name\":\"El internet de las motos\"}}]},{\"@type\":\"Person\",\"@id\":\"https:\\\/\\\/www.notanoverlander.com\\\/#person\",\"name\":\"David\",\"image\":\"https:\\\/\\\/www.notanoverlander.com\\\/wp-content\\\/uploads\\\/2017\\\/05\\\/logoNAO.png\",\"sameAs\":[\"https:\\\/\\\/facebook.com\\\/NotanOverlander\",\"https:\\\/\\\/x.com\\\/NotanOverlander\",\"https:\\\/\\\/instagram.com\\\/NotanOverlander\",\"https:\\\/\\\/www.youtube.com\\\/channel\\\/UCvc1e5xDGI3ZbDNei9TnpDw\"]},{\"@type\":\"Person\",\"@id\":\"https:\\\/\\\/www.notanoverlander.com\\\/index.php\\\/author\\\/daviz\\\/#author\",\"url\":\"https:\\\/\\\/www.notanoverlander.com\\\/index.php\\\/author\\\/daviz\\\/\",\"name\":\"Daviz\",\"image\":{\"@type\":\"ImageObject\",\"@id\":\"https:\\\/\\\/www.notanoverlander.com\\\/index.php\\\/2019\\\/03\\\/15\\\/programa-4-el-hijo-prodigo-en-el-barro\\\/#authorImage\",\"url\":\"https:\\\/\\\/secure.gravatar.com\\\/avatar\\\/2c29c3b0163f4585d6a605f3db00c13569b8c4b2cc1b5476a605d3ac3be9982f?s=96&d=mm&r=g\",\"width\":96,\"height\":96,\"caption\":\"Daviz\"}},{\"@type\":\"WebPage\",\"@id\":\"https:\\\/\\\/www.notanoverlander.com\\\/index.php\\\/2019\\\/03\\\/15\\\/programa-4-el-hijo-prodigo-en-el-barro\\\/#webpage\",\"url\":\"https:\\\/\\\/www.notanoverlander.com\\\/index.php\\\/2019\\\/03\\\/15\\\/programa-4-el-hijo-prodigo-en-el-barro\\\/\",\"name\":\"El internet de las motos 4 \\u2013 El hijo pr\\u00f3digo en el barro\\ufeff | NotAnOverlander\",\"inLanguage\":\"es-ES\",\"isPartOf\":{\"@id\":\"https:\\\/\\\/www.notanoverlander.com\\\/#website\"},\"breadcrumb\":{\"@id\":\"https:\\\/\\\/www.notanoverlander.com\\\/index.php\\\/2019\\\/03\\\/15\\\/programa-4-el-hijo-prodigo-en-el-barro\\\/#breadcrumblist\"},\"author\":{\"@id\":\"https:\\\/\\\/www.notanoverlander.com\\\/index.php\\\/author\\\/daviz\\\/#author\"},\"creator\":{\"@id\":\"https:\\\/\\\/www.notanoverlander.com\\\/index.php\\\/author\\\/daviz\\\/#author\"},\"image\":{\"@type\":\"ImageObject\",\"url\":\"https:\\\/\\\/i0.wp.com\\\/www.notanoverlander.com\\\/wp-content\\\/uploads\\\/2018\\\/09\\\/elInternetDeLasMotos.png?fit=1906%2C1092&ssl=1\",\"@id\":\"https:\\\/\\\/www.notanoverlander.com\\\/index.php\\\/2019\\\/03\\\/15\\\/programa-4-el-hijo-prodigo-en-el-barro\\\/#mainImage\",\"width\":1906,\"height\":1092},\"primaryImageOfPage\":{\"@id\":\"https:\\\/\\\/www.notanoverlander.com\\\/index.php\\\/2019\\\/03\\\/15\\\/programa-4-el-hijo-prodigo-en-el-barro\\\/#mainImage\"},\"datePublished\":\"2019-03-15T20:29:04+01:00\",\"dateModified\":\"2019-03-15T20:46:08+01:00\"},{\"@type\":\"WebSite\",\"@id\":\"https:\\\/\\\/www.notanoverlander.com\\\/#website\",\"url\":\"https:\\\/\\\/www.notanoverlander.com\\\/\",\"name\":\"{:es}NotAnOverlander{:}{:en}NotAnOverlander{:}\",\"description\":\"NotAnOverlander\",\"inLanguage\":\"es-ES\",\"publisher\":{\"@id\":\"https:\\\/\\\/www.notanoverlander.com\\\/#person\"}}]}\n\t\t<\/script>\n\t\t<!-- All in One SEO -->\n\n","aioseo_head_json":{"title":"El internet de las motos 4 \u2013 El hijo pr\u00f3digo en el barro\ufeff | NotAnOverlander","description":"","canonical_url":"https:\/\/www.notanoverlander.com\/index.php\/2019\/03\/15\/programa-4-el-hijo-prodigo-en-el-barro\/","robots":"max-image-preview:large","keywords":"","webmasterTools":{"google-site-verification":"rgL4cG7lkS3Or5dFWhIEkt-UqRz-5d7tYVEOFvb7tF8","miscellaneous":""},"schema":{"@context":"https:\/\/schema.org","@graph":[{"@type":"Article","@id":"https:\/\/www.notanoverlander.com\/index.php\/2019\/03\/15\/programa-4-el-hijo-prodigo-en-el-barro\/#article","name":"El internet de las motos 4 \u2013 El hijo pr\u00f3digo en el barro\ufeff | NotAnOverlander","headline":"El internet de las motos 4 &#8211; El hijo pr\u00f3digo en el barro\ufeff","author":{"@id":"https:\/\/www.notanoverlander.com\/index.php\/author\/daviz\/#author"},"publisher":{"@id":"https:\/\/www.notanoverlander.com\/#person"},"image":{"@type":"ImageObject","url":"https:\/\/i0.wp.com\/www.notanoverlander.com\/wp-content\/uploads\/2018\/09\/elInternetDeLasMotos.png?fit=1906%2C1092&ssl=1","width":1906,"height":1092},"datePublished":"2019-03-15T20:29:04+01:00","dateModified":"2019-03-15T20:46:08+01:00","inLanguage":"es-ES","mainEntityOfPage":{"@id":"https:\/\/www.notanoverlander.com\/index.php\/2019\/03\/15\/programa-4-el-hijo-prodigo-en-el-barro\/#webpage"},"isPartOf":{"@id":"https:\/\/www.notanoverlander.com\/index.php\/2019\/03\/15\/programa-4-el-hijo-prodigo-en-el-barro\/#webpage"},"articleSection":"El internet de las motos"},{"@type":"BreadcrumbList","@id":"https:\/\/www.notanoverlander.com\/index.php\/2019\/03\/15\/programa-4-el-hijo-prodigo-en-el-barro\/#breadcrumblist","itemListElement":[{"@type":"ListItem","@id":"https:\/\/www.notanoverlander.com#listItem","position":1,"name":"Inicio","item":"https:\/\/www.notanoverlander.com","nextItem":{"@type":"ListItem","@id":"https:\/\/www.notanoverlander.com\/index.php\/category\/el-internet-de-las-motos\/#listItem","name":"El internet de las motos"}},{"@type":"ListItem","@id":"https:\/\/www.notanoverlander.com\/index.php\/category\/el-internet-de-las-motos\/#listItem","position":2,"name":"El internet de las motos","item":"https:\/\/www.notanoverlander.com\/index.php\/category\/el-internet-de-las-motos\/","nextItem":{"@type":"ListItem","@id":"https:\/\/www.notanoverlander.com\/index.php\/2019\/03\/15\/programa-4-el-hijo-prodigo-en-el-barro\/#listItem","name":"El internet de las motos 4 &#8211; El hijo pr\u00f3digo en el barro\ufeff"},"previousItem":{"@type":"ListItem","@id":"https:\/\/www.notanoverlander.com#listItem","name":"Inicio"}},{"@type":"ListItem","@id":"https:\/\/www.notanoverlander.com\/index.php\/2019\/03\/15\/programa-4-el-hijo-prodigo-en-el-barro\/#listItem","position":3,"name":"El internet de las motos 4 &#8211; El hijo pr\u00f3digo en el barro\ufeff","previousItem":{"@type":"ListItem","@id":"https:\/\/www.notanoverlander.com\/index.php\/category\/el-internet-de-las-motos\/#listItem","name":"El internet de las motos"}}]},{"@type":"Person","@id":"https:\/\/www.notanoverlander.com\/#person","name":"David","image":"https:\/\/www.notanoverlander.com\/wp-content\/uploads\/2017\/05\/logoNAO.png","sameAs":["https:\/\/facebook.com\/NotanOverlander","https:\/\/x.com\/NotanOverlander","https:\/\/instagram.com\/NotanOverlander","https:\/\/www.youtube.com\/channel\/UCvc1e5xDGI3ZbDNei9TnpDw"]},{"@type":"Person","@id":"https:\/\/www.notanoverlander.com\/index.php\/author\/daviz\/#author","url":"https:\/\/www.notanoverlander.com\/index.php\/author\/daviz\/","name":"Daviz","image":{"@type":"ImageObject","@id":"https:\/\/www.notanoverlander.com\/index.php\/2019\/03\/15\/programa-4-el-hijo-prodigo-en-el-barro\/#authorImage","url":"https:\/\/secure.gravatar.com\/avatar\/2c29c3b0163f4585d6a605f3db00c13569b8c4b2cc1b5476a605d3ac3be9982f?s=96&d=mm&r=g","width":96,"height":96,"caption":"Daviz"}},{"@type":"WebPage","@id":"https:\/\/www.notanoverlander.com\/index.php\/2019\/03\/15\/programa-4-el-hijo-prodigo-en-el-barro\/#webpage","url":"https:\/\/www.notanoverlander.com\/index.php\/2019\/03\/15\/programa-4-el-hijo-prodigo-en-el-barro\/","name":"El internet de las motos 4 \u2013 El hijo pr\u00f3digo en el barro\ufeff | NotAnOverlander","inLanguage":"es-ES","isPartOf":{"@id":"https:\/\/www.notanoverlander.com\/#website"},"breadcrumb":{"@id":"https:\/\/www.notanoverlander.com\/index.php\/2019\/03\/15\/programa-4-el-hijo-prodigo-en-el-barro\/#breadcrumblist"},"author":{"@id":"https:\/\/www.notanoverlander.com\/index.php\/author\/daviz\/#author"},"creator":{"@id":"https:\/\/www.notanoverlander.com\/index.php\/author\/daviz\/#author"},"image":{"@type":"ImageObject","url":"https:\/\/i0.wp.com\/www.notanoverlander.com\/wp-content\/uploads\/2018\/09\/elInternetDeLasMotos.png?fit=1906%2C1092&ssl=1","@id":"https:\/\/www.notanoverlander.com\/index.php\/2019\/03\/15\/programa-4-el-hijo-prodigo-en-el-barro\/#mainImage","width":1906,"height":1092},"primaryImageOfPage":{"@id":"https:\/\/www.notanoverlander.com\/index.php\/2019\/03\/15\/programa-4-el-hijo-prodigo-en-el-barro\/#mainImage"},"datePublished":"2019-03-15T20:29:04+01:00","dateModified":"2019-03-15T20:46:08+01:00"},{"@type":"WebSite","@id":"https:\/\/www.notanoverlander.com\/#website","url":"https:\/\/www.notanoverlander.com\/","name":"{:es}NotAnOverlander{:}{:en}NotAnOverlander{:}","description":"NotAnOverlander","inLanguage":"es-ES","publisher":{"@id":"https:\/\/www.notanoverlander.com\/#person"}}]}},"aioseo_meta_data":{"post_id":"1587","title":null,"description":null,"keywords":null,"keyphrases":null,"primary_term":null,"canonical_url":null,"og_title":null,"og_description":null,"og_object_type":"default","og_image_type":"default","og_image_url":null,"og_image_width":null,"og_image_height":null,"og_image_custom_url":null,"og_image_custom_fields":null,"og_video":null,"og_custom_url":null,"og_article_section":null,"og_article_tags":null,"twitter_use_og":false,"twitter_card":"default","twitter_image_type":"default","twitter_image_url":null,"twitter_image_custom_url":null,"twitter_image_custom_fields":null,"twitter_title":null,"twitter_description":null,"schema":{"blockGraphs":[],"customGraphs":[],"default":{"data":{"Article":[],"Course":[],"Dataset":[],"FAQPage":[],"Movie":[],"Person":[],"Product":[],"ProductReview":[],"Car":[],"Recipe":[],"Service":[],"SoftwareApplication":[],"WebPage":[]},"graphName":"","isEnabled":true},"graphs":[]},"schema_type":null,"schema_type_options":null,"pillar_content":false,"robots_default":true,"robots_noindex":false,"robots_noarchive":false,"robots_nosnippet":false,"robots_nofollow":false,"robots_noimageindex":false,"robots_noodp":false,"robots_notranslate":false,"robots_max_snippet":null,"robots_max_videopreview":null,"robots_max_imagepreview":"large","priority":null,"frequency":null,"local_seo":null,"breadcrumb_settings":null,"limit_modified_date":false,"ai":null,"created":"2020-12-22 08:47:32","updated":"2022-09-14 09:08:26","seo_analyzer_scan_date":null,"focus_keyword":null,"additional_keywords":null,"truseo_locale":null},"jetpack_publicize_connections":[],"jetpack_sharing_enabled":true,"jetpack_likes_enabled":true,"jetpack-related-posts":[],"jetpack_featured_media_url":"https:\/\/i0.wp.com\/www.notanoverlander.com\/wp-content\/uploads\/2018\/09\/elInternetDeLasMotos.png?fit=1906%2C1092&ssl=1","_links":{"self":[{"href":"https:\/\/www.notanoverlander.com\/index.php\/wp-json\/wp\/v2\/posts\/1587","targetHints":{"allow":["GET"]}}],"collection":[{"href":"https:\/\/www.notanoverlander.com\/index.php\/wp-json\/wp\/v2\/posts"}],"about":[{"href":"https:\/\/www.notanoverlander.com\/index.php\/wp-json\/wp\/v2\/types\/post"}],"author":[{"embeddable":true,"href":"https:\/\/www.notanoverlander.com\/index.php\/wp-json\/wp\/v2\/users\/1"}],"replies":[{"embeddable":true,"href":"https:\/\/www.notanoverlander.com\/index.php\/wp-json\/wp\/v2\/comments?post=1587"}],"version-history":[{"count":2,"href":"https:\/\/www.notanoverlander.com\/index.php\/wp-json\/wp\/v2\/posts\/1587\/revisions"}],"predecessor-version":[{"id":1592,"href":"https:\/\/www.notanoverlander.com\/index.php\/wp-json\/wp\/v2\/posts\/1587\/revisions\/1592"}],"wp:featuredmedia":[{"embeddable":true,"href":"https:\/\/www.notanoverlander.com\/index.php\/wp-json\/wp\/v2\/media\/1188"}],"wp:attachment":[{"href":"https:\/\/www.notanoverlander.com\/index.php\/wp-json\/wp\/v2\/media?parent=1587"}],"wp:term":[{"taxonomy":"category","embeddable":true,"href":"https:\/\/www.notanoverlander.com\/index.php\/wp-json\/wp\/v2\/categories?post=1587"},{"taxonomy":"post_tag","embeddable":true,"href":"https:\/\/www.notanoverlander.com\/index.php\/wp-json\/wp\/v2\/tags?post=1587"}],"curies":[{"name":"wp","href":"https:\/\/api.w.org\/{rel}","templated":true}]}}