{"id":229,"date":"2016-08-15T21:10:03","date_gmt":"2016-08-15T21:10:03","guid":{"rendered":"http:\/\/www.notanoverlander.com\/?p=229"},"modified":"2017-04-17T08:41:06","modified_gmt":"2017-04-17T08:41:06","slug":"les-ardennes-y-luxemburgo-paraiso-motero","status":"publish","type":"post","link":"https:\/\/www.notanoverlander.com\/index.php\/2016\/08\/15\/les-ardennes-y-luxemburgo-paraiso-motero\/","title":{"rendered":"Les Ardennes y Luxemburgo, para\u00edso motero."},"content":{"rendered":"\n<!-- Facebook Like Button v1.9.6 BEGIN [http:\/\/blog.bottomlessinc.com] -->\n<iframe src=\"http:\/\/www.facebook.com\/plugins\/like.php?href=https%3A%2F%2Fwww.notanoverlander.com%2Findex.php%2F2016%2F08%2F15%2Fles-ardennes-y-luxemburgo-paraiso-motero%2F&amp;layout=standard&amp;show_faces=false&amp;width=450&amp;action=like&amp;colorscheme=light\" scrolling=\"no\" frameborder=\"0\" allowTransparency=\"true\" style=\"border:none; overflow:hidden; width:450px; height: 30px; align: left; margin: 2px 0px 2px 0px\"><\/iframe>\n<!-- Facebook Like Button END -->\n<div class=\"sf-social-icon-list\">\n<table border=\"0\" cellspacing=\"0\" cellpadding=\"\">\n<td style=\"padding: 1px\"><a href='https:\/\/www.twitter.com\/notanoverlander' target='parent'><img data-recalc-dims=\"1\" decoding=\"async\" src=\"https:\/\/i0.wp.com\/www.notanoverlander.com\/wp-content\/plugins\/free-social-media-icons\/assets\/icons\/Cute%20Icons\/Twitter.png?ssl=1\" class=\"sf-social-icon\" style=\"width: 32px; height: 32px; max-width: 32px\" \/><\/a><\/td>\n<\/table>\n<\/div><p style=\"text-align: left;\">El domingo lo ten\u00edamos reservado para hacer una ruta en moto. Despu\u00e9s de las visitas del s\u00e1bado, Vianden <span class=\"il\">no<\/span> ofrec\u00eda mucho m\u00e1s que ver y uno de los atractivos de la zona son las espectaculares carreteras.<\/p>\n<p style=\"text-align: left;\">Bas\u00e1ndonos en una ruta que encontr\u00e9 por internet y que modifiqu\u00e9 un poco para hacerla m\u00e1s corta, salimos a eso de las 9:30 de la ma\u00f1ana. Con una temperatura muy buena y un sol resplandeciente, algo que nos ha acompa\u00f1ado todo el fin de semana y <span class=\"il\">no<\/span> es lo m\u00e1s habitual incluso en esta \u00e9poca del a\u00f1o. Cogimos la carretera que sale de Vianden para iniciar nuestro paseo.<\/p>\n<p style=\"text-align: center;\"><a href=\"https:\/\/i0.wp.com\/www.notanoverlander.com\/wp-content\/uploads\/2017\/04\/Screenshot_2016-08-15-08-04-07.png\"><img data-recalc-dims=\"1\" loading=\"lazy\" decoding=\"async\" class=\"size-medium wp-image-375 aligncenter\" src=\"https:\/\/i0.wp.com\/www.notanoverlander.com\/wp-content\/uploads\/2017\/04\/Screenshot_2016-08-15-08-04-07-169x300.png?resize=169%2C300\" alt=\"\" width=\"169\" height=\"300\" srcset=\"https:\/\/i0.wp.com\/www.notanoverlander.com\/wp-content\/uploads\/2017\/04\/Screenshot_2016-08-15-08-04-07.png?resize=169%2C300&amp;ssl=1 169w, https:\/\/i0.wp.com\/www.notanoverlander.com\/wp-content\/uploads\/2017\/04\/Screenshot_2016-08-15-08-04-07.png?resize=576%2C1024&amp;ssl=1 576w, https:\/\/i0.wp.com\/www.notanoverlander.com\/wp-content\/uploads\/2017\/04\/Screenshot_2016-08-15-08-04-07.png?w=720&amp;ssl=1 720w\" sizes=\"auto, (max-width: 169px) 100vw, 169px\" \/><\/a><\/p>\n<p>La idea era hacer una especie de c\u00edrculo alrededor del centro de Luxemburgo, <span class=\"il\">no<\/span> eran muchos kms, pero eran unas 3 horas de ruta. El conteo de kil\u00f3metros de la foto, <span class=\"il\">no<\/span> es correcto, porque Google <span class=\"il\">no<\/span> est\u00e1 contando con las curvas, muchas, que el recorrido ten\u00eda.<\/p>\n<p>La ruta fue incre\u00edble, una tras otra carreteras con buen asfalto, algunas un poco estrechas, pero la mayor\u00eda buen\u00edsimas para rodar.<\/p>\n<p>Al principio nos perdimos un poco, visitamos el pueblo de Brandeburgo, que tiene un castillo de piedra bastante chulo y el gps acabo llev\u00e1ndonos de vuelta casi otra vez hasta Vianden.<br \/>\nLo bueno es que tuvimos que volver a hacer la carretera que nos llevaba a Brandeburgo, con muchas curvas y entre \u00e1rboles que nos daban sombra, lo que agradeciamos ya que el sol ya pegaba fuerte.<\/p>\n<p>Despu\u00e9s de una hora de curvas y curvas y m\u00e1s curvas salimos a una carretera principal y paramos a beber un poco de agua y estirar las piernas.<\/p>\n<p style=\"text-align: center;\">\n<a href=\"https:\/\/i0.wp.com\/www.notanoverlander.com\/wp-content\/uploads\/2017\/04\/PANO_20160814_114037.jpg\"><img data-recalc-dims=\"1\" loading=\"lazy\" decoding=\"async\" class=\"aligncenter size-medium wp-image-369\" src=\"https:\/\/i0.wp.com\/www.notanoverlander.com\/wp-content\/uploads\/2017\/04\/PANO_20160814_114037-300x111.jpg?resize=300%2C111\" alt=\"\" width=\"300\" height=\"111\" srcset=\"https:\/\/i0.wp.com\/www.notanoverlander.com\/wp-content\/uploads\/2017\/04\/PANO_20160814_114037.jpg?resize=300%2C111&amp;ssl=1 300w, https:\/\/i0.wp.com\/www.notanoverlander.com\/wp-content\/uploads\/2017\/04\/PANO_20160814_114037.jpg?resize=768%2C285&amp;ssl=1 768w, https:\/\/i0.wp.com\/www.notanoverlander.com\/wp-content\/uploads\/2017\/04\/PANO_20160814_114037.jpg?resize=1024%2C380&amp;ssl=1 1024w, https:\/\/i0.wp.com\/www.notanoverlander.com\/wp-content\/uploads\/2017\/04\/PANO_20160814_114037.jpg?w=1768&amp;ssl=1 1768w\" sizes=\"auto, (max-width: 300px) 100vw, 300px\" \/><\/a><\/p>\n<p>Ya casi era hora de comer, as\u00ed que a un par de kil\u00f3metros de nuestra parada vimos un restaurante y nos metimos. Moto a la sombra y nos sentamos en la terraza. Despu\u00e9s de dos largas horas, de esperar por nuestra comida y ver pasar motos y m\u00e1s motos, por fin pagamos la cuenta y volvimos a la ruta. Seg\u00fan el Gps, a\u00fan quedaban casi dos horas de ruta. De nuevo volvimos a las carreteras reviradas, las curvas y las subidas y bajadas, que maravilla!!<\/p>\n<p>A eso de las 16 de la tarde volv\u00edamos a entrar en Vianden, con la sonrisa de oreja a oreja despu\u00e9s de haber disfrutado de un gran d\u00eda de moto.<\/p>\n<p>Duchita r\u00e1pida, cervecita en la terraza del bar del hotel y a cenar. Volvimos al restaurante del viernes noche. Tuvimos suerte y elegimos la \u00fanica mesa que <span class=\"il\">no<\/span> estaba reservada de la terraza (sin saberlo) y pasamos un buen rato marujeando y degustando la sabrosa hamburguesa.<\/p>\n<p>De vuelta al hotel, a dormir que ma\u00f1ana ya es d\u00eda de vuelta.<\/p>\n","protected":false},"excerpt":{"rendered":"<p>El domingo lo ten\u00edamos reservado para hacer una ruta en moto. Despu\u00e9s de las visitas del s\u00e1bado, Vianden no ofrec\u00eda mucho m\u00e1s que ver y uno de los atractivos de la zona son las espectaculares carreteras. Bas\u00e1ndonos en una ruta que encontr\u00e9 por internet y que modifiqu\u00e9 un poco para hacerla m\u00e1s corta, salimos a [&hellip;]<\/p>\n","protected":false},"author":1,"featured_media":0,"comment_status":"open","ping_status":"open","sticky":false,"template":"","format":"standard","meta":{"_jetpack_newsletter_access":"","_jetpack_dont_email_post_to_subs":true,"_jetpack_newsletter_tier_id":0,"_jetpack_memberships_contains_paywalled_content":false,"_jetpack_feature_clip_id":0,"_jetpack_memberships_contains_paid_content":false,"footnotes":"","jetpack_publicize_message":"","jetpack_publicize_feature_enabled":true,"jetpack_social_post_already_shared":true,"jetpack_social_options":{"image_generator_settings":{"template":"highway","default_image_id":0,"font":"","enabled":false},"version":2},"jetpack_post_was_ever_published":false},"categories":[15,20,6],"tags":[],"class_list":["post-229","post","type-post","status-publish","format-standard","hentry","category-motos","category-les-ardennes-y-luxemburgo","category-viajes"],"translation":{"provider":"WPGlobus","version":"3.0.5","language":"es","enabled_languages":["es"],"languages":{"es":{"title":true,"content":true,"excerpt":false}}},"aioseo_notices":[],"aioseo_head":"\n\t\t<!-- All in One SEO 5.0.1.1 - aioseo.com -->\n\t<meta name=\"robots\" content=\"max-image-preview:large\" \/>\n\t<meta name=\"author\" content=\"Daviz\"\/>\n\t<meta name=\"google-site-verification\" content=\"rgL4cG7lkS3Or5dFWhIEkt-UqRz-5d7tYVEOFvb7tF8\" \/>\n\t<link rel=\"canonical\" href=\"https:\/\/www.notanoverlander.com\/index.php\/2016\/08\/15\/les-ardennes-y-luxemburgo-paraiso-motero\/\" \/>\n\t<meta name=\"generator\" content=\"All in One SEO (AIOSEO) 5.0.1.1\" \/>\n\t\t<script type=\"application\/ld+json\" class=\"aioseo-schema\">\n\t\t\t{\"@context\":\"https:\\\/\\\/schema.org\",\"@graph\":[{\"@type\":\"Article\",\"@id\":\"https:\\\/\\\/www.notanoverlander.com\\\/index.php\\\/2016\\\/08\\\/15\\\/les-ardennes-y-luxemburgo-paraiso-motero\\\/#article\",\"name\":\"Les Ardennes y Luxemburgo, para\\u00edso motero. | NotAnOverlander\",\"headline\":\"Les Ardennes y Luxemburgo, para\\u00edso motero.\",\"author\":{\"@id\":\"https:\\\/\\\/www.notanoverlander.com\\\/index.php\\\/author\\\/daviz\\\/#author\"},\"publisher\":{\"@id\":\"https:\\\/\\\/www.notanoverlander.com\\\/#person\"},\"image\":{\"@type\":\"ImageObject\",\"url\":\"http:\\\/\\\/www.notanoverlander.com\\\/wp-content\\\/uploads\\\/2017\\\/04\\\/Screenshot_2016-08-15-08-04-07-169x300.png\",\"@id\":\"https:\\\/\\\/www.notanoverlander.com\\\/index.php\\\/2016\\\/08\\\/15\\\/les-ardennes-y-luxemburgo-paraiso-motero\\\/#articleImage\"},\"datePublished\":\"2016-08-15T21:10:03+02:00\",\"dateModified\":\"2017-04-17T08:41:06+02:00\",\"inLanguage\":\"es-ES\",\"mainEntityOfPage\":{\"@id\":\"https:\\\/\\\/www.notanoverlander.com\\\/index.php\\\/2016\\\/08\\\/15\\\/les-ardennes-y-luxemburgo-paraiso-motero\\\/#webpage\"},\"isPartOf\":{\"@id\":\"https:\\\/\\\/www.notanoverlander.com\\\/index.php\\\/2016\\\/08\\\/15\\\/les-ardennes-y-luxemburgo-paraiso-motero\\\/#webpage\"},\"articleSection\":\"Motos, Les Ardennes y Luxemburgo, Viajes\"},{\"@type\":\"BreadcrumbList\",\"@id\":\"https:\\\/\\\/www.notanoverlander.com\\\/index.php\\\/2016\\\/08\\\/15\\\/les-ardennes-y-luxemburgo-paraiso-motero\\\/#breadcrumblist\",\"itemListElement\":[{\"@type\":\"ListItem\",\"@id\":\"https:\\\/\\\/www.notanoverlander.com#listItem\",\"position\":1,\"name\":\"Inicio\",\"item\":\"https:\\\/\\\/www.notanoverlander.com\",\"nextItem\":{\"@type\":\"ListItem\",\"@id\":\"https:\\\/\\\/www.notanoverlander.com\\\/index.php\\\/category\\\/viajes\\\/#listItem\",\"name\":\"Viajes\"}},{\"@type\":\"ListItem\",\"@id\":\"https:\\\/\\\/www.notanoverlander.com\\\/index.php\\\/category\\\/viajes\\\/#listItem\",\"position\":2,\"name\":\"Viajes\",\"item\":\"https:\\\/\\\/www.notanoverlander.com\\\/index.php\\\/category\\\/viajes\\\/\",\"nextItem\":{\"@type\":\"ListItem\",\"@id\":\"https:\\\/\\\/www.notanoverlander.com\\\/index.php\\\/category\\\/viajes\\\/les-ardennes-y-luxemburgo\\\/#listItem\",\"name\":\"Les Ardennes y Luxemburgo\"},\"previousItem\":{\"@type\":\"ListItem\",\"@id\":\"https:\\\/\\\/www.notanoverlander.com#listItem\",\"name\":\"Inicio\"}},{\"@type\":\"ListItem\",\"@id\":\"https:\\\/\\\/www.notanoverlander.com\\\/index.php\\\/category\\\/viajes\\\/les-ardennes-y-luxemburgo\\\/#listItem\",\"position\":3,\"name\":\"Les Ardennes y Luxemburgo\",\"item\":\"https:\\\/\\\/www.notanoverlander.com\\\/index.php\\\/category\\\/viajes\\\/les-ardennes-y-luxemburgo\\\/\",\"nextItem\":{\"@type\":\"ListItem\",\"@id\":\"https:\\\/\\\/www.notanoverlander.com\\\/index.php\\\/2016\\\/08\\\/15\\\/les-ardennes-y-luxemburgo-paraiso-motero\\\/#listItem\",\"name\":\"Les Ardennes y Luxemburgo, para\\u00edso motero.\"},\"previousItem\":{\"@type\":\"ListItem\",\"@id\":\"https:\\\/\\\/www.notanoverlander.com\\\/index.php\\\/category\\\/viajes\\\/#listItem\",\"name\":\"Viajes\"}},{\"@type\":\"ListItem\",\"@id\":\"https:\\\/\\\/www.notanoverlander.com\\\/index.php\\\/2016\\\/08\\\/15\\\/les-ardennes-y-luxemburgo-paraiso-motero\\\/#listItem\",\"position\":4,\"name\":\"Les Ardennes y Luxemburgo, para\\u00edso motero.\",\"previousItem\":{\"@type\":\"ListItem\",\"@id\":\"https:\\\/\\\/www.notanoverlander.com\\\/index.php\\\/category\\\/viajes\\\/les-ardennes-y-luxemburgo\\\/#listItem\",\"name\":\"Les Ardennes y Luxemburgo\"}}]},{\"@type\":\"Person\",\"@id\":\"https:\\\/\\\/www.notanoverlander.com\\\/#person\",\"name\":\"David\",\"image\":\"https:\\\/\\\/www.notanoverlander.com\\\/wp-content\\\/uploads\\\/2017\\\/05\\\/logoNAO.png\",\"sameAs\":[\"https:\\\/\\\/facebook.com\\\/NotanOverlander\",\"https:\\\/\\\/x.com\\\/NotanOverlander\",\"https:\\\/\\\/instagram.com\\\/NotanOverlander\",\"https:\\\/\\\/www.youtube.com\\\/channel\\\/UCvc1e5xDGI3ZbDNei9TnpDw\"]},{\"@type\":\"Person\",\"@id\":\"https:\\\/\\\/www.notanoverlander.com\\\/index.php\\\/author\\\/daviz\\\/#author\",\"url\":\"https:\\\/\\\/www.notanoverlander.com\\\/index.php\\\/author\\\/daviz\\\/\",\"name\":\"Daviz\",\"image\":{\"@type\":\"ImageObject\",\"@id\":\"https:\\\/\\\/www.notanoverlander.com\\\/index.php\\\/2016\\\/08\\\/15\\\/les-ardennes-y-luxemburgo-paraiso-motero\\\/#authorImage\",\"url\":\"https:\\\/\\\/secure.gravatar.com\\\/avatar\\\/2c29c3b0163f4585d6a605f3db00c13569b8c4b2cc1b5476a605d3ac3be9982f?s=96&d=mm&r=g\",\"width\":96,\"height\":96,\"caption\":\"Daviz\"}},{\"@type\":\"WebPage\",\"@id\":\"https:\\\/\\\/www.notanoverlander.com\\\/index.php\\\/2016\\\/08\\\/15\\\/les-ardennes-y-luxemburgo-paraiso-motero\\\/#webpage\",\"url\":\"https:\\\/\\\/www.notanoverlander.com\\\/index.php\\\/2016\\\/08\\\/15\\\/les-ardennes-y-luxemburgo-paraiso-motero\\\/\",\"name\":\"Les Ardennes y Luxemburgo, para\\u00edso motero. | NotAnOverlander\",\"inLanguage\":\"es-ES\",\"isPartOf\":{\"@id\":\"https:\\\/\\\/www.notanoverlander.com\\\/#website\"},\"breadcrumb\":{\"@id\":\"https:\\\/\\\/www.notanoverlander.com\\\/index.php\\\/2016\\\/08\\\/15\\\/les-ardennes-y-luxemburgo-paraiso-motero\\\/#breadcrumblist\"},\"author\":{\"@id\":\"https:\\\/\\\/www.notanoverlander.com\\\/index.php\\\/author\\\/daviz\\\/#author\"},\"creator\":{\"@id\":\"https:\\\/\\\/www.notanoverlander.com\\\/index.php\\\/author\\\/daviz\\\/#author\"},\"datePublished\":\"2016-08-15T21:10:03+02:00\",\"dateModified\":\"2017-04-17T08:41:06+02:00\"},{\"@type\":\"WebSite\",\"@id\":\"https:\\\/\\\/www.notanoverlander.com\\\/#website\",\"url\":\"https:\\\/\\\/www.notanoverlander.com\\\/\",\"name\":\"{:es}NotAnOverlander{:}{:en}NotAnOverlander{:}\",\"description\":\"NotAnOverlander\",\"inLanguage\":\"es-ES\",\"publisher\":{\"@id\":\"https:\\\/\\\/www.notanoverlander.com\\\/#person\"}}]}\n\t\t<\/script>\n\t\t<!-- All in One SEO -->\n\n","aioseo_head_json":{"title":"Les Ardennes y Luxemburgo, para\u00edso motero. | NotAnOverlander","description":"","canonical_url":"https:\/\/www.notanoverlander.com\/index.php\/2016\/08\/15\/les-ardennes-y-luxemburgo-paraiso-motero\/","robots":"max-image-preview:large","keywords":"","webmasterTools":{"google-site-verification":"rgL4cG7lkS3Or5dFWhIEkt-UqRz-5d7tYVEOFvb7tF8","miscellaneous":""},"schema":{"@context":"https:\/\/schema.org","@graph":[{"@type":"Article","@id":"https:\/\/www.notanoverlander.com\/index.php\/2016\/08\/15\/les-ardennes-y-luxemburgo-paraiso-motero\/#article","name":"Les Ardennes y Luxemburgo, para\u00edso motero. | NotAnOverlander","headline":"Les Ardennes y Luxemburgo, para\u00edso motero.","author":{"@id":"https:\/\/www.notanoverlander.com\/index.php\/author\/daviz\/#author"},"publisher":{"@id":"https:\/\/www.notanoverlander.com\/#person"},"image":{"@type":"ImageObject","url":"http:\/\/www.notanoverlander.com\/wp-content\/uploads\/2017\/04\/Screenshot_2016-08-15-08-04-07-169x300.png","@id":"https:\/\/www.notanoverlander.com\/index.php\/2016\/08\/15\/les-ardennes-y-luxemburgo-paraiso-motero\/#articleImage"},"datePublished":"2016-08-15T21:10:03+02:00","dateModified":"2017-04-17T08:41:06+02:00","inLanguage":"es-ES","mainEntityOfPage":{"@id":"https:\/\/www.notanoverlander.com\/index.php\/2016\/08\/15\/les-ardennes-y-luxemburgo-paraiso-motero\/#webpage"},"isPartOf":{"@id":"https:\/\/www.notanoverlander.com\/index.php\/2016\/08\/15\/les-ardennes-y-luxemburgo-paraiso-motero\/#webpage"},"articleSection":"Motos, Les Ardennes y Luxemburgo, Viajes"},{"@type":"BreadcrumbList","@id":"https:\/\/www.notanoverlander.com\/index.php\/2016\/08\/15\/les-ardennes-y-luxemburgo-paraiso-motero\/#breadcrumblist","itemListElement":[{"@type":"ListItem","@id":"https:\/\/www.notanoverlander.com#listItem","position":1,"name":"Inicio","item":"https:\/\/www.notanoverlander.com","nextItem":{"@type":"ListItem","@id":"https:\/\/www.notanoverlander.com\/index.php\/category\/viajes\/#listItem","name":"Viajes"}},{"@type":"ListItem","@id":"https:\/\/www.notanoverlander.com\/index.php\/category\/viajes\/#listItem","position":2,"name":"Viajes","item":"https:\/\/www.notanoverlander.com\/index.php\/category\/viajes\/","nextItem":{"@type":"ListItem","@id":"https:\/\/www.notanoverlander.com\/index.php\/category\/viajes\/les-ardennes-y-luxemburgo\/#listItem","name":"Les Ardennes y Luxemburgo"},"previousItem":{"@type":"ListItem","@id":"https:\/\/www.notanoverlander.com#listItem","name":"Inicio"}},{"@type":"ListItem","@id":"https:\/\/www.notanoverlander.com\/index.php\/category\/viajes\/les-ardennes-y-luxemburgo\/#listItem","position":3,"name":"Les Ardennes y Luxemburgo","item":"https:\/\/www.notanoverlander.com\/index.php\/category\/viajes\/les-ardennes-y-luxemburgo\/","nextItem":{"@type":"ListItem","@id":"https:\/\/www.notanoverlander.com\/index.php\/2016\/08\/15\/les-ardennes-y-luxemburgo-paraiso-motero\/#listItem","name":"Les Ardennes y Luxemburgo, para\u00edso motero."},"previousItem":{"@type":"ListItem","@id":"https:\/\/www.notanoverlander.com\/index.php\/category\/viajes\/#listItem","name":"Viajes"}},{"@type":"ListItem","@id":"https:\/\/www.notanoverlander.com\/index.php\/2016\/08\/15\/les-ardennes-y-luxemburgo-paraiso-motero\/#listItem","position":4,"name":"Les Ardennes y Luxemburgo, para\u00edso motero.","previousItem":{"@type":"ListItem","@id":"https:\/\/www.notanoverlander.com\/index.php\/category\/viajes\/les-ardennes-y-luxemburgo\/#listItem","name":"Les Ardennes y Luxemburgo"}}]},{"@type":"Person","@id":"https:\/\/www.notanoverlander.com\/#person","name":"David","image":"https:\/\/www.notanoverlander.com\/wp-content\/uploads\/2017\/05\/logoNAO.png","sameAs":["https:\/\/facebook.com\/NotanOverlander","https:\/\/x.com\/NotanOverlander","https:\/\/instagram.com\/NotanOverlander","https:\/\/www.youtube.com\/channel\/UCvc1e5xDGI3ZbDNei9TnpDw"]},{"@type":"Person","@id":"https:\/\/www.notanoverlander.com\/index.php\/author\/daviz\/#author","url":"https:\/\/www.notanoverlander.com\/index.php\/author\/daviz\/","name":"Daviz","image":{"@type":"ImageObject","@id":"https:\/\/www.notanoverlander.com\/index.php\/2016\/08\/15\/les-ardennes-y-luxemburgo-paraiso-motero\/#authorImage","url":"https:\/\/secure.gravatar.com\/avatar\/2c29c3b0163f4585d6a605f3db00c13569b8c4b2cc1b5476a605d3ac3be9982f?s=96&d=mm&r=g","width":96,"height":96,"caption":"Daviz"}},{"@type":"WebPage","@id":"https:\/\/www.notanoverlander.com\/index.php\/2016\/08\/15\/les-ardennes-y-luxemburgo-paraiso-motero\/#webpage","url":"https:\/\/www.notanoverlander.com\/index.php\/2016\/08\/15\/les-ardennes-y-luxemburgo-paraiso-motero\/","name":"Les Ardennes y Luxemburgo, para\u00edso motero. | NotAnOverlander","inLanguage":"es-ES","isPartOf":{"@id":"https:\/\/www.notanoverlander.com\/#website"},"breadcrumb":{"@id":"https:\/\/www.notanoverlander.com\/index.php\/2016\/08\/15\/les-ardennes-y-luxemburgo-paraiso-motero\/#breadcrumblist"},"author":{"@id":"https:\/\/www.notanoverlander.com\/index.php\/author\/daviz\/#author"},"creator":{"@id":"https:\/\/www.notanoverlander.com\/index.php\/author\/daviz\/#author"},"datePublished":"2016-08-15T21:10:03+02:00","dateModified":"2017-04-17T08:41:06+02:00"},{"@type":"WebSite","@id":"https:\/\/www.notanoverlander.com\/#website","url":"https:\/\/www.notanoverlander.com\/","name":"{:es}NotAnOverlander{:}{:en}NotAnOverlander{:}","description":"NotAnOverlander","inLanguage":"es-ES","publisher":{"@id":"https:\/\/www.notanoverlander.com\/#person"}}]}},"aioseo_meta_data":{"post_id":"229","title":null,"description":null,"keywords":null,"keyphrases":null,"primary_term":null,"canonical_url":null,"og_title":null,"og_description":null,"og_object_type":"default","og_image_type":"default","og_image_url":null,"og_image_width":null,"og_image_height":null,"og_image_custom_url":null,"og_image_custom_fields":null,"og_video":null,"og_custom_url":null,"og_article_section":null,"og_article_tags":null,"twitter_use_og":false,"twitter_card":"default","twitter_image_type":"default","twitter_image_url":null,"twitter_image_custom_url":null,"twitter_image_custom_fields":null,"twitter_title":null,"twitter_description":null,"schema":{"blockGraphs":[],"customGraphs":[],"default":{"data":{"Article":[],"Course":[],"Dataset":[],"FAQPage":[],"Movie":[],"Person":[],"Product":[],"ProductReview":[],"Car":[],"Recipe":[],"Service":[],"SoftwareApplication":[],"WebPage":[]},"graphName":"","isEnabled":true},"graphs":[]},"schema_type":null,"schema_type_options":null,"pillar_content":false,"robots_default":true,"robots_noindex":false,"robots_noarchive":false,"robots_nosnippet":false,"robots_nofollow":false,"robots_noimageindex":false,"robots_noodp":false,"robots_notranslate":false,"robots_max_snippet":null,"robots_max_videopreview":null,"robots_max_imagepreview":"large","priority":null,"frequency":null,"local_seo":null,"breadcrumb_settings":null,"limit_modified_date":false,"ai":null,"created":"2020-12-22 08:47:27","updated":"2022-09-17 11:14:40","seo_analyzer_scan_date":null,"focus_keyword":null,"additional_keywords":null,"truseo_locale":null},"jetpack_publicize_connections":[],"jetpack_sharing_enabled":true,"jetpack_likes_enabled":true,"jetpack-related-posts":[],"jetpack_featured_media_url":"","_links":{"self":[{"href":"https:\/\/www.notanoverlander.com\/index.php\/wp-json\/wp\/v2\/posts\/229","targetHints":{"allow":["GET"]}}],"collection":[{"href":"https:\/\/www.notanoverlander.com\/index.php\/wp-json\/wp\/v2\/posts"}],"about":[{"href":"https:\/\/www.notanoverlander.com\/index.php\/wp-json\/wp\/v2\/types\/post"}],"author":[{"embeddable":true,"href":"https:\/\/www.notanoverlander.com\/index.php\/wp-json\/wp\/v2\/users\/1"}],"replies":[{"embeddable":true,"href":"https:\/\/www.notanoverlander.com\/index.php\/wp-json\/wp\/v2\/comments?post=229"}],"version-history":[{"count":5,"href":"https:\/\/www.notanoverlander.com\/index.php\/wp-json\/wp\/v2\/posts\/229\/revisions"}],"predecessor-version":[{"id":385,"href":"https:\/\/www.notanoverlander.com\/index.php\/wp-json\/wp\/v2\/posts\/229\/revisions\/385"}],"wp:attachment":[{"href":"https:\/\/www.notanoverlander.com\/index.php\/wp-json\/wp\/v2\/media?parent=229"}],"wp:term":[{"taxonomy":"category","embeddable":true,"href":"https:\/\/www.notanoverlander.com\/index.php\/wp-json\/wp\/v2\/categories?post=229"},{"taxonomy":"post_tag","embeddable":true,"href":"https:\/\/www.notanoverlander.com\/index.php\/wp-json\/wp\/v2\/tags?post=229"}],"curies":[{"name":"wp","href":"https:\/\/api.w.org\/{rel}","templated":true}]}}