{"id":245,"date":"2016-12-08T21:18:56","date_gmt":"2016-12-08T21:18:56","guid":{"rendered":"http:\/\/www.notanoverlander.com\/?p=245"},"modified":"2017-02-08T19:40:49","modified_gmt":"2017-02-08T19:40:49","slug":"historias-del-dia-a-dia-la-transalp","status":"publish","type":"post","link":"https:\/\/www.notanoverlander.com\/index.php\/2016\/12\/08\/historias-del-dia-a-dia-la-transalp\/","title":{"rendered":"Historias del d\u00eda a dia: la Transalp"},"content":{"rendered":"\n<!-- Facebook Like Button v1.9.6 BEGIN [http:\/\/blog.bottomlessinc.com] -->\n<iframe src=\"http:\/\/www.facebook.com\/plugins\/like.php?href=https%3A%2F%2Fwww.notanoverlander.com%2Findex.php%2F2016%2F12%2F08%2Fhistorias-del-dia-a-dia-la-transalp%2F&amp;layout=standard&amp;show_faces=false&amp;width=450&amp;action=like&amp;colorscheme=light\" scrolling=\"no\" frameborder=\"0\" allowTransparency=\"true\" style=\"border:none; overflow:hidden; width:450px; height: 30px; align: left; margin: 2px 0px 2px 0px\"><\/iframe>\n<!-- Facebook Like Button END -->\n<div class=\"sf-social-icon-list\">\n<table border=\"0\" cellspacing=\"0\" cellpadding=\"\">\n<td style=\"padding: 1px\"><a href='https:\/\/www.twitter.com\/notanoverlander' target='parent'><img data-recalc-dims=\"1\" decoding=\"async\" src=\"https:\/\/i0.wp.com\/www.notanoverlander.com\/wp-content\/plugins\/free-social-media-icons\/assets\/icons\/Cute%20Icons\/Twitter.png?ssl=1\" class=\"sf-social-icon\" style=\"width: 32px; height: 32px; max-width: 32px\" \/><\/a><\/td>\n<\/table>\n<\/div><p>El mundo de la moto y los moteros es peculiar, la especial camarader\u00eda que tenemos entre nosotros y que se extiende por todo el mundo a veces te trae historias curiosas que os contar\u00e9 en esta secci\u00f3n.<\/p>\n<p>All\u00e1 por enero, de vuelta de las vacaciones de Navidad, uno andaba buscando trabajo y haciendo entrevistas por diferentes partes de<strong> B\u00e9lgica<\/strong>. Como <span class=\"il\">no<\/span>, mi medio de transporte era la moto y con ella me mov\u00eda a los diferentes puntos en los que me convocaban para <strong>presentar mi candidatura.<\/strong><\/p>\n<p>Est\u00e1 vez tocaba ir a Mechelen, a unos <strong>25kms<\/strong>. de Bruselas a una empresa que, seg\u00fan la recruiter, ten\u00eda parking. Y efectivamente, lo ten\u00eda, nada m\u00e1s entrar en parking del alargado edificio de oficinas de cinco plantas, en la primera plaza, <strong>una moto<\/strong>. Un cartel que rezaba algo en flamenco de lo que solo entend\u00ed la palabra \u00abmotos\u00bb, parec\u00eda indicar que esa plaza era reservada para veh\u00edculos de dos ruedas. Aparqu\u00e9 al lado de <strong>la Transalp<\/strong>, que era la moto que ya se encontraba en la plaza. \u00abScanner\u00bb obligatorio de la misma: la matr\u00edcula belga antigua, las manchas de liquido por las tapas del motor y las llantas completamente llenas de restos de \u00abferodo\u00bb dejaban claro que estaba m\u00e1s que trillada.<\/p>\n<p>La entrevista fue bien y una semana despu\u00e9s acud\u00ed de nuevo a <strong>una segunda<\/strong>\u00a0y, de nuevo, ah\u00ed estaba <strong>la Transalp<\/strong>. Por suerte, despu\u00e9s de esta segunda visita, la empresa decidi\u00f3 cogerme y <strong>comenc\u00e9 a trabajar all\u00ed<\/strong>.<\/p>\n<p>Era <strong>finales de enero<\/strong> y comenc\u00e9\u00a0ir con mi moto a diario a la nueva oficina y, la mayor parte de los d\u00edas, all\u00ed estaba <strong>la Honda<\/strong>.<\/p>\n<p>Pasaron las semanas, lleg\u00f3 el mejor tiempo y, de vez en cuando, en lugar de en el garaje, la Transalp descansaba en el exterior del edificio. Alguna vez estuve incluso tentado de dejarle un papel al due\u00f1o, d\u00e1ndole mi tel\u00e9fono, por si <span class=\"il\">no<\/span> hab\u00eda sitio suficiente, para que pudiese aparcar, incluso cerr\u00e1ndome y me avisase o yo le pudiese avisar a \u00e9l, pero <span class=\"il\">no<\/span> me parec\u00eda demasiado correcto. Nunca sabes con qui\u00e9n te vas a encontrar.<\/p>\n<p>Los d\u00edas fueron pasando y con ellos las semanas, los meses y, casi a diario, la desconocida Transalp, de <strong>due\u00f1o fantasmal<\/strong>, aparec\u00eda en uno u otro lugar.<\/p>\n<p>Era un jueves, fr\u00edo, muy fr\u00edo, de noviembre, casi a las seis de la tarde abandonaba la oficina. <em>Hoy voy tarde, <\/em>pensaba mientras bajaba en el ascensor pertrechado con\u00a0el equipamiento motero digno del casi invierno belga. Un par de cosas que hab\u00eda que dejar acabadas y el tiempo que ahora tengo que dedicar a cambiarme de ropa y poner capa sobre capa, me hab\u00edan retrasado con respecto a mi horario habitual. Al llegar a la plaza de las motos, ah\u00ed estaban las dos, como todos los d\u00edas, <strong>esperando pacientemente<\/strong> a que sus due\u00f1os las llevemos a casa.<\/p>\n<p>Inicio el ritual: quito la alarma, abro el ba\u00fal, dejo la bolsa, la cartera, desenfundo el casco. Ensimismado en mis pensamientos y tareas estaba, cuando de repente, aparece un hombre, de mi misma guisa. Vestido de motero, casco en mano, mochila de port\u00e1til al hombro&#8230; Su cara y la m\u00eda fueron muy similares:<strong> <em>Por Fin!<\/em> <\/strong>nos conocemos.<\/p>\n<p>Tras explicarle que mejor hablamos en ingl\u00e9s, porque mi \u00abFlamenco\u00bb <span class=\"il\">no<\/span> existe, comenzamos a charlar. Trabaja en la oficina que est\u00e1 justo al lado de la m\u00eda, se hace <strong>200 kms. diarios<\/strong> porque vive en el este de B\u00e9lgica y hay unos atascos tremendos. La Transalp, que de hecho es su segunda moto, la primera fue una <strong>Deuville<\/strong> (tiene un amigo que trabaja en Honda \ud83d\ude09 ) tiene <strong>315.000kms\u00a0<\/strong>y est\u00e1 apunto de cambiarla&#8230; La breve charla, de unos 5 minutos, dio mucho de s\u00ed. \u00a0Era como si dos viejos conocidos se reencontrasen despu\u00e9s de mucho tiempo, con la \u00fanica diferencia de que, en realidad, era la primera vez que hablabamos.<\/p>\n<p>Mientras convers\u00e1bamos, cada uno segu\u00eda con su ritual, braga para cubrir el cuello, casco, guantes. Ya con las dos motos en marcha, nos dimos la mano, compartimos un \u00abnice to meet you\u00bb y un \u00abHave a good ride\u00bb y salimos camino a casa.<\/p>\n<p>El destino quiso que <strong>comparti\u00e9semos los primeros kil\u00f3metros<\/strong> de nuestro viaje, ya de noche, hasta que salimos a la autopista, en direcciones opuestas.<\/p>\n<p>Despu\u00e9s de 10 meses, de repetidas ocasiones en las que, supongo, ambos nos hemos preguntado\u00a0<em>Qui\u00e9n ser\u00e1 el de esa moto<\/em>, por fin lleg\u00f3 el momento de compartir experiencias. Y ahora&#8230; ahora quiz\u00e1s pasen otros 10 meses, hasta que nos volvamos a ver, o quiz\u00e1s ser\u00e1 la pr\u00f3xima semana, sea como fuere, si ese momento llega, de nuevo habr\u00e1 tiempo para compartir experiencias moteras.<\/p>\n","protected":false},"excerpt":{"rendered":"<p>El mundo de la moto y los moteros es peculiar, la especial camarader\u00eda que tenemos entre nosotros y que se extiende por todo el mundo a veces te trae historias curiosas que os contar\u00e9 en esta secci\u00f3n. All\u00e1 por enero, de vuelta de las vacaciones de Navidad, uno andaba buscando trabajo y haciendo entrevistas por [&hellip;]<\/p>\n","protected":false},"author":1,"featured_media":0,"comment_status":"open","ping_status":"open","sticky":false,"template":"","format":"standard","meta":{"_jetpack_newsletter_access":"","_jetpack_dont_email_post_to_subs":true,"_jetpack_newsletter_tier_id":0,"_jetpack_memberships_contains_paywalled_content":false,"_jetpack_feature_clip_id":0,"_jetpack_memberships_contains_paid_content":false,"footnotes":"","jetpack_publicize_message":"","jetpack_publicize_feature_enabled":true,"jetpack_social_post_already_shared":true,"jetpack_social_options":{"image_generator_settings":{"template":"highway","default_image_id":0,"font":"","enabled":false},"version":2},"jetpack_post_was_ever_published":false},"categories":[15,3],"tags":[],"class_list":["post-245","post","type-post","status-publish","format-standard","hentry","category-motos","category-dia-a-dia"],"translation":{"provider":"WPGlobus","version":"3.0.5","language":"es","enabled_languages":["es"],"languages":{"es":{"title":true,"content":true,"excerpt":false}}},"aioseo_notices":[],"aioseo_head":"\n\t\t<!-- All in One SEO 5.0.1.1 - aioseo.com -->\n\t<meta name=\"robots\" content=\"max-image-preview:large\" \/>\n\t<meta name=\"author\" content=\"Daviz\"\/>\n\t<meta name=\"google-site-verification\" content=\"rgL4cG7lkS3Or5dFWhIEkt-UqRz-5d7tYVEOFvb7tF8\" \/>\n\t<link rel=\"canonical\" href=\"https:\/\/www.notanoverlander.com\/index.php\/2016\/12\/08\/historias-del-dia-a-dia-la-transalp\/\" \/>\n\t<meta name=\"generator\" content=\"All in One SEO (AIOSEO) 5.0.1.1\" \/>\n\t\t<script type=\"application\/ld+json\" class=\"aioseo-schema\">\n\t\t\t{\"@context\":\"https:\\\/\\\/schema.org\",\"@graph\":[{\"@type\":\"Article\",\"@id\":\"https:\\\/\\\/www.notanoverlander.com\\\/index.php\\\/2016\\\/12\\\/08\\\/historias-del-dia-a-dia-la-transalp\\\/#article\",\"name\":\"Historias del d\\u00eda a dia: la Transalp | NotAnOverlander\",\"headline\":\"Historias del d\\u00eda a dia: la Transalp\",\"author\":{\"@id\":\"https:\\\/\\\/www.notanoverlander.com\\\/index.php\\\/author\\\/daviz\\\/#author\"},\"publisher\":{\"@id\":\"https:\\\/\\\/www.notanoverlander.com\\\/#person\"},\"image\":{\"@type\":\"ImageObject\",\"@id\":\"https:\\\/\\\/www.notanoverlander.com\\\/index.php\\\/2016\\\/12\\\/08\\\/historias-del-dia-a-dia-la-transalp\\\/#articleImage\",\"url\":\"https:\\\/\\\/secure.gravatar.com\\\/avatar\\\/2c29c3b0163f4585d6a605f3db00c13569b8c4b2cc1b5476a605d3ac3be9982f?s=96&d=mm&r=g\",\"width\":96,\"height\":96,\"caption\":\"Daviz\"},\"datePublished\":\"2016-12-08T21:18:56+01:00\",\"dateModified\":\"2017-02-08T19:40:49+01:00\",\"inLanguage\":\"es-ES\",\"commentCount\":1,\"mainEntityOfPage\":{\"@id\":\"https:\\\/\\\/www.notanoverlander.com\\\/index.php\\\/2016\\\/12\\\/08\\\/historias-del-dia-a-dia-la-transalp\\\/#webpage\"},\"isPartOf\":{\"@id\":\"https:\\\/\\\/www.notanoverlander.com\\\/index.php\\\/2016\\\/12\\\/08\\\/historias-del-dia-a-dia-la-transalp\\\/#webpage\"},\"articleSection\":\"Motos, Dia a dia\"},{\"@type\":\"BreadcrumbList\",\"@id\":\"https:\\\/\\\/www.notanoverlander.com\\\/index.php\\\/2016\\\/12\\\/08\\\/historias-del-dia-a-dia-la-transalp\\\/#breadcrumblist\",\"itemListElement\":[{\"@type\":\"ListItem\",\"@id\":\"https:\\\/\\\/www.notanoverlander.com#listItem\",\"position\":1,\"name\":\"Inicio\",\"item\":\"https:\\\/\\\/www.notanoverlander.com\",\"nextItem\":{\"@type\":\"ListItem\",\"@id\":\"https:\\\/\\\/www.notanoverlander.com\\\/index.php\\\/category\\\/dia-a-dia\\\/#listItem\",\"name\":\"Dia a dia\"}},{\"@type\":\"ListItem\",\"@id\":\"https:\\\/\\\/www.notanoverlander.com\\\/index.php\\\/category\\\/dia-a-dia\\\/#listItem\",\"position\":2,\"name\":\"Dia a dia\",\"item\":\"https:\\\/\\\/www.notanoverlander.com\\\/index.php\\\/category\\\/dia-a-dia\\\/\",\"nextItem\":{\"@type\":\"ListItem\",\"@id\":\"https:\\\/\\\/www.notanoverlander.com\\\/index.php\\\/2016\\\/12\\\/08\\\/historias-del-dia-a-dia-la-transalp\\\/#listItem\",\"name\":\"Historias del d\\u00eda a dia: la Transalp\"},\"previousItem\":{\"@type\":\"ListItem\",\"@id\":\"https:\\\/\\\/www.notanoverlander.com#listItem\",\"name\":\"Inicio\"}},{\"@type\":\"ListItem\",\"@id\":\"https:\\\/\\\/www.notanoverlander.com\\\/index.php\\\/2016\\\/12\\\/08\\\/historias-del-dia-a-dia-la-transalp\\\/#listItem\",\"position\":3,\"name\":\"Historias del d\\u00eda a dia: la Transalp\",\"previousItem\":{\"@type\":\"ListItem\",\"@id\":\"https:\\\/\\\/www.notanoverlander.com\\\/index.php\\\/category\\\/dia-a-dia\\\/#listItem\",\"name\":\"Dia a dia\"}}]},{\"@type\":\"Person\",\"@id\":\"https:\\\/\\\/www.notanoverlander.com\\\/#person\",\"name\":\"David\",\"image\":\"https:\\\/\\\/www.notanoverlander.com\\\/wp-content\\\/uploads\\\/2017\\\/05\\\/logoNAO.png\",\"sameAs\":[\"https:\\\/\\\/facebook.com\\\/NotanOverlander\",\"https:\\\/\\\/x.com\\\/NotanOverlander\",\"https:\\\/\\\/instagram.com\\\/NotanOverlander\",\"https:\\\/\\\/www.youtube.com\\\/channel\\\/UCvc1e5xDGI3ZbDNei9TnpDw\"]},{\"@type\":\"Person\",\"@id\":\"https:\\\/\\\/www.notanoverlander.com\\\/index.php\\\/author\\\/daviz\\\/#author\",\"url\":\"https:\\\/\\\/www.notanoverlander.com\\\/index.php\\\/author\\\/daviz\\\/\",\"name\":\"Daviz\",\"image\":{\"@type\":\"ImageObject\",\"@id\":\"https:\\\/\\\/www.notanoverlander.com\\\/index.php\\\/2016\\\/12\\\/08\\\/historias-del-dia-a-dia-la-transalp\\\/#authorImage\",\"url\":\"https:\\\/\\\/secure.gravatar.com\\\/avatar\\\/2c29c3b0163f4585d6a605f3db00c13569b8c4b2cc1b5476a605d3ac3be9982f?s=96&d=mm&r=g\",\"width\":96,\"height\":96,\"caption\":\"Daviz\"}},{\"@type\":\"WebPage\",\"@id\":\"https:\\\/\\\/www.notanoverlander.com\\\/index.php\\\/2016\\\/12\\\/08\\\/historias-del-dia-a-dia-la-transalp\\\/#webpage\",\"url\":\"https:\\\/\\\/www.notanoverlander.com\\\/index.php\\\/2016\\\/12\\\/08\\\/historias-del-dia-a-dia-la-transalp\\\/\",\"name\":\"Historias del d\\u00eda a dia: la Transalp | NotAnOverlander\",\"inLanguage\":\"es-ES\",\"isPartOf\":{\"@id\":\"https:\\\/\\\/www.notanoverlander.com\\\/#website\"},\"breadcrumb\":{\"@id\":\"https:\\\/\\\/www.notanoverlander.com\\\/index.php\\\/2016\\\/12\\\/08\\\/historias-del-dia-a-dia-la-transalp\\\/#breadcrumblist\"},\"author\":{\"@id\":\"https:\\\/\\\/www.notanoverlander.com\\\/index.php\\\/author\\\/daviz\\\/#author\"},\"creator\":{\"@id\":\"https:\\\/\\\/www.notanoverlander.com\\\/index.php\\\/author\\\/daviz\\\/#author\"},\"datePublished\":\"2016-12-08T21:18:56+01:00\",\"dateModified\":\"2017-02-08T19:40:49+01:00\"},{\"@type\":\"WebSite\",\"@id\":\"https:\\\/\\\/www.notanoverlander.com\\\/#website\",\"url\":\"https:\\\/\\\/www.notanoverlander.com\\\/\",\"name\":\"{:es}NotAnOverlander{:}{:en}NotAnOverlander{:}\",\"description\":\"NotAnOverlander\",\"inLanguage\":\"es-ES\",\"publisher\":{\"@id\":\"https:\\\/\\\/www.notanoverlander.com\\\/#person\"}}]}\n\t\t<\/script>\n\t\t<!-- All in One SEO -->\n\n","aioseo_head_json":{"title":"Historias del d\u00eda a dia: la Transalp | NotAnOverlander","description":"","canonical_url":"https:\/\/www.notanoverlander.com\/index.php\/2016\/12\/08\/historias-del-dia-a-dia-la-transalp\/","robots":"max-image-preview:large","keywords":"","webmasterTools":{"google-site-verification":"rgL4cG7lkS3Or5dFWhIEkt-UqRz-5d7tYVEOFvb7tF8","miscellaneous":""},"schema":{"@context":"https:\/\/schema.org","@graph":[{"@type":"Article","@id":"https:\/\/www.notanoverlander.com\/index.php\/2016\/12\/08\/historias-del-dia-a-dia-la-transalp\/#article","name":"Historias del d\u00eda a dia: la Transalp | NotAnOverlander","headline":"Historias del d\u00eda a dia: la Transalp","author":{"@id":"https:\/\/www.notanoverlander.com\/index.php\/author\/daviz\/#author"},"publisher":{"@id":"https:\/\/www.notanoverlander.com\/#person"},"image":{"@type":"ImageObject","@id":"https:\/\/www.notanoverlander.com\/index.php\/2016\/12\/08\/historias-del-dia-a-dia-la-transalp\/#articleImage","url":"https:\/\/secure.gravatar.com\/avatar\/2c29c3b0163f4585d6a605f3db00c13569b8c4b2cc1b5476a605d3ac3be9982f?s=96&d=mm&r=g","width":96,"height":96,"caption":"Daviz"},"datePublished":"2016-12-08T21:18:56+01:00","dateModified":"2017-02-08T19:40:49+01:00","inLanguage":"es-ES","commentCount":1,"mainEntityOfPage":{"@id":"https:\/\/www.notanoverlander.com\/index.php\/2016\/12\/08\/historias-del-dia-a-dia-la-transalp\/#webpage"},"isPartOf":{"@id":"https:\/\/www.notanoverlander.com\/index.php\/2016\/12\/08\/historias-del-dia-a-dia-la-transalp\/#webpage"},"articleSection":"Motos, Dia a dia"},{"@type":"BreadcrumbList","@id":"https:\/\/www.notanoverlander.com\/index.php\/2016\/12\/08\/historias-del-dia-a-dia-la-transalp\/#breadcrumblist","itemListElement":[{"@type":"ListItem","@id":"https:\/\/www.notanoverlander.com#listItem","position":1,"name":"Inicio","item":"https:\/\/www.notanoverlander.com","nextItem":{"@type":"ListItem","@id":"https:\/\/www.notanoverlander.com\/index.php\/category\/dia-a-dia\/#listItem","name":"Dia a dia"}},{"@type":"ListItem","@id":"https:\/\/www.notanoverlander.com\/index.php\/category\/dia-a-dia\/#listItem","position":2,"name":"Dia a dia","item":"https:\/\/www.notanoverlander.com\/index.php\/category\/dia-a-dia\/","nextItem":{"@type":"ListItem","@id":"https:\/\/www.notanoverlander.com\/index.php\/2016\/12\/08\/historias-del-dia-a-dia-la-transalp\/#listItem","name":"Historias del d\u00eda a dia: la Transalp"},"previousItem":{"@type":"ListItem","@id":"https:\/\/www.notanoverlander.com#listItem","name":"Inicio"}},{"@type":"ListItem","@id":"https:\/\/www.notanoverlander.com\/index.php\/2016\/12\/08\/historias-del-dia-a-dia-la-transalp\/#listItem","position":3,"name":"Historias del d\u00eda a dia: la Transalp","previousItem":{"@type":"ListItem","@id":"https:\/\/www.notanoverlander.com\/index.php\/category\/dia-a-dia\/#listItem","name":"Dia a dia"}}]},{"@type":"Person","@id":"https:\/\/www.notanoverlander.com\/#person","name":"David","image":"https:\/\/www.notanoverlander.com\/wp-content\/uploads\/2017\/05\/logoNAO.png","sameAs":["https:\/\/facebook.com\/NotanOverlander","https:\/\/x.com\/NotanOverlander","https:\/\/instagram.com\/NotanOverlander","https:\/\/www.youtube.com\/channel\/UCvc1e5xDGI3ZbDNei9TnpDw"]},{"@type":"Person","@id":"https:\/\/www.notanoverlander.com\/index.php\/author\/daviz\/#author","url":"https:\/\/www.notanoverlander.com\/index.php\/author\/daviz\/","name":"Daviz","image":{"@type":"ImageObject","@id":"https:\/\/www.notanoverlander.com\/index.php\/2016\/12\/08\/historias-del-dia-a-dia-la-transalp\/#authorImage","url":"https:\/\/secure.gravatar.com\/avatar\/2c29c3b0163f4585d6a605f3db00c13569b8c4b2cc1b5476a605d3ac3be9982f?s=96&d=mm&r=g","width":96,"height":96,"caption":"Daviz"}},{"@type":"WebPage","@id":"https:\/\/www.notanoverlander.com\/index.php\/2016\/12\/08\/historias-del-dia-a-dia-la-transalp\/#webpage","url":"https:\/\/www.notanoverlander.com\/index.php\/2016\/12\/08\/historias-del-dia-a-dia-la-transalp\/","name":"Historias del d\u00eda a dia: la Transalp | NotAnOverlander","inLanguage":"es-ES","isPartOf":{"@id":"https:\/\/www.notanoverlander.com\/#website"},"breadcrumb":{"@id":"https:\/\/www.notanoverlander.com\/index.php\/2016\/12\/08\/historias-del-dia-a-dia-la-transalp\/#breadcrumblist"},"author":{"@id":"https:\/\/www.notanoverlander.com\/index.php\/author\/daviz\/#author"},"creator":{"@id":"https:\/\/www.notanoverlander.com\/index.php\/author\/daviz\/#author"},"datePublished":"2016-12-08T21:18:56+01:00","dateModified":"2017-02-08T19:40:49+01:00"},{"@type":"WebSite","@id":"https:\/\/www.notanoverlander.com\/#website","url":"https:\/\/www.notanoverlander.com\/","name":"{:es}NotAnOverlander{:}{:en}NotAnOverlander{:}","description":"NotAnOverlander","inLanguage":"es-ES","publisher":{"@id":"https:\/\/www.notanoverlander.com\/#person"}}]}},"aioseo_meta_data":{"post_id":"245","title":null,"description":null,"keywords":null,"keyphrases":null,"primary_term":null,"canonical_url":null,"og_title":null,"og_description":null,"og_object_type":"default","og_image_type":"default","og_image_url":null,"og_image_width":null,"og_image_height":null,"og_image_custom_url":null,"og_image_custom_fields":null,"og_video":null,"og_custom_url":null,"og_article_section":null,"og_article_tags":null,"twitter_use_og":false,"twitter_card":"default","twitter_image_type":"default","twitter_image_url":null,"twitter_image_custom_url":null,"twitter_image_custom_fields":null,"twitter_title":null,"twitter_description":null,"schema":{"blockGraphs":[],"customGraphs":[],"default":{"data":{"Article":[],"Course":[],"Dataset":[],"FAQPage":[],"Movie":[],"Person":[],"Product":[],"ProductReview":[],"Car":[],"Recipe":[],"Service":[],"SoftwareApplication":[],"WebPage":[]},"graphName":"","isEnabled":true},"graphs":[]},"schema_type":null,"schema_type_options":null,"pillar_content":false,"robots_default":true,"robots_noindex":false,"robots_noarchive":false,"robots_nosnippet":false,"robots_nofollow":false,"robots_noimageindex":false,"robots_noodp":false,"robots_notranslate":false,"robots_max_snippet":null,"robots_max_videopreview":null,"robots_max_imagepreview":"large","priority":null,"frequency":null,"local_seo":null,"breadcrumb_settings":null,"limit_modified_date":false,"ai":null,"created":"2020-12-22 08:47:27","updated":"2022-09-18 09:45:56","seo_analyzer_scan_date":null,"focus_keyword":null,"additional_keywords":null,"truseo_locale":null},"jetpack_publicize_connections":[],"jetpack_sharing_enabled":true,"jetpack_likes_enabled":true,"jetpack-related-posts":[],"jetpack_featured_media_url":"","_links":{"self":[{"href":"https:\/\/www.notanoverlander.com\/index.php\/wp-json\/wp\/v2\/posts\/245","targetHints":{"allow":["GET"]}}],"collection":[{"href":"https:\/\/www.notanoverlander.com\/index.php\/wp-json\/wp\/v2\/posts"}],"about":[{"href":"https:\/\/www.notanoverlander.com\/index.php\/wp-json\/wp\/v2\/types\/post"}],"author":[{"embeddable":true,"href":"https:\/\/www.notanoverlander.com\/index.php\/wp-json\/wp\/v2\/users\/1"}],"replies":[{"embeddable":true,"href":"https:\/\/www.notanoverlander.com\/index.php\/wp-json\/wp\/v2\/comments?post=245"}],"version-history":[{"count":1,"href":"https:\/\/www.notanoverlander.com\/index.php\/wp-json\/wp\/v2\/posts\/245\/revisions"}],"predecessor-version":[{"id":246,"href":"https:\/\/www.notanoverlander.com\/index.php\/wp-json\/wp\/v2\/posts\/245\/revisions\/246"}],"wp:attachment":[{"href":"https:\/\/www.notanoverlander.com\/index.php\/wp-json\/wp\/v2\/media?parent=245"}],"wp:term":[{"taxonomy":"category","embeddable":true,"href":"https:\/\/www.notanoverlander.com\/index.php\/wp-json\/wp\/v2\/categories?post=245"},{"taxonomy":"post_tag","embeddable":true,"href":"https:\/\/www.notanoverlander.com\/index.php\/wp-json\/wp\/v2\/tags?post=245"}],"curies":[{"name":"wp","href":"https:\/\/api.w.org\/{rel}","templated":true}]}}