{"id":2468,"date":"2019-09-20T18:57:45","date_gmt":"2019-09-20T16:57:45","guid":{"rendered":"https:\/\/www.notanoverlander.com\/?p=2468"},"modified":"2019-09-20T18:57:35","modified_gmt":"2019-09-20T16:57:35","slug":"volviendo-a-salir-en-grupo","status":"publish","type":"post","link":"https:\/\/www.notanoverlander.com\/index.php\/2019\/09\/20\/volviendo-a-salir-en-grupo\/","title":{"rendered":"Volviendo a salir en grupo"},"content":{"rendered":"\n<!-- Facebook Like Button v1.9.6 BEGIN [http:\/\/blog.bottomlessinc.com] -->\n<iframe src=\"http:\/\/www.facebook.com\/plugins\/like.php?href=https%3A%2F%2Fwww.notanoverlander.com%2Findex.php%2F2019%2F09%2F20%2Fvolviendo-a-salir-en-grupo%2F&amp;layout=standard&amp;show_faces=false&amp;width=450&amp;action=like&amp;colorscheme=light\" scrolling=\"no\" frameborder=\"0\" allowTransparency=\"true\" style=\"border:none; overflow:hidden; width:450px; height: 30px; align: left; margin: 2px 0px 2px 0px\"><\/iframe>\n<!-- Facebook Like Button END -->\n<div class=\"sf-social-icon-list\">\n<table border=\"0\" cellspacing=\"0\" cellpadding=\"\">\n<td style=\"padding: 1px\"><a href='https:\/\/www.twitter.com\/notanoverlander' target='parent'><img data-recalc-dims=\"1\" decoding=\"async\" src=\"https:\/\/i0.wp.com\/www.notanoverlander.com\/wp-content\/plugins\/free-social-media-icons\/assets\/icons\/Cute%20Icons\/Twitter.png?ssl=1\" class=\"sf-social-icon\" style=\"width: 32px; height: 32px; max-width: 32px\" \/><\/a><\/td>\n<\/table>\n<\/div><p>Llevamos un par de horas de charla mientras degustamos la barbacoa que nuestro jefe ha preparado en su casa.<\/p>\n<p>Una combinaci\u00f3n de gente de diferentes nacionalidades: un polaco, un ucraniano, un espa\u00f1ol, dos portugueses y unos cuantos belgas, disfrutamos de una tarde estupenda y de una buena cena. Los que no conducen hoy, disfrutan tambi\u00e9n de cervezas belgas, vino (no s\u00e9 de d\u00f3nde) y un licor polaco con sabor a avellana que, seg\u00fan dicen, entra muy bien y es muy \u00abpeligroso\u00bb.<\/p>\n<p>Semyon, el ucraniano, y yo empezamos a hablar de motos. \u00c9l lleva mucho tiempo sin salir con la moto, las carreteras belgas le aburren, tanto que est\u00e1 pensando en venderla. Tambi\u00e9n influye que no tiene gente con la que salir. Habla de los moto clubs de Ucrania y Rusia, de las concentraciones y, por un momento, me acuerdo de las historias de Ricardo Fit\u00e9 en su libro 5 veranos en moto. Le propongo salir juntos alg\u00fan d\u00eda y ense\u00f1arle algunas de las carreteras que he conocido que merecen la pena.<\/p>\n<p>No s\u00e9 si por el efecto de las cervezas, del licor o las ganas que ten\u00eda, su respuesta fue \u00abOk, how about tomorrow?\u00bb, o lo que es lo mismo \u00abok, qu\u00e9 tal ma\u00f1ana?\u00bb. Me re\u00ed, incr\u00e9dulo, ante la r\u00e1pida e inminente respuesta de Semyon.<\/p>\n<p>El s\u00e1bado yo no pod\u00eda, pero el domingo si, as\u00ed que compartimos n\u00famero de tel\u00e9fono y quedamos en concretar el propio s\u00e1bado el d\u00f3nde y a qu\u00e9 hora.<\/p>\n<p>De mi casa al parking del carrefour en la entrada de Leuven hay unos 15 kil\u00f3metros, por una carretera recta, limitada a 70, como todas las no autopistas en Flandes, con un piso horrible y llena de saltos. As\u00ed que tardo m\u00e1s de lo esperado, pero mi compa\u00f1ero a\u00fan no ha llegado. Lo hace cinco minutos despu\u00e9s, con su Triumph tiger 800, negra. Engrasa la cadena all\u00ed mismo y salimos.<\/p>\n<p>El primer tramo de la ruta es aburrido, ya que viajamos por autopista unos 50 minutos hasta Lieja para llegar a Esneux.<\/p>\n<p>\u00a0<\/p>\n\n\n<figure class=\"wp-block-image\"><img loading=\"lazy\" decoding=\"async\" width=\"4032\" height=\"3024\" src=\"https:\/\/i2.wp.com\/www.notanoverlander.com\/wp-content\/uploads\/2019\/09\/IMG_20190217_120107_185.jpg?fit=723%2C542&amp;ssl=1\" alt=\"\" class=\"wp-image-2472\" srcset=\"https:\/\/i0.wp.com\/www.notanoverlander.com\/wp-content\/uploads\/2019\/09\/IMG_20190217_120107_185.jpg?w=4032&amp;ssl=1 4032w, https:\/\/i0.wp.com\/www.notanoverlander.com\/wp-content\/uploads\/2019\/09\/IMG_20190217_120107_185.jpg?resize=300%2C225&amp;ssl=1 300w, https:\/\/i0.wp.com\/www.notanoverlander.com\/wp-content\/uploads\/2019\/09\/IMG_20190217_120107_185.jpg?resize=768%2C576&amp;ssl=1 768w, https:\/\/i0.wp.com\/www.notanoverlander.com\/wp-content\/uploads\/2019\/09\/IMG_20190217_120107_185.jpg?resize=2048%2C1536&amp;ssl=1 2048w, https:\/\/i0.wp.com\/www.notanoverlander.com\/wp-content\/uploads\/2019\/09\/IMG_20190217_120107_185.jpg?resize=400%2C300&amp;ssl=1 400w, https:\/\/i0.wp.com\/www.notanoverlander.com\/wp-content\/uploads\/2019\/09\/IMG_20190217_120107_185.jpg?w=3000&amp;ssl=1 3000w\" sizes=\"auto, (max-width: 1000px) 100vw, 1000px\" \/><figcaption>Esneux (Imagen de archivo \ud83d\ude42 )<\/figcaption><\/figure>\n\n\n\n<p class=\"wp-block-paragraph\">Esneux es un pueblo peque\u00f1o, metido en un valle, con un castillo en lo alto y un r\u00edo que lo cruza. Lo conoc\u00ed hace un tiempo gracias a Valerie, de <strong>amigos de la ruta perfecta<\/strong>, y se ha convertido en el punto de partida de muchas de mis rutas de un d\u00eda por su situaci\u00f3n ideal a la entrada de las Ardenas.<\/p>\n\n\n\n<p class=\"wp-block-paragraph\">Paramos a tomar algo, lo bueno empieza a partir de aqu\u00ed seg\u00fan la ruta que hab\u00eda preparado. Acordamos parar en una hora y media a comer, aunque no sabemos si a esa hora vamos a encontrar algo abierto para comer.<\/p>\n\n\n\n<figure class=\"wp-block-image\"><img data-recalc-dims=\"1\" loading=\"lazy\" decoding=\"async\" width=\"1525\" height=\"1566\" src=\"https:\/\/i0.wp.com\/www.notanoverlander.com\/wp-content\/uploads\/2019\/09\/IMG_1509.jpg?resize=1525%2C1566&#038;ssl=1\" alt=\"\" class=\"wp-image-2473\" srcset=\"https:\/\/i0.wp.com\/www.notanoverlander.com\/wp-content\/uploads\/2019\/09\/IMG_1509.jpg?w=1525&amp;ssl=1 1525w, https:\/\/i0.wp.com\/www.notanoverlander.com\/wp-content\/uploads\/2019\/09\/IMG_1509.jpg?resize=292%2C300&amp;ssl=1 292w, https:\/\/i0.wp.com\/www.notanoverlander.com\/wp-content\/uploads\/2019\/09\/IMG_1509.jpg?resize=768%2C789&amp;ssl=1 768w, https:\/\/i0.wp.com\/www.notanoverlander.com\/wp-content\/uploads\/2019\/09\/IMG_1509.jpg?resize=16%2C16&amp;ssl=1 16w, https:\/\/i0.wp.com\/www.notanoverlander.com\/wp-content\/uploads\/2019\/09\/IMG_1509.jpg?resize=32%2C32&amp;ssl=1 32w\" sizes=\"auto, (max-width: 1000px) 100vw, 1000px\" \/><\/figure>\n\n\n\n<p class=\"wp-block-paragraph\">Vamos camino a Spa pasando por Aywaille. Circulamos por carreteras con buen piso y curvas poco pronunciadas, no hay muchos cruces, lo cual agradezco, incluso hacemos tramos de 15 kil\u00f3metros por la misma carretera sin desviarnos!<\/p>\n\n\n\n<p class=\"wp-block-paragraph\">Semyon se queda atr\u00e1s en las curvas, eso que no voy a un ritmo excesivamente alto, pero cuando va detr\u00e1s de m\u00ed guarda suficiente distancia y no se estresa por adelantar cuando yo adelanto. Es un buen compa\u00f1ero de ruta, de esos que te hacen no tener que estar demasiado pendiente de los espejos m\u00e1s que para esperar a que su luz aparezca a la salida de las curvas.<\/p>\n\n\n\n<p class=\"wp-block-paragraph\">Por primera vez desde que volvimos de Italia, vuelvo a hacer curvas y a pas\u00e1rmelo bien encima de la moto. Una tras otra las carreteras nos van llevando por zonas arboladas, pasamos de carreteras estrechas a m\u00e1s anchas, siempre divertidas y con pocas rectas. <\/p>\n\n\n\n<p class=\"wp-block-paragraph\">Desde Spa hasta Vielsam, el trazado lo cog\u00ed de una ruta compartida en la web de Tomtom. Primera vez que hago esto y posiblemente no ser\u00e1 la \u00faltima, ya que la disfrutamos como ni\u00f1os.<\/p>\n\n\n\n<p class=\"wp-block-paragraph\">Pero se acercaba la hora de comer, pod\u00eda sentir el hueco en mi est\u00f3mago crecer m\u00e1s y m\u00e1s, as\u00ed que tratamos de buscar un sitio donde comer, pero no era f\u00e1cil. No s\u00f3lo por la hora, m\u00e1s de las dos de la tarde, sino porque en la mayor\u00eda de los pueblos peque\u00f1os, no hay restaurantes.<\/p>\n\n\n\n<p class=\"wp-block-paragraph\">Llegamos a Houffalize, uno de esos pueblos m\u00e1s grandes, nos paramos en un puente donde parece que hay varios sitios donde comer. He visto al pasar lo que parece un pub que tiene un cartel que anuncia spaghetti y alguna cosa m\u00e1s. Normalmente la cocina de los restaurantes suele cerrar antes que la de los pubs, aunque \u00e9stos suelen tener menos variedad de comida. <\/p>\n\n\n\n<figure class=\"wp-block-image\"><img loading=\"lazy\" decoding=\"async\" width=\"4032\" height=\"3024\" src=\"https:\/\/i0.wp.com\/www.notanoverlander.com\/wp-content\/uploads\/2019\/09\/IMG_20190901_143534_362.jpg?fit=723%2C542&amp;ssl=1\" alt=\"\" class=\"wp-image-2474\" srcset=\"https:\/\/i0.wp.com\/www.notanoverlander.com\/wp-content\/uploads\/2019\/09\/IMG_20190901_143534_362.jpg?w=4032&amp;ssl=1 4032w, https:\/\/i0.wp.com\/www.notanoverlander.com\/wp-content\/uploads\/2019\/09\/IMG_20190901_143534_362.jpg?resize=300%2C225&amp;ssl=1 300w, https:\/\/i0.wp.com\/www.notanoverlander.com\/wp-content\/uploads\/2019\/09\/IMG_20190901_143534_362.jpg?resize=768%2C576&amp;ssl=1 768w, https:\/\/i0.wp.com\/www.notanoverlander.com\/wp-content\/uploads\/2019\/09\/IMG_20190901_143534_362.jpg?resize=2048%2C1536&amp;ssl=1 2048w, https:\/\/i0.wp.com\/www.notanoverlander.com\/wp-content\/uploads\/2019\/09\/IMG_20190901_143534_362.jpg?resize=400%2C300&amp;ssl=1 400w, https:\/\/i0.wp.com\/www.notanoverlander.com\/wp-content\/uploads\/2019\/09\/IMG_20190901_143534_362.jpg?w=3000&amp;ssl=1 3000w\" sizes=\"auto, (max-width: 1000px) 100vw, 1000px\" \/><\/figure>\n\n\n\n<p class=\"wp-block-paragraph\">Tratamos de ver si alguno de los restaurantes que hay alrededor est\u00e1n abiertos, pero incluso una friterie nos cierra la puerta en las narices. As\u00ed que nos dirigimos al pub (el del toldo rojo en la foto \ud83d\ude42 ) para ver si tenemos suerte y la tenemos.<\/p>\n\n\n\n<p class=\"wp-block-paragraph\">No comemos dos t\u00edpicos croque monsier, lo que viene siendo un sandwich mixto grande con una ensalada de acompa\u00f1amiento. El m\u00edo lo pido con salsa bolo\u00f1esa, lo que le a\u00f1ade un poquito de inter\u00e9s. <\/p>\n\n\n\n<p class=\"wp-block-paragraph\">Con la tripa llena continuamos camino, la carretera nos lleva esta vez direcci\u00f3n La Roche en Ardenne. Un sitio en el que yo he estado varias veces antes y del que tengo un grato recuerdo de las carreteras que lo rodean. Como me esperaba, no defraud\u00f3 en absoluto.<\/p>\n\n\n\n<figure class=\"wp-block-image\"><img data-recalc-dims=\"1\" loading=\"lazy\" decoding=\"async\" width=\"1176\" height=\"672\" src=\"https:\/\/i0.wp.com\/www.notanoverlander.com\/wp-content\/uploads\/2019\/09\/PANO_20170806_124649.jpg?resize=1176%2C672&#038;ssl=1\" alt=\"\" class=\"wp-image-2484\" srcset=\"https:\/\/i0.wp.com\/www.notanoverlander.com\/wp-content\/uploads\/2019\/09\/PANO_20170806_124649.jpg?w=1176&amp;ssl=1 1176w, https:\/\/i0.wp.com\/www.notanoverlander.com\/wp-content\/uploads\/2019\/09\/PANO_20170806_124649.jpg?resize=300%2C171&amp;ssl=1 300w, https:\/\/i0.wp.com\/www.notanoverlander.com\/wp-content\/uploads\/2019\/09\/PANO_20170806_124649.jpg?resize=768%2C439&amp;ssl=1 768w, https:\/\/i0.wp.com\/www.notanoverlander.com\/wp-content\/uploads\/2019\/09\/PANO_20170806_124649.jpg?resize=525%2C300&amp;ssl=1 525w\" sizes=\"auto, (max-width: 1000px) 100vw, 1000px\" \/><figcaption>La Roche (Imagen de archivo)<\/figcaption><\/figure>\n\n\n<p>El paisaje cambia un poco, vamos dejando atr\u00e1s la frondosidad anterior y las monta\u00f1as ya no son tales. A\u00fan disfrutamos de curvas, pero tambi\u00e9n nos encontramos alguna recta.<\/p>\n<p>De La Roche pasamos a Durbuy, un pueblo espectacular, con las casas de piedra restauradas, un castillo en la parte trasera y el el suelo pavimentado de piedra. Est\u00e1 lleno de gente (siempre lo est\u00e1).<\/p>\n<p>\u00a0<\/p>\n\n\n<figure class=\"wp-block-image\"><img data-recalc-dims=\"1\" loading=\"lazy\" decoding=\"async\" width=\"2048\" height=\"1365\" src=\"https:\/\/i0.wp.com\/www.notanoverlander.com\/wp-content\/uploads\/2019\/09\/660B9318.jpg?resize=2048%2C1365&#038;ssl=1\" alt=\"\" class=\"wp-image-2485\" srcset=\"https:\/\/i0.wp.com\/www.notanoverlander.com\/wp-content\/uploads\/2019\/09\/660B9318.jpg?resize=2048%2C1365&amp;ssl=1 2048w, https:\/\/i0.wp.com\/www.notanoverlander.com\/wp-content\/uploads\/2019\/09\/660B9318.jpg?resize=300%2C200&amp;ssl=1 300w, https:\/\/i0.wp.com\/www.notanoverlander.com\/wp-content\/uploads\/2019\/09\/660B9318.jpg?resize=768%2C512&amp;ssl=1 768w, https:\/\/i0.wp.com\/www.notanoverlander.com\/wp-content\/uploads\/2019\/09\/660B9318.jpg?resize=450%2C300&amp;ssl=1 450w, https:\/\/i0.wp.com\/www.notanoverlander.com\/wp-content\/uploads\/2019\/09\/660B9318.jpg?w=3000&amp;ssl=1 3000w\" sizes=\"auto, (max-width: 1000px) 100vw, 1000px\" \/><figcaption>Durbuy (Imagen de archivo)<\/figcaption><\/figure>\n\n\n\n<p class=\"wp-block-paragraph\">No paramos, hoy es d\u00eda de moto y m\u00e1s moto. Seguimos por carreteras m\u00e1s o menos reviradas, algunas con mal piso y bastante estrechas pero que mantienen el esp\u00edritu del d\u00eda: moto y curvas.<\/p>\n\n\n\n<p class=\"wp-block-paragraph\"> Luego Nardin y de nuevo llegada a Esneux. Los \u00faltimos tramos de carretera alternan trozos estrechos con carreteras de dos carriles la mayor\u00eda de ellos con el asfalto en malas condiciones. En este \u00faltimo tramo hay menos pendientes, es m\u00e1s llano, pero a\u00fan as\u00ed disfrutamos de un buen rato de moto. <\/p>\n\n\n\n<p class=\"wp-block-paragraph\">Tomamos algo en la misma terraza, hacemos balance, ha sido un buen d\u00eda, quiz\u00e1s demasiados kil\u00f3metros sin parar, pero ha merecido la pena.<\/p>\n\n\n\n<p class=\"wp-block-paragraph\">Disfruto de esos momentos de nuevo, de esos en los que comentamos detalles de la ruta: que si este coche que nos cruzamos, aquel tramo que estaba roto o el otro que era una pasada. Recuerdo porqu\u00e9 esto de salir en grupo engancha, que no es solo la ruta, la moto, las curvas, tambi\u00e9n, muy importante el grupo, el compartir la experiencia.<\/p>\n\n\n\n<p class=\"wp-block-paragraph\">Regresamos de nuevo por la autov\u00eda, cerca de Leuven separamos nuestros caminos, cada uno a su casa, en mi caso, de nuevo, por la aburrida y bacheada carretera. <\/p>\n\n\n\n<p class=\"wp-block-paragraph\"><\/p>\n\n\n\n<figure class=\"wp-block-embed-youtube wp-block-embed is-type-video is-provider-youtube wp-embed-aspect-16-9 wp-has-aspect-ratio\"><div class=\"wp-block-embed__wrapper\">\n<iframe loading=\"lazy\"  id=\"_ytid_61632\"  width=\"480\" height=\"270\"  data-origwidth=\"480\" data-origheight=\"270\" src=\"https:\/\/www.youtube.com\/embed\/By64KmZcpuM?enablejsapi=1&#038;autoplay=0&#038;cc_load_policy=0&#038;cc_lang_pref=&#038;iv_load_policy=1&#038;loop=0&#038;rel=1&#038;fs=1&#038;playsinline=0&#038;autohide=2&#038;theme=dark&#038;color=red&#038;controls=1&#038;disablekb=0&#038;\" class=\"__youtube_prefs__  epyt-is-override  no-lazyload\" title=\"YouTube player\"  allow=\"fullscreen; accelerometer; autoplay; clipboard-write; encrypted-media; gyroscope; picture-in-picture; web-share\" referrerpolicy=\"strict-origin-when-cross-origin\" allowfullscreen data-no-lazy=\"1\" data-skipgform_ajax_framebjll=\"\"><\/iframe>\n<\/div><\/figure>\n\n\n\n<p class=\"wp-block-paragraph\">V&#8217;sssss<\/p>\n","protected":false},"excerpt":{"rendered":"<p>Llevamos un par de horas de charla mientras degustamos la barbacoa que nuestro jefe ha preparado en su casa. Una combinaci\u00f3n de gente de diferentes nacionalidades: un polaco, un ucraniano, un espa\u00f1ol, dos portugueses y unos cuantos belgas, disfrutamos de una tarde estupenda y de una buena cena. Los que no conducen hoy, disfrutan tambi\u00e9n [&hellip;]<\/p>\n","protected":false},"author":1,"featured_media":2474,"comment_status":"open","ping_status":"open","sticky":false,"template":"","format":"standard","meta":{"_jetpack_newsletter_access":"","_jetpack_dont_email_post_to_subs":false,"_jetpack_newsletter_tier_id":0,"_jetpack_memberships_contains_paywalled_content":false,"_jetpack_feature_clip_id":0,"_jetpack_memberships_contains_paid_content":false,"footnotes":"","jetpack_publicize_message":"Volviendo a salir en grupo. Recordar lo que se siente haciendo una ruta en moto y el poder comentarlo cuando llegas al bar :). Incluye peque\u00f1o video! \n\n#notAnOverlander #moto #bmw #r1200rt","jetpack_publicize_feature_enabled":true,"jetpack_social_post_already_shared":true,"jetpack_social_options":{"image_generator_settings":{"template":"highway","default_image_id":0,"font":"","enabled":false},"version":2},"jetpack_post_was_ever_published":false},"categories":[3],"tags":[],"class_list":["post-2468","post","type-post","status-publish","format-standard","has-post-thumbnail","hentry","category-dia-a-dia"],"translation":{"provider":"WPGlobus","version":"3.0.5","language":"es","enabled_languages":["es"],"languages":{"es":{"title":true,"content":true,"excerpt":false}}},"aioseo_notices":[],"aioseo_head":"\n\t\t<!-- All in One SEO 5.0.1.1 - aioseo.com -->\n\t<meta name=\"robots\" content=\"max-image-preview:large\" \/>\n\t<meta name=\"author\" content=\"Daviz\"\/>\n\t<meta name=\"google-site-verification\" content=\"rgL4cG7lkS3Or5dFWhIEkt-UqRz-5d7tYVEOFvb7tF8\" \/>\n\t<link rel=\"canonical\" href=\"https:\/\/www.notanoverlander.com\/index.php\/2019\/09\/20\/volviendo-a-salir-en-grupo\/\" \/>\n\t<meta name=\"generator\" content=\"All in One SEO (AIOSEO) 5.0.1.1\" \/>\n\t\t<script type=\"application\/ld+json\" class=\"aioseo-schema\">\n\t\t\t{\"@context\":\"https:\\\/\\\/schema.org\",\"@graph\":[{\"@type\":\"Article\",\"@id\":\"https:\\\/\\\/www.notanoverlander.com\\\/index.php\\\/2019\\\/09\\\/20\\\/volviendo-a-salir-en-grupo\\\/#article\",\"name\":\"Volviendo a salir en grupo | NotAnOverlander\",\"headline\":\"Volviendo a salir en grupo\",\"author\":{\"@id\":\"https:\\\/\\\/www.notanoverlander.com\\\/index.php\\\/author\\\/daviz\\\/#author\"},\"publisher\":{\"@id\":\"https:\\\/\\\/www.notanoverlander.com\\\/#person\"},\"image\":{\"@type\":\"ImageObject\",\"url\":\"https:\\\/\\\/i0.wp.com\\\/www.notanoverlander.com\\\/wp-content\\\/uploads\\\/2019\\\/09\\\/IMG_20190901_143534_362.jpg?fit=4032%2C3024&ssl=1\",\"width\":4032,\"height\":3024},\"datePublished\":\"2019-09-20T18:57:45+02:00\",\"dateModified\":\"2019-09-20T18:57:35+02:00\",\"inLanguage\":\"es-ES\",\"mainEntityOfPage\":{\"@id\":\"https:\\\/\\\/www.notanoverlander.com\\\/index.php\\\/2019\\\/09\\\/20\\\/volviendo-a-salir-en-grupo\\\/#webpage\"},\"isPartOf\":{\"@id\":\"https:\\\/\\\/www.notanoverlander.com\\\/index.php\\\/2019\\\/09\\\/20\\\/volviendo-a-salir-en-grupo\\\/#webpage\"},\"articleSection\":\"Dia a dia\"},{\"@type\":\"BreadcrumbList\",\"@id\":\"https:\\\/\\\/www.notanoverlander.com\\\/index.php\\\/2019\\\/09\\\/20\\\/volviendo-a-salir-en-grupo\\\/#breadcrumblist\",\"itemListElement\":[{\"@type\":\"ListItem\",\"@id\":\"https:\\\/\\\/www.notanoverlander.com#listItem\",\"position\":1,\"name\":\"Inicio\",\"item\":\"https:\\\/\\\/www.notanoverlander.com\",\"nextItem\":{\"@type\":\"ListItem\",\"@id\":\"https:\\\/\\\/www.notanoverlander.com\\\/index.php\\\/category\\\/dia-a-dia\\\/#listItem\",\"name\":\"Dia a dia\"}},{\"@type\":\"ListItem\",\"@id\":\"https:\\\/\\\/www.notanoverlander.com\\\/index.php\\\/category\\\/dia-a-dia\\\/#listItem\",\"position\":2,\"name\":\"Dia a dia\",\"item\":\"https:\\\/\\\/www.notanoverlander.com\\\/index.php\\\/category\\\/dia-a-dia\\\/\",\"nextItem\":{\"@type\":\"ListItem\",\"@id\":\"https:\\\/\\\/www.notanoverlander.com\\\/index.php\\\/2019\\\/09\\\/20\\\/volviendo-a-salir-en-grupo\\\/#listItem\",\"name\":\"Volviendo a salir en grupo\"},\"previousItem\":{\"@type\":\"ListItem\",\"@id\":\"https:\\\/\\\/www.notanoverlander.com#listItem\",\"name\":\"Inicio\"}},{\"@type\":\"ListItem\",\"@id\":\"https:\\\/\\\/www.notanoverlander.com\\\/index.php\\\/2019\\\/09\\\/20\\\/volviendo-a-salir-en-grupo\\\/#listItem\",\"position\":3,\"name\":\"Volviendo a salir en grupo\",\"previousItem\":{\"@type\":\"ListItem\",\"@id\":\"https:\\\/\\\/www.notanoverlander.com\\\/index.php\\\/category\\\/dia-a-dia\\\/#listItem\",\"name\":\"Dia a dia\"}}]},{\"@type\":\"Person\",\"@id\":\"https:\\\/\\\/www.notanoverlander.com\\\/#person\",\"name\":\"David\",\"image\":\"https:\\\/\\\/www.notanoverlander.com\\\/wp-content\\\/uploads\\\/2017\\\/05\\\/logoNAO.png\",\"sameAs\":[\"https:\\\/\\\/facebook.com\\\/NotanOverlander\",\"https:\\\/\\\/x.com\\\/NotanOverlander\",\"https:\\\/\\\/instagram.com\\\/NotanOverlander\",\"https:\\\/\\\/www.youtube.com\\\/channel\\\/UCvc1e5xDGI3ZbDNei9TnpDw\"]},{\"@type\":\"Person\",\"@id\":\"https:\\\/\\\/www.notanoverlander.com\\\/index.php\\\/author\\\/daviz\\\/#author\",\"url\":\"https:\\\/\\\/www.notanoverlander.com\\\/index.php\\\/author\\\/daviz\\\/\",\"name\":\"Daviz\",\"image\":{\"@type\":\"ImageObject\",\"@id\":\"https:\\\/\\\/www.notanoverlander.com\\\/index.php\\\/2019\\\/09\\\/20\\\/volviendo-a-salir-en-grupo\\\/#authorImage\",\"url\":\"https:\\\/\\\/secure.gravatar.com\\\/avatar\\\/2c29c3b0163f4585d6a605f3db00c13569b8c4b2cc1b5476a605d3ac3be9982f?s=96&d=mm&r=g\",\"width\":96,\"height\":96,\"caption\":\"Daviz\"}},{\"@type\":\"WebPage\",\"@id\":\"https:\\\/\\\/www.notanoverlander.com\\\/index.php\\\/2019\\\/09\\\/20\\\/volviendo-a-salir-en-grupo\\\/#webpage\",\"url\":\"https:\\\/\\\/www.notanoverlander.com\\\/index.php\\\/2019\\\/09\\\/20\\\/volviendo-a-salir-en-grupo\\\/\",\"name\":\"Volviendo a salir en grupo | NotAnOverlander\",\"inLanguage\":\"es-ES\",\"isPartOf\":{\"@id\":\"https:\\\/\\\/www.notanoverlander.com\\\/#website\"},\"breadcrumb\":{\"@id\":\"https:\\\/\\\/www.notanoverlander.com\\\/index.php\\\/2019\\\/09\\\/20\\\/volviendo-a-salir-en-grupo\\\/#breadcrumblist\"},\"author\":{\"@id\":\"https:\\\/\\\/www.notanoverlander.com\\\/index.php\\\/author\\\/daviz\\\/#author\"},\"creator\":{\"@id\":\"https:\\\/\\\/www.notanoverlander.com\\\/index.php\\\/author\\\/daviz\\\/#author\"},\"image\":{\"@type\":\"ImageObject\",\"url\":\"https:\\\/\\\/i0.wp.com\\\/www.notanoverlander.com\\\/wp-content\\\/uploads\\\/2019\\\/09\\\/IMG_20190901_143534_362.jpg?fit=4032%2C3024&ssl=1\",\"@id\":\"https:\\\/\\\/www.notanoverlander.com\\\/index.php\\\/2019\\\/09\\\/20\\\/volviendo-a-salir-en-grupo\\\/#mainImage\",\"width\":4032,\"height\":3024},\"primaryImageOfPage\":{\"@id\":\"https:\\\/\\\/www.notanoverlander.com\\\/index.php\\\/2019\\\/09\\\/20\\\/volviendo-a-salir-en-grupo\\\/#mainImage\"},\"datePublished\":\"2019-09-20T18:57:45+02:00\",\"dateModified\":\"2019-09-20T18:57:35+02:00\"},{\"@type\":\"WebSite\",\"@id\":\"https:\\\/\\\/www.notanoverlander.com\\\/#website\",\"url\":\"https:\\\/\\\/www.notanoverlander.com\\\/\",\"name\":\"{:es}NotAnOverlander{:}{:en}NotAnOverlander{:}\",\"description\":\"NotAnOverlander\",\"inLanguage\":\"es-ES\",\"publisher\":{\"@id\":\"https:\\\/\\\/www.notanoverlander.com\\\/#person\"}}]}\n\t\t<\/script>\n\t\t<!-- All in One SEO -->\n\n","aioseo_head_json":{"title":"Volviendo a salir en grupo | NotAnOverlander","description":"","canonical_url":"https:\/\/www.notanoverlander.com\/index.php\/2019\/09\/20\/volviendo-a-salir-en-grupo\/","robots":"max-image-preview:large","keywords":"","webmasterTools":{"google-site-verification":"rgL4cG7lkS3Or5dFWhIEkt-UqRz-5d7tYVEOFvb7tF8","miscellaneous":""},"schema":{"@context":"https:\/\/schema.org","@graph":[{"@type":"Article","@id":"https:\/\/www.notanoverlander.com\/index.php\/2019\/09\/20\/volviendo-a-salir-en-grupo\/#article","name":"Volviendo a salir en grupo | NotAnOverlander","headline":"Volviendo a salir en grupo","author":{"@id":"https:\/\/www.notanoverlander.com\/index.php\/author\/daviz\/#author"},"publisher":{"@id":"https:\/\/www.notanoverlander.com\/#person"},"image":{"@type":"ImageObject","url":"https:\/\/i0.wp.com\/www.notanoverlander.com\/wp-content\/uploads\/2019\/09\/IMG_20190901_143534_362.jpg?fit=4032%2C3024&ssl=1","width":4032,"height":3024},"datePublished":"2019-09-20T18:57:45+02:00","dateModified":"2019-09-20T18:57:35+02:00","inLanguage":"es-ES","mainEntityOfPage":{"@id":"https:\/\/www.notanoverlander.com\/index.php\/2019\/09\/20\/volviendo-a-salir-en-grupo\/#webpage"},"isPartOf":{"@id":"https:\/\/www.notanoverlander.com\/index.php\/2019\/09\/20\/volviendo-a-salir-en-grupo\/#webpage"},"articleSection":"Dia a dia"},{"@type":"BreadcrumbList","@id":"https:\/\/www.notanoverlander.com\/index.php\/2019\/09\/20\/volviendo-a-salir-en-grupo\/#breadcrumblist","itemListElement":[{"@type":"ListItem","@id":"https:\/\/www.notanoverlander.com#listItem","position":1,"name":"Inicio","item":"https:\/\/www.notanoverlander.com","nextItem":{"@type":"ListItem","@id":"https:\/\/www.notanoverlander.com\/index.php\/category\/dia-a-dia\/#listItem","name":"Dia a dia"}},{"@type":"ListItem","@id":"https:\/\/www.notanoverlander.com\/index.php\/category\/dia-a-dia\/#listItem","position":2,"name":"Dia a dia","item":"https:\/\/www.notanoverlander.com\/index.php\/category\/dia-a-dia\/","nextItem":{"@type":"ListItem","@id":"https:\/\/www.notanoverlander.com\/index.php\/2019\/09\/20\/volviendo-a-salir-en-grupo\/#listItem","name":"Volviendo a salir en grupo"},"previousItem":{"@type":"ListItem","@id":"https:\/\/www.notanoverlander.com#listItem","name":"Inicio"}},{"@type":"ListItem","@id":"https:\/\/www.notanoverlander.com\/index.php\/2019\/09\/20\/volviendo-a-salir-en-grupo\/#listItem","position":3,"name":"Volviendo a salir en grupo","previousItem":{"@type":"ListItem","@id":"https:\/\/www.notanoverlander.com\/index.php\/category\/dia-a-dia\/#listItem","name":"Dia a dia"}}]},{"@type":"Person","@id":"https:\/\/www.notanoverlander.com\/#person","name":"David","image":"https:\/\/www.notanoverlander.com\/wp-content\/uploads\/2017\/05\/logoNAO.png","sameAs":["https:\/\/facebook.com\/NotanOverlander","https:\/\/x.com\/NotanOverlander","https:\/\/instagram.com\/NotanOverlander","https:\/\/www.youtube.com\/channel\/UCvc1e5xDGI3ZbDNei9TnpDw"]},{"@type":"Person","@id":"https:\/\/www.notanoverlander.com\/index.php\/author\/daviz\/#author","url":"https:\/\/www.notanoverlander.com\/index.php\/author\/daviz\/","name":"Daviz","image":{"@type":"ImageObject","@id":"https:\/\/www.notanoverlander.com\/index.php\/2019\/09\/20\/volviendo-a-salir-en-grupo\/#authorImage","url":"https:\/\/secure.gravatar.com\/avatar\/2c29c3b0163f4585d6a605f3db00c13569b8c4b2cc1b5476a605d3ac3be9982f?s=96&d=mm&r=g","width":96,"height":96,"caption":"Daviz"}},{"@type":"WebPage","@id":"https:\/\/www.notanoverlander.com\/index.php\/2019\/09\/20\/volviendo-a-salir-en-grupo\/#webpage","url":"https:\/\/www.notanoverlander.com\/index.php\/2019\/09\/20\/volviendo-a-salir-en-grupo\/","name":"Volviendo a salir en grupo | NotAnOverlander","inLanguage":"es-ES","isPartOf":{"@id":"https:\/\/www.notanoverlander.com\/#website"},"breadcrumb":{"@id":"https:\/\/www.notanoverlander.com\/index.php\/2019\/09\/20\/volviendo-a-salir-en-grupo\/#breadcrumblist"},"author":{"@id":"https:\/\/www.notanoverlander.com\/index.php\/author\/daviz\/#author"},"creator":{"@id":"https:\/\/www.notanoverlander.com\/index.php\/author\/daviz\/#author"},"image":{"@type":"ImageObject","url":"https:\/\/i0.wp.com\/www.notanoverlander.com\/wp-content\/uploads\/2019\/09\/IMG_20190901_143534_362.jpg?fit=4032%2C3024&ssl=1","@id":"https:\/\/www.notanoverlander.com\/index.php\/2019\/09\/20\/volviendo-a-salir-en-grupo\/#mainImage","width":4032,"height":3024},"primaryImageOfPage":{"@id":"https:\/\/www.notanoverlander.com\/index.php\/2019\/09\/20\/volviendo-a-salir-en-grupo\/#mainImage"},"datePublished":"2019-09-20T18:57:45+02:00","dateModified":"2019-09-20T18:57:35+02:00"},{"@type":"WebSite","@id":"https:\/\/www.notanoverlander.com\/#website","url":"https:\/\/www.notanoverlander.com\/","name":"{:es}NotAnOverlander{:}{:en}NotAnOverlander{:}","description":"NotAnOverlander","inLanguage":"es-ES","publisher":{"@id":"https:\/\/www.notanoverlander.com\/#person"}}]}},"aioseo_meta_data":{"post_id":"2468","title":null,"description":null,"keywords":null,"keyphrases":null,"primary_term":null,"canonical_url":null,"og_title":null,"og_description":null,"og_object_type":"default","og_image_type":"default","og_image_url":null,"og_image_width":null,"og_image_height":null,"og_image_custom_url":null,"og_image_custom_fields":null,"og_video":null,"og_custom_url":null,"og_article_section":null,"og_article_tags":null,"twitter_use_og":false,"twitter_card":"default","twitter_image_type":"default","twitter_image_url":null,"twitter_image_custom_url":null,"twitter_image_custom_fields":null,"twitter_title":null,"twitter_description":null,"schema":{"blockGraphs":[],"customGraphs":[],"default":{"data":{"Article":[],"Course":[],"Dataset":[],"FAQPage":[],"Movie":[],"Person":[],"Product":[],"ProductReview":[],"Car":[],"Recipe":[],"Service":[],"SoftwareApplication":[],"WebPage":[]},"graphName":"","isEnabled":true},"graphs":[]},"schema_type":null,"schema_type_options":null,"pillar_content":false,"robots_default":true,"robots_noindex":false,"robots_noarchive":false,"robots_nosnippet":false,"robots_nofollow":false,"robots_noimageindex":false,"robots_noodp":false,"robots_notranslate":false,"robots_max_snippet":null,"robots_max_videopreview":null,"robots_max_imagepreview":"large","priority":null,"frequency":null,"local_seo":null,"breadcrumb_settings":null,"limit_modified_date":false,"ai":null,"created":"2020-12-22 08:45:31","updated":"2022-09-14 13:17:46","seo_analyzer_scan_date":null,"focus_keyword":null,"additional_keywords":null,"truseo_locale":null},"jetpack_publicize_connections":[],"jetpack_sharing_enabled":true,"jetpack_likes_enabled":true,"jetpack-related-posts":[],"jetpack_featured_media_url":"https:\/\/i0.wp.com\/www.notanoverlander.com\/wp-content\/uploads\/2019\/09\/IMG_20190901_143534_362.jpg?fit=4032%2C3024&ssl=1","_links":{"self":[{"href":"https:\/\/www.notanoverlander.com\/index.php\/wp-json\/wp\/v2\/posts\/2468","targetHints":{"allow":["GET"]}}],"collection":[{"href":"https:\/\/www.notanoverlander.com\/index.php\/wp-json\/wp\/v2\/posts"}],"about":[{"href":"https:\/\/www.notanoverlander.com\/index.php\/wp-json\/wp\/v2\/types\/post"}],"author":[{"embeddable":true,"href":"https:\/\/www.notanoverlander.com\/index.php\/wp-json\/wp\/v2\/users\/1"}],"replies":[{"embeddable":true,"href":"https:\/\/www.notanoverlander.com\/index.php\/wp-json\/wp\/v2\/comments?post=2468"}],"version-history":[{"count":8,"href":"https:\/\/www.notanoverlander.com\/index.php\/wp-json\/wp\/v2\/posts\/2468\/revisions"}],"predecessor-version":[{"id":2486,"href":"https:\/\/www.notanoverlander.com\/index.php\/wp-json\/wp\/v2\/posts\/2468\/revisions\/2486"}],"wp:featuredmedia":[{"embeddable":true,"href":"https:\/\/www.notanoverlander.com\/index.php\/wp-json\/wp\/v2\/media\/2474"}],"wp:attachment":[{"href":"https:\/\/www.notanoverlander.com\/index.php\/wp-json\/wp\/v2\/media?parent=2468"}],"wp:term":[{"taxonomy":"category","embeddable":true,"href":"https:\/\/www.notanoverlander.com\/index.php\/wp-json\/wp\/v2\/categories?post=2468"},{"taxonomy":"post_tag","embeddable":true,"href":"https:\/\/www.notanoverlander.com\/index.php\/wp-json\/wp\/v2\/tags?post=2468"}],"curies":[{"name":"wp","href":"https:\/\/api.w.org\/{rel}","templated":true}]}}