{"id":249,"date":"2017-01-05T21:21:50","date_gmt":"2017-01-05T21:21:50","guid":{"rendered":"http:\/\/www.notanoverlander.com\/?p=249"},"modified":"2017-02-08T20:07:55","modified_gmt":"2017-02-08T20:07:55","slug":"historias-del-dia-a-dia-la-caida","status":"publish","type":"post","link":"https:\/\/www.notanoverlander.com\/index.php\/2017\/01\/05\/historias-del-dia-a-dia-la-caida\/","title":{"rendered":"Historias del dia a dia: la ca\u00edda"},"content":{"rendered":"\n<!-- Facebook Like Button v1.9.6 BEGIN [http:\/\/blog.bottomlessinc.com] -->\n<iframe src=\"http:\/\/www.facebook.com\/plugins\/like.php?href=https%3A%2F%2Fwww.notanoverlander.com%2Findex.php%2F2017%2F01%2F05%2Fhistorias-del-dia-a-dia-la-caida%2F&amp;layout=standard&amp;show_faces=false&amp;width=450&amp;action=like&amp;colorscheme=light\" scrolling=\"no\" frameborder=\"0\" allowTransparency=\"true\" style=\"border:none; overflow:hidden; width:450px; height: 30px; align: left; margin: 2px 0px 2px 0px\"><\/iframe>\n<!-- Facebook Like Button END -->\n<div class=\"sf-social-icon-list\">\n<table border=\"0\" cellspacing=\"0\" cellpadding=\"\">\n<td style=\"padding: 1px\"><a href='https:\/\/www.twitter.com\/notanoverlander' target='parent'><img data-recalc-dims=\"1\" decoding=\"async\" src=\"https:\/\/i0.wp.com\/www.notanoverlander.com\/wp-content\/plugins\/free-social-media-icons\/assets\/icons\/Cute%20Icons\/Twitter.png?ssl=1\" class=\"sf-social-icon\" style=\"width: 32px; height: 32px; max-width: 32px\" \/><\/a><\/td>\n<\/table>\n<\/div><p>El invierno belga comienza a recrudecerse, las temperaturas bajan y apetece poco salir con la moto por las ma\u00f1anas. Estamos en pleno invierno y ya de sabe que esto tiene que ser as\u00ed. Es jueves, 5 de enero, hoy en Espa\u00f1a hay cabalgatas de reyes y ma\u00f1ana es fiesta, aqu\u00ed <span class=\"il\">no<\/span> se celebra el 6 de enero, <strong>San Nicol\u00e1s<\/strong> ya lleg\u00f3 a principios de Diciembre y es \u00e9l quien trajo los regalos a los peques.<\/p>\n<p>Ocho y cuarto de la ma\u00f1ana, pertrechado con mis <strong>ropajes de moto<\/strong>, bolsa con ropa y dem\u00e1s aperos para cambiarme cuando llegue a trabajar y el <strong>casco<\/strong>, inicio el viaje al trabajo. El d\u00eda est\u00e1 especialmente fr\u00edo, <span class=\"il\">no<\/span> solo por la temperatura ambiente, sino tambi\u00e9n por la <strong>sensaci\u00f3n de vac\u00edo de las calles<\/strong>, mucha gente a\u00fan est\u00e1 de vacaciones. Enfoco la recta hasta el primer y \u00fanico sem\u00e1foro en rojo que me encuentro. Aprovecho la parada para verificar que todo est\u00e1 en su sitio, guantes, casco, visera abierta para que <span class=\"il\">no<\/span> se empa\u00f1en las gafas, calefactados encendidos, <strong>todo en orden<\/strong>.<\/p>\n<p>La lluvia hoy nos respeta, pero la carretera est\u00e1 mojada, se\u00f1al inequ\u00edvoca de que ha llovido por la noche. Esto unido a los 2.5 grados que indica el term\u00f3metro de la moto, hacen a uno encender el <strong>modo \u00abmucho cuidado\u00bb<\/strong> de conducci\u00f3n.<\/p>\n<p>Ya en la autopista, menos tr\u00e1fico del habitual, un poco de nerviosismo entre los coches. Algo que enseguida notas cuando conduces moto, es cu\u00e1l es el sentir general de los que conducen coche ese d\u00eda. Al conducir <strong>siempre en alerta<\/strong> por lo que pueda pasar, ves c\u00f3mo cambia el comportamiento del resto. En los d\u00edas de condiciones clim\u00e1ticas malas, la <strong>gente<\/strong> suele ir <strong>m\u00e1s nerviosa<\/strong>. La peor visibilidad, la falta de confianza o la falta de costumbre se reflejan\u00a0en maniobras m\u00e1s bruscas, peor\u00a0indicadas, velocidades demasiado r\u00e1pidas o lentas, etc. Mucha variedad de maniobras que te obligan a abrir los ojos a\u00fan m\u00e1s de lo habitual.<\/p>\n<p>A unos 5 kms. de la salida que suelo coger veo a los lejos otro motero y lo reconozco al instante. Lleva una <strong>custom<\/strong>, creo que es una intruder, pero <span class=\"il\">no<\/span> estoy seguro, es una 250cc. Va siempre a una velocidad moderada y <strong>solemos coincidir<\/strong> por las ma\u00f1anas llegando a Mechelen y por las tardes saliendo. El martes echamos gasolina en la misma estaci\u00f3n al mismo tiempo de camino de <strong>vuelta a casa<\/strong>. La primera vez que me lo encontr\u00e9 circulaba por la autopista, de noche, <strong>sin luz trasera<\/strong>. En esa ocasi\u00f3n hice todos los gestos que se me ocurrieron para indicarle que <span class=\"il\">no<\/span> llevaba luz. Esa fue nuestra primera \u00abcharla\u00bb.<\/p>\n<p>Lo adelanto, <strong>saludo<\/strong> y me pongo delante de \u00e9l, ya que la pr\u00f3xima es mi salida y tambi\u00e9n la suya. El carril de desv\u00edo de la autopista da a una rotonda y a \u00e9l, se le une otro carril por el lado izquierdo, con lo que llegamos dos carriles en paralelo a la misma. Me quedo en el carril derecho, a pesar de que hay unos 8 coches para entrar a la rotonda y en el carril izquierdo s\u00f3lo hay un coche. <span class=\"il\">No<\/span> hay mucho tr\u00e1fico y el suelo <span class=\"il\">no<\/span> est\u00e1 para florituras, menos en la entrada de una rotonda. Mi \u00abamigo\u00bb de la custom si opta por el carril izquierdo y avanza detr\u00e1s del \u00fanico coche.<\/p>\n<p style=\"text-align: center;\"><a href=\"https:\/\/i0.wp.com\/www.notanoverlander.com\/wp-content\/uploads\/2017\/02\/Mechelen.png\"><img data-recalc-dims=\"1\" loading=\"lazy\" decoding=\"async\" class=\"alignnone size-medium wp-image-295\" src=\"https:\/\/i0.wp.com\/www.notanoverlander.com\/wp-content\/uploads\/2017\/02\/Mechelen-300x161.png?resize=300%2C161\" alt=\"\" width=\"300\" height=\"161\" srcset=\"https:\/\/i0.wp.com\/www.notanoverlander.com\/wp-content\/uploads\/2017\/02\/Mechelen.png?resize=300%2C161&amp;ssl=1 300w, https:\/\/i0.wp.com\/www.notanoverlander.com\/wp-content\/uploads\/2017\/02\/Mechelen.png?resize=768%2C413&amp;ssl=1 768w, https:\/\/i0.wp.com\/www.notanoverlander.com\/wp-content\/uploads\/2017\/02\/Mechelen.png?resize=1024%2C550&amp;ssl=1 1024w, https:\/\/i0.wp.com\/www.notanoverlander.com\/wp-content\/uploads\/2017\/02\/Mechelen.png?w=1410&amp;ssl=1 1410w\" sizes=\"auto, (max-width: 300px) 100vw, 300px\" \/><\/a><\/p>\n<p>Al llegar a la rotonda el coche que est\u00e1 en la izquierda duda y <strong>frena de golpe<\/strong>, el chico de la custom frena tambi\u00e9n y <strong>se va al suelo<\/strong>. Mientras paro mi moto lo m\u00e1s a la derecha posible, quito los guantes y dem\u00e1s parafernalias, veo que el motero se levanta y pone la moto en pie. La ca\u00edda, por suerte, <strong>ha sido muy suave<\/strong>, casi estaba parado del todo y la moto se ha deslizado de repente.<\/p>\n<p>Cuando llego a su altura ya ha quitado la moto de la carretera y la ha subido a la isleta central. <strong>Le pregunto si est\u00e1 bien<\/strong>, me responde en ingl\u00e9s que si, que el suelo patina mucho, ha frenado de golpe y <strong>se ha ca\u00eddo<\/strong>. Entonces la chica que conduc\u00eda el coche que le preced\u00eda llega, hab\u00eda retirado su coche para <span class=\"il\">no<\/span> entorpecer el tr\u00e1fico. Nos pregunta si estamos bien y si ha hecho algo que <strong>haya causado la ca\u00edda<\/strong>. Le explicamos que <span class=\"il\">no<\/span> y que todo est\u00e1 bien y se va, con las mismas aparece la <strong>polic\u00eda<\/strong>, que sube la furgoneta a la isleta y nos pregunta, tambi\u00e9n en ingl\u00e9s, qu\u00e9 ha\u00a0pasado y si estamos bien. De nuevo les explicamos que si, que todo esta bien, que ha sido m\u00e1s el susto. Mientras tanto\u00a0el buen hombre trata de poner el punto muerto o arrancar la moto pero con los nervios <span class=\"il\">no<\/span> es capaz.<\/p>\n<p>En estas estamos, cuando el chico me pregunta <strong>\u00aberes espa\u00f1ol?\u00bb<\/strong> en perfecto castellano, a lo que respondo que s\u00ed. Posiblemente mi acento en ingl\u00e9s o, que de repente \u00e9l se da\u00a0cuenta de que yo era el motero con matricula espa\u00f1ola que le acaba de adelantar, le hizo \u00abencenderse la bombilla\u00bb. Parece que escuchar su lengua materna le relaja\u00a0y, por fin, <strong>el punto muerto entra<\/strong> y puede arrancar la moto. Le damos las <strong>gracias a los polic\u00edas<\/strong>, que nos recomiendan tener mucho cuidado porque hay muchas placas de hielo hoy. De nuevo solos, retomamos la conversaci\u00f3n, muy r\u00e1pida eso si, y volvemos a nuestra rutina ma\u00f1anera. Con un \u00a8gracias por haberte parado, que tengas muy buen d\u00eda\u00a8 se despide de mi, se incorpora a la rotonda y contin\u00faa viaje. Mientras yo vuelvo a mi moto, <strong>pongo los guantes<\/strong>, arranco y contin\u00fao. Ni siquiera compartimos nuestros nombres, bueno, habr\u00e1 m\u00e1s oportunidades estando m\u00e1s tranquilos.<\/p>\n<p>Nos veremos de nuevo en el siguiente sem\u00e1foro, saludo motero y los mejores deseos compartidos. En los pocos metros que faltan para llegar al trabajo, le doy vueltas a lo sucedido y en quiz\u00e1s lo acertado de haberme quedado en la fila de coches <strong>sin arriesgar<\/strong> y en lo importante que ha sido <strong>analizar el estado de la carretera y del clima<\/strong> y adaptar mi conducci\u00f3n a ello. Pero sobre todo, lo <strong>afortunado<\/strong> que he sido en <span class=\"il\">no<\/span> ser yo el protagonista del susto de la ma\u00f1ana y en lo importante de hacer todo lo posible para seguir en esa l\u00ednea.<\/p>\n<p>Conf\u00edo que os haya gustado mi relato de esta historia del d\u00eda a d\u00eda, si es as\u00ed, <span class=\"il\">no<\/span> dud\u00e9is en compartirla, si quer\u00e9is leer m\u00e1s como esta, <span class=\"il\">no<\/span> os pod\u00e9is perder la <a href=\"http:\/\/www.notanoverlander.com\/index.php\/2016\/12\/08\/historias-del-dia-a-dia-la-transalp\/\" target=\"_blank\" data-saferedirecturl=\"https:\/\/www.google.com\/url?hl=es&amp;q=http:\/\/www.notanoverlander.com\/index.php\/2016\/12\/08\/historias-del-dia-a-dia-la-transalp\/&amp;source=gmail&amp;ust=1486414625305000&amp;usg=AFQjCNHzUvs8TGOjCdXoGKMo4nnLHgQIHQ\">historia de la Transalp<\/a>.<\/p>\n","protected":false},"excerpt":{"rendered":"<p>El invierno belga comienza a recrudecerse, las temperaturas bajan y apetece poco salir con la moto por las ma\u00f1anas. Estamos en pleno invierno y ya de sabe que esto tiene que ser as\u00ed. Es jueves, 5 de enero, hoy en Espa\u00f1a hay cabalgatas de reyes y ma\u00f1ana es fiesta, aqu\u00ed no se celebra el 6 [&hellip;]<\/p>\n","protected":false},"author":1,"featured_media":0,"comment_status":"open","ping_status":"open","sticky":false,"template":"","format":"standard","meta":{"_jetpack_newsletter_access":"","_jetpack_dont_email_post_to_subs":true,"_jetpack_newsletter_tier_id":0,"_jetpack_memberships_contains_paywalled_content":false,"_jetpack_feature_clip_id":0,"_jetpack_memberships_contains_paid_content":false,"footnotes":"","jetpack_publicize_message":"","jetpack_publicize_feature_enabled":true,"jetpack_social_post_already_shared":true,"jetpack_social_options":{"image_generator_settings":{"template":"highway","default_image_id":0,"font":"","enabled":false},"version":2},"jetpack_post_was_ever_published":false},"categories":[15,3],"tags":[],"class_list":["post-249","post","type-post","status-publish","format-standard","hentry","category-motos","category-dia-a-dia"],"translation":{"provider":"WPGlobus","version":"3.0.5","language":"es","enabled_languages":["es"],"languages":{"es":{"title":true,"content":true,"excerpt":false}}},"aioseo_notices":[],"aioseo_head":"\n\t\t<!-- All in One SEO 5.0.1.1 - aioseo.com -->\n\t<meta name=\"robots\" content=\"max-image-preview:large\" \/>\n\t<meta name=\"author\" content=\"Daviz\"\/>\n\t<meta name=\"google-site-verification\" content=\"rgL4cG7lkS3Or5dFWhIEkt-UqRz-5d7tYVEOFvb7tF8\" \/>\n\t<link rel=\"canonical\" href=\"https:\/\/www.notanoverlander.com\/index.php\/2017\/01\/05\/historias-del-dia-a-dia-la-caida\/\" \/>\n\t<meta name=\"generator\" content=\"All in One SEO (AIOSEO) 5.0.1.1\" \/>\n\t\t<script type=\"application\/ld+json\" class=\"aioseo-schema\">\n\t\t\t{\"@context\":\"https:\\\/\\\/schema.org\",\"@graph\":[{\"@type\":\"Article\",\"@id\":\"https:\\\/\\\/www.notanoverlander.com\\\/index.php\\\/2017\\\/01\\\/05\\\/historias-del-dia-a-dia-la-caida\\\/#article\",\"name\":\"Historias del dia a dia: la ca\\u00edda | NotAnOverlander\",\"headline\":\"Historias del dia a dia: la ca\\u00edda\",\"author\":{\"@id\":\"https:\\\/\\\/www.notanoverlander.com\\\/index.php\\\/author\\\/daviz\\\/#author\"},\"publisher\":{\"@id\":\"https:\\\/\\\/www.notanoverlander.com\\\/#person\"},\"image\":{\"@type\":\"ImageObject\",\"url\":\"http:\\\/\\\/www.notanoverlander.com\\\/wp-content\\\/uploads\\\/2017\\\/02\\\/Mechelen-300x161.png\",\"@id\":\"https:\\\/\\\/www.notanoverlander.com\\\/index.php\\\/2017\\\/01\\\/05\\\/historias-del-dia-a-dia-la-caida\\\/#articleImage\"},\"datePublished\":\"2017-01-05T21:21:50+01:00\",\"dateModified\":\"2017-02-08T20:07:55+01:00\",\"inLanguage\":\"es-ES\",\"mainEntityOfPage\":{\"@id\":\"https:\\\/\\\/www.notanoverlander.com\\\/index.php\\\/2017\\\/01\\\/05\\\/historias-del-dia-a-dia-la-caida\\\/#webpage\"},\"isPartOf\":{\"@id\":\"https:\\\/\\\/www.notanoverlander.com\\\/index.php\\\/2017\\\/01\\\/05\\\/historias-del-dia-a-dia-la-caida\\\/#webpage\"},\"articleSection\":\"Motos, Dia a dia\"},{\"@type\":\"BreadcrumbList\",\"@id\":\"https:\\\/\\\/www.notanoverlander.com\\\/index.php\\\/2017\\\/01\\\/05\\\/historias-del-dia-a-dia-la-caida\\\/#breadcrumblist\",\"itemListElement\":[{\"@type\":\"ListItem\",\"@id\":\"https:\\\/\\\/www.notanoverlander.com#listItem\",\"position\":1,\"name\":\"Inicio\",\"item\":\"https:\\\/\\\/www.notanoverlander.com\",\"nextItem\":{\"@type\":\"ListItem\",\"@id\":\"https:\\\/\\\/www.notanoverlander.com\\\/index.php\\\/category\\\/dia-a-dia\\\/#listItem\",\"name\":\"Dia a dia\"}},{\"@type\":\"ListItem\",\"@id\":\"https:\\\/\\\/www.notanoverlander.com\\\/index.php\\\/category\\\/dia-a-dia\\\/#listItem\",\"position\":2,\"name\":\"Dia a dia\",\"item\":\"https:\\\/\\\/www.notanoverlander.com\\\/index.php\\\/category\\\/dia-a-dia\\\/\",\"nextItem\":{\"@type\":\"ListItem\",\"@id\":\"https:\\\/\\\/www.notanoverlander.com\\\/index.php\\\/2017\\\/01\\\/05\\\/historias-del-dia-a-dia-la-caida\\\/#listItem\",\"name\":\"Historias del dia a dia: la ca\\u00edda\"},\"previousItem\":{\"@type\":\"ListItem\",\"@id\":\"https:\\\/\\\/www.notanoverlander.com#listItem\",\"name\":\"Inicio\"}},{\"@type\":\"ListItem\",\"@id\":\"https:\\\/\\\/www.notanoverlander.com\\\/index.php\\\/2017\\\/01\\\/05\\\/historias-del-dia-a-dia-la-caida\\\/#listItem\",\"position\":3,\"name\":\"Historias del dia a dia: la ca\\u00edda\",\"previousItem\":{\"@type\":\"ListItem\",\"@id\":\"https:\\\/\\\/www.notanoverlander.com\\\/index.php\\\/category\\\/dia-a-dia\\\/#listItem\",\"name\":\"Dia a dia\"}}]},{\"@type\":\"Person\",\"@id\":\"https:\\\/\\\/www.notanoverlander.com\\\/#person\",\"name\":\"David\",\"image\":\"https:\\\/\\\/www.notanoverlander.com\\\/wp-content\\\/uploads\\\/2017\\\/05\\\/logoNAO.png\",\"sameAs\":[\"https:\\\/\\\/facebook.com\\\/NotanOverlander\",\"https:\\\/\\\/x.com\\\/NotanOverlander\",\"https:\\\/\\\/instagram.com\\\/NotanOverlander\",\"https:\\\/\\\/www.youtube.com\\\/channel\\\/UCvc1e5xDGI3ZbDNei9TnpDw\"]},{\"@type\":\"Person\",\"@id\":\"https:\\\/\\\/www.notanoverlander.com\\\/index.php\\\/author\\\/daviz\\\/#author\",\"url\":\"https:\\\/\\\/www.notanoverlander.com\\\/index.php\\\/author\\\/daviz\\\/\",\"name\":\"Daviz\",\"image\":{\"@type\":\"ImageObject\",\"@id\":\"https:\\\/\\\/www.notanoverlander.com\\\/index.php\\\/2017\\\/01\\\/05\\\/historias-del-dia-a-dia-la-caida\\\/#authorImage\",\"url\":\"https:\\\/\\\/secure.gravatar.com\\\/avatar\\\/2c29c3b0163f4585d6a605f3db00c13569b8c4b2cc1b5476a605d3ac3be9982f?s=96&d=mm&r=g\",\"width\":96,\"height\":96,\"caption\":\"Daviz\"}},{\"@type\":\"WebPage\",\"@id\":\"https:\\\/\\\/www.notanoverlander.com\\\/index.php\\\/2017\\\/01\\\/05\\\/historias-del-dia-a-dia-la-caida\\\/#webpage\",\"url\":\"https:\\\/\\\/www.notanoverlander.com\\\/index.php\\\/2017\\\/01\\\/05\\\/historias-del-dia-a-dia-la-caida\\\/\",\"name\":\"Historias del dia a dia: la ca\\u00edda | NotAnOverlander\",\"inLanguage\":\"es-ES\",\"isPartOf\":{\"@id\":\"https:\\\/\\\/www.notanoverlander.com\\\/#website\"},\"breadcrumb\":{\"@id\":\"https:\\\/\\\/www.notanoverlander.com\\\/index.php\\\/2017\\\/01\\\/05\\\/historias-del-dia-a-dia-la-caida\\\/#breadcrumblist\"},\"author\":{\"@id\":\"https:\\\/\\\/www.notanoverlander.com\\\/index.php\\\/author\\\/daviz\\\/#author\"},\"creator\":{\"@id\":\"https:\\\/\\\/www.notanoverlander.com\\\/index.php\\\/author\\\/daviz\\\/#author\"},\"datePublished\":\"2017-01-05T21:21:50+01:00\",\"dateModified\":\"2017-02-08T20:07:55+01:00\"},{\"@type\":\"WebSite\",\"@id\":\"https:\\\/\\\/www.notanoverlander.com\\\/#website\",\"url\":\"https:\\\/\\\/www.notanoverlander.com\\\/\",\"name\":\"{:es}NotAnOverlander{:}{:en}NotAnOverlander{:}\",\"description\":\"NotAnOverlander\",\"inLanguage\":\"es-ES\",\"publisher\":{\"@id\":\"https:\\\/\\\/www.notanoverlander.com\\\/#person\"}}]}\n\t\t<\/script>\n\t\t<!-- All in One SEO -->\n\n","aioseo_head_json":{"title":"Historias del dia a dia: la ca\u00edda | NotAnOverlander","description":"","canonical_url":"https:\/\/www.notanoverlander.com\/index.php\/2017\/01\/05\/historias-del-dia-a-dia-la-caida\/","robots":"max-image-preview:large","keywords":"","webmasterTools":{"google-site-verification":"rgL4cG7lkS3Or5dFWhIEkt-UqRz-5d7tYVEOFvb7tF8","miscellaneous":""},"schema":{"@context":"https:\/\/schema.org","@graph":[{"@type":"Article","@id":"https:\/\/www.notanoverlander.com\/index.php\/2017\/01\/05\/historias-del-dia-a-dia-la-caida\/#article","name":"Historias del dia a dia: la ca\u00edda | NotAnOverlander","headline":"Historias del dia a dia: la ca\u00edda","author":{"@id":"https:\/\/www.notanoverlander.com\/index.php\/author\/daviz\/#author"},"publisher":{"@id":"https:\/\/www.notanoverlander.com\/#person"},"image":{"@type":"ImageObject","url":"http:\/\/www.notanoverlander.com\/wp-content\/uploads\/2017\/02\/Mechelen-300x161.png","@id":"https:\/\/www.notanoverlander.com\/index.php\/2017\/01\/05\/historias-del-dia-a-dia-la-caida\/#articleImage"},"datePublished":"2017-01-05T21:21:50+01:00","dateModified":"2017-02-08T20:07:55+01:00","inLanguage":"es-ES","mainEntityOfPage":{"@id":"https:\/\/www.notanoverlander.com\/index.php\/2017\/01\/05\/historias-del-dia-a-dia-la-caida\/#webpage"},"isPartOf":{"@id":"https:\/\/www.notanoverlander.com\/index.php\/2017\/01\/05\/historias-del-dia-a-dia-la-caida\/#webpage"},"articleSection":"Motos, Dia a dia"},{"@type":"BreadcrumbList","@id":"https:\/\/www.notanoverlander.com\/index.php\/2017\/01\/05\/historias-del-dia-a-dia-la-caida\/#breadcrumblist","itemListElement":[{"@type":"ListItem","@id":"https:\/\/www.notanoverlander.com#listItem","position":1,"name":"Inicio","item":"https:\/\/www.notanoverlander.com","nextItem":{"@type":"ListItem","@id":"https:\/\/www.notanoverlander.com\/index.php\/category\/dia-a-dia\/#listItem","name":"Dia a dia"}},{"@type":"ListItem","@id":"https:\/\/www.notanoverlander.com\/index.php\/category\/dia-a-dia\/#listItem","position":2,"name":"Dia a dia","item":"https:\/\/www.notanoverlander.com\/index.php\/category\/dia-a-dia\/","nextItem":{"@type":"ListItem","@id":"https:\/\/www.notanoverlander.com\/index.php\/2017\/01\/05\/historias-del-dia-a-dia-la-caida\/#listItem","name":"Historias del dia a dia: la ca\u00edda"},"previousItem":{"@type":"ListItem","@id":"https:\/\/www.notanoverlander.com#listItem","name":"Inicio"}},{"@type":"ListItem","@id":"https:\/\/www.notanoverlander.com\/index.php\/2017\/01\/05\/historias-del-dia-a-dia-la-caida\/#listItem","position":3,"name":"Historias del dia a dia: la ca\u00edda","previousItem":{"@type":"ListItem","@id":"https:\/\/www.notanoverlander.com\/index.php\/category\/dia-a-dia\/#listItem","name":"Dia a dia"}}]},{"@type":"Person","@id":"https:\/\/www.notanoverlander.com\/#person","name":"David","image":"https:\/\/www.notanoverlander.com\/wp-content\/uploads\/2017\/05\/logoNAO.png","sameAs":["https:\/\/facebook.com\/NotanOverlander","https:\/\/x.com\/NotanOverlander","https:\/\/instagram.com\/NotanOverlander","https:\/\/www.youtube.com\/channel\/UCvc1e5xDGI3ZbDNei9TnpDw"]},{"@type":"Person","@id":"https:\/\/www.notanoverlander.com\/index.php\/author\/daviz\/#author","url":"https:\/\/www.notanoverlander.com\/index.php\/author\/daviz\/","name":"Daviz","image":{"@type":"ImageObject","@id":"https:\/\/www.notanoverlander.com\/index.php\/2017\/01\/05\/historias-del-dia-a-dia-la-caida\/#authorImage","url":"https:\/\/secure.gravatar.com\/avatar\/2c29c3b0163f4585d6a605f3db00c13569b8c4b2cc1b5476a605d3ac3be9982f?s=96&d=mm&r=g","width":96,"height":96,"caption":"Daviz"}},{"@type":"WebPage","@id":"https:\/\/www.notanoverlander.com\/index.php\/2017\/01\/05\/historias-del-dia-a-dia-la-caida\/#webpage","url":"https:\/\/www.notanoverlander.com\/index.php\/2017\/01\/05\/historias-del-dia-a-dia-la-caida\/","name":"Historias del dia a dia: la ca\u00edda | NotAnOverlander","inLanguage":"es-ES","isPartOf":{"@id":"https:\/\/www.notanoverlander.com\/#website"},"breadcrumb":{"@id":"https:\/\/www.notanoverlander.com\/index.php\/2017\/01\/05\/historias-del-dia-a-dia-la-caida\/#breadcrumblist"},"author":{"@id":"https:\/\/www.notanoverlander.com\/index.php\/author\/daviz\/#author"},"creator":{"@id":"https:\/\/www.notanoverlander.com\/index.php\/author\/daviz\/#author"},"datePublished":"2017-01-05T21:21:50+01:00","dateModified":"2017-02-08T20:07:55+01:00"},{"@type":"WebSite","@id":"https:\/\/www.notanoverlander.com\/#website","url":"https:\/\/www.notanoverlander.com\/","name":"{:es}NotAnOverlander{:}{:en}NotAnOverlander{:}","description":"NotAnOverlander","inLanguage":"es-ES","publisher":{"@id":"https:\/\/www.notanoverlander.com\/#person"}}]}},"aioseo_meta_data":{"post_id":"249","title":null,"description":null,"keywords":null,"keyphrases":null,"primary_term":null,"canonical_url":null,"og_title":null,"og_description":null,"og_object_type":"default","og_image_type":"default","og_image_url":null,"og_image_width":null,"og_image_height":null,"og_image_custom_url":null,"og_image_custom_fields":null,"og_video":null,"og_custom_url":null,"og_article_section":null,"og_article_tags":null,"twitter_use_og":false,"twitter_card":"default","twitter_image_type":"default","twitter_image_url":null,"twitter_image_custom_url":null,"twitter_image_custom_fields":null,"twitter_title":null,"twitter_description":null,"schema":{"blockGraphs":[],"customGraphs":[],"default":{"data":{"Article":[],"Course":[],"Dataset":[],"FAQPage":[],"Movie":[],"Person":[],"Product":[],"ProductReview":[],"Car":[],"Recipe":[],"Service":[],"SoftwareApplication":[],"WebPage":[]},"graphName":"","isEnabled":true},"graphs":[]},"schema_type":null,"schema_type_options":null,"pillar_content":false,"robots_default":true,"robots_noindex":false,"robots_noarchive":false,"robots_nosnippet":false,"robots_nofollow":false,"robots_noimageindex":false,"robots_noodp":false,"robots_notranslate":false,"robots_max_snippet":null,"robots_max_videopreview":null,"robots_max_imagepreview":"large","priority":null,"frequency":null,"local_seo":null,"breadcrumb_settings":null,"limit_modified_date":false,"ai":null,"created":"2020-12-22 08:47:27","updated":"2022-09-15 19:29:25","seo_analyzer_scan_date":null,"focus_keyword":null,"additional_keywords":null,"truseo_locale":null},"jetpack_publicize_connections":[],"jetpack_sharing_enabled":true,"jetpack_likes_enabled":true,"jetpack-related-posts":[],"jetpack_featured_media_url":"","_links":{"self":[{"href":"https:\/\/www.notanoverlander.com\/index.php\/wp-json\/wp\/v2\/posts\/249","targetHints":{"allow":["GET"]}}],"collection":[{"href":"https:\/\/www.notanoverlander.com\/index.php\/wp-json\/wp\/v2\/posts"}],"about":[{"href":"https:\/\/www.notanoverlander.com\/index.php\/wp-json\/wp\/v2\/types\/post"}],"author":[{"embeddable":true,"href":"https:\/\/www.notanoverlander.com\/index.php\/wp-json\/wp\/v2\/users\/1"}],"replies":[{"embeddable":true,"href":"https:\/\/www.notanoverlander.com\/index.php\/wp-json\/wp\/v2\/comments?post=249"}],"version-history":[{"count":2,"href":"https:\/\/www.notanoverlander.com\/index.php\/wp-json\/wp\/v2\/posts\/249\/revisions"}],"predecessor-version":[{"id":296,"href":"https:\/\/www.notanoverlander.com\/index.php\/wp-json\/wp\/v2\/posts\/249\/revisions\/296"}],"wp:attachment":[{"href":"https:\/\/www.notanoverlander.com\/index.php\/wp-json\/wp\/v2\/media?parent=249"}],"wp:term":[{"taxonomy":"category","embeddable":true,"href":"https:\/\/www.notanoverlander.com\/index.php\/wp-json\/wp\/v2\/categories?post=249"},{"taxonomy":"post_tag","embeddable":true,"href":"https:\/\/www.notanoverlander.com\/index.php\/wp-json\/wp\/v2\/tags?post=249"}],"curies":[{"name":"wp","href":"https:\/\/api.w.org\/{rel}","templated":true}]}}