{"id":2498,"date":"2019-10-13T07:57:50","date_gmt":"2019-10-13T05:57:50","guid":{"rendered":"https:\/\/www.notanoverlander.com\/?p=2498"},"modified":"2019-10-13T08:31:58","modified_gmt":"2019-10-13T06:31:58","slug":"irlanda-en-furgo-dia-1-llegar-que-no-es-poco","status":"publish","type":"post","link":"https:\/\/www.notanoverlander.com\/index.php\/2019\/10\/13\/irlanda-en-furgo-dia-1-llegar-que-no-es-poco\/","title":{"rendered":"Irlanda en furgo, d\u00eda 1: llegar que no es poco."},"content":{"rendered":"\n<!-- Facebook Like Button v1.9.6 BEGIN [http:\/\/blog.bottomlessinc.com] -->\n<iframe src=\"http:\/\/www.facebook.com\/plugins\/like.php?href=https%3A%2F%2Fwww.notanoverlander.com%2Findex.php%2F2019%2F10%2F13%2Firlanda-en-furgo-dia-1-llegar-que-no-es-poco%2F&amp;layout=standard&amp;show_faces=false&amp;width=450&amp;action=like&amp;colorscheme=light\" scrolling=\"no\" frameborder=\"0\" allowTransparency=\"true\" style=\"border:none; overflow:hidden; width:450px; height: 30px; align: left; margin: 2px 0px 2px 0px\"><\/iframe>\n<!-- Facebook Like Button END -->\n<div class=\"sf-social-icon-list\">\n<table border=\"0\" cellspacing=\"0\" cellpadding=\"\">\n<td style=\"padding: 1px\"><a href='https:\/\/www.twitter.com\/notanoverlander' target='parent'><img data-recalc-dims=\"1\" decoding=\"async\" src=\"https:\/\/i0.wp.com\/www.notanoverlander.com\/wp-content\/plugins\/free-social-media-icons\/assets\/icons\/Cute%20Icons\/Twitter.png?ssl=1\" class=\"sf-social-icon\" style=\"width: 32px; height: 32px; max-width: 32px\" \/><\/a><\/td>\n<\/table>\n<\/div>\n<p class=\"wp-block-paragraph\">Este es un viaje distinto, no hablar\u00e9 de motos, aunque muy probablemente si de carreteras y seguro que de gente y de lugares interesantes, asi que, no te vayas todav\u00eda ;).<\/p>\n\n\n\n<p class=\"wp-block-paragraph\">Llegamos al aeropuerto de Zaventem, en Bruselas,  una hora y media antes de la salida del vuelo. Pasamos el control policial y, cuando pens\u00e1bamos que lo m\u00e1s lento ya estaba hecho, nos encontramos una cola inmensa para entrar a las puertas de embarque.<\/p>\n\n\n\n<p class=\"wp-block-paragraph\">Al parecer, para entrar a la terminal que te lleva a los vuelos que van Irlanda o Reino Unido, hay que hacer control de pasaportes.<\/p>\n\n\n\n<p class=\"wp-block-paragraph\">Pacientemente esperamos una cola que no avanza apenas. Preguntamos si estamos en la cola correcta ya que nosotros viajamos con el DNI y no el pasaporte. Esto es importante ya que hay una fila que tiene unas m\u00e1quinas autom\u00e1ticas que s\u00ed s\u00f3lo para pasaportes.<\/p>\n\n\n\n<p class=\"wp-block-paragraph\">Estamos en la cola correcta y a medida que la hora de cierre de puertas se acerca y la cola no avanza nos empezamos a poner nerviosos. No somos los \u00fanicos, m\u00e1s de uno se intenta colar, con la consecuente mirada \u00abasesina\u00bb de todos los all\u00ed presentes.<\/p>\n\n\n\n<p class=\"wp-block-paragraph\">Por fin, despu\u00e9s de otros 20 minutos y de que se abriesen otras dos cabinas para chequear la documentaci\u00f3n y ya 5 minutos despu\u00e9s del supuesto cierre de puertas de nuestro vuelo, pasamos el control y corremos hacia nuestra puerta de embarque.<\/p>\n\n\n\n<p class=\"wp-block-paragraph\">5 minutos despu\u00e9s llegamos, nerviosos y estresados, aunque todav\u00eda est\u00e1n embarcando los pasajeros de priority. Hemos llegado a tiempo.<\/p>\n\n\n\n<p class=\"wp-block-paragraph\">Este viaje es un poco diferente al que suelo contaros, nos vamos a Irlanda, con nuestra familia, a hacer un poco de turismo. Una semana de rutas en furgoneta por los diferentes puntos de inter\u00e9s del pa\u00eds, bueno lo que nos de tiempo. Ah s\u00ed, la furgoneta.<\/p>\n\n\n\n<p class=\"wp-block-paragraph\">Aterrizamos en Dubl\u00edn, salimos a la terminal dos y comemos, a\u00fan es pronto pero tenemos que esperar por el resto de la familia que viene de Espa\u00f1a, as\u00ed que comemos algo en la misma terminal.<\/p>\n\n\n\n<p class=\"wp-block-paragraph\">Con la tripa llena nos vamos en busca de la oficina de Hertz, no hay ninguna indicaci\u00f3n en toda la terminal, ni en la web del aeropuerto, pero seg\u00fan Google Maps est\u00e1 en la terminal 1. Caminamos un rato, nos perdemos por el parking, encontramos la oficina y acabamos en un minib\u00fas de Hertz que nos lleva a un pol\u00edgono industrial d\u00f3nde hay una nave enorme de empresas de alquiler de coches.<\/p>\n\n\n\n<figure class=\"wp-block-image\"><img data-recalc-dims=\"1\" loading=\"lazy\" decoding=\"async\" width=\"3024\" height=\"3024\" src=\"https:\/\/i0.wp.com\/www.notanoverlander.com\/wp-content\/uploads\/2019\/10\/IMG_20191012_170858_157.jpg?resize=3024%2C3024&#038;ssl=1\" alt=\"\" class=\"wp-image-2500\" srcset=\"https:\/\/i0.wp.com\/www.notanoverlander.com\/wp-content\/uploads\/2019\/10\/IMG_20191012_170858_157.jpg?w=3024&amp;ssl=1 3024w, https:\/\/i0.wp.com\/www.notanoverlander.com\/wp-content\/uploads\/2019\/10\/IMG_20191012_170858_157.jpg?resize=150%2C150&amp;ssl=1 150w, https:\/\/i0.wp.com\/www.notanoverlander.com\/wp-content\/uploads\/2019\/10\/IMG_20191012_170858_157.jpg?resize=300%2C300&amp;ssl=1 300w, https:\/\/i0.wp.com\/www.notanoverlander.com\/wp-content\/uploads\/2019\/10\/IMG_20191012_170858_157.jpg?resize=768%2C768&amp;ssl=1 768w, https:\/\/i0.wp.com\/www.notanoverlander.com\/wp-content\/uploads\/2019\/10\/IMG_20191012_170858_157.jpg?resize=2048%2C2048&amp;ssl=1 2048w, https:\/\/i0.wp.com\/www.notanoverlander.com\/wp-content\/uploads\/2019\/10\/IMG_20191012_170858_157.jpg?resize=16%2C16&amp;ssl=1 16w, https:\/\/i0.wp.com\/www.notanoverlander.com\/wp-content\/uploads\/2019\/10\/IMG_20191012_170858_157.jpg?resize=32%2C32&amp;ssl=1 32w, https:\/\/i0.wp.com\/www.notanoverlander.com\/wp-content\/uploads\/2019\/10\/IMG_20191012_170858_157.jpg?resize=64%2C64&amp;ssl=1 64w, https:\/\/i0.wp.com\/www.notanoverlander.com\/wp-content\/uploads\/2019\/10\/IMG_20191012_170858_157.jpg?resize=128%2C128&amp;ssl=1 128w, https:\/\/i0.wp.com\/www.notanoverlander.com\/wp-content\/uploads\/2019\/10\/IMG_20191012_170858_157.jpg?resize=450%2C450&amp;ssl=1 450w, https:\/\/i0.wp.com\/www.notanoverlander.com\/wp-content\/uploads\/2019\/10\/IMG_20191012_170858_157.jpg?resize=60%2C60&amp;ssl=1 60w, https:\/\/i0.wp.com\/www.notanoverlander.com\/wp-content\/uploads\/2019\/10\/IMG_20191012_170858_157.jpg?resize=550%2C550&amp;ssl=1 550w\" sizes=\"auto, (max-width: 1000px) 100vw, 1000px\" \/><\/figure>\n\n\n\n<p class=\"wp-block-paragraph\">Despu\u00e9s de una cola de m\u00e1s de media hora (hoy es el d\u00eda de las esperas), por fin tenemos las llaves!<\/p>\n\n\n\n<p class=\"wp-block-paragraph\">Colocamos todo, buscamos un sitio donde poner el GPS, vemos que la furgoneta, una Volkswagen caravelle, no est\u00e1 muy limpia por dentro y huele raro, pero queremos ponernos en movimiento.<\/p>\n\n\n\n<p class=\"wp-block-paragraph\">Salimos a la carretera y sentimos un fuerte olor que sale de los bajos del coche. Es el embrague. Huele muy fuerte. Nos paramos y llamamos a Hertz. Nos dicen que volvamos a la oficina a cambiarla.<\/p>\n\n\n\n<p class=\"wp-block-paragraph\">Una vez de vuelta y tras otra espera en la cola, explico lo sucedido y el que me atiende me dice \u00abosea, que ha quemado usted el embrague\u00bb&#8230; Uff.. que mala leche se me ha puesto, le replico,me pasa con otro compa\u00f1ero, el que nos hab\u00eda atendido, que m\u00e1s suavemente me viene a decir lo mismo y le explico todo otra vez. Lo del olor, lo de que casi no nos hemos movido, que hab\u00edamos llamado&#8230;<\/p>\n\n\n\n<p class=\"wp-block-paragraph\">Despu\u00e9s de unos 20 minutos de espera ya que no ten\u00edan otra furgoneta disponible, por fin nos entregan la definitiva. La revisamos bien, escudri\u00f1amos todos los detalles, abrimos el cap\u00f3, para evitar malos entendidos y nos vamos. <\/p>\n\n\n\n<figure class=\"wp-block-image\"><img data-recalc-dims=\"1\" loading=\"lazy\" decoding=\"async\" width=\"1600\" height=\"1200\" src=\"https:\/\/i0.wp.com\/www.notanoverlander.com\/wp-content\/uploads\/2019\/10\/IMG_20191012_153951_735.jpg?resize=1600%2C1200&#038;ssl=1\" alt=\"\" class=\"wp-image-2501\" srcset=\"https:\/\/i0.wp.com\/www.notanoverlander.com\/wp-content\/uploads\/2019\/10\/IMG_20191012_153951_735.jpg?w=1600&amp;ssl=1 1600w, https:\/\/i0.wp.com\/www.notanoverlander.com\/wp-content\/uploads\/2019\/10\/IMG_20191012_153951_735.jpg?resize=300%2C225&amp;ssl=1 300w, https:\/\/i0.wp.com\/www.notanoverlander.com\/wp-content\/uploads\/2019\/10\/IMG_20191012_153951_735.jpg?resize=768%2C576&amp;ssl=1 768w, https:\/\/i0.wp.com\/www.notanoverlander.com\/wp-content\/uploads\/2019\/10\/IMG_20191012_153951_735.jpg?resize=400%2C300&amp;ssl=1 400w\" sizes=\"auto, (max-width: 1000px) 100vw, 1000px\" \/><\/figure>\n\n\n\n<p class=\"wp-block-paragraph\">Recogemos a la familia y salimos direcci\u00f3n Drogheda, d\u00f3nde tenemos el hotel. <\/p>\n\n\n\n<p class=\"wp-block-paragraph\"> Llegamos ya de noche, soltamos los b\u00e1rtulos, nos vamos a cenar a un restaurante recomendaci\u00f3n de la due\u00f1a del hotel y volvemos a descansar que esto no ha hecho m\u00e1s que empezar.<\/p>\n","protected":false},"excerpt":{"rendered":"<p>Este es un viaje distinto, no hablar\u00e9 de motos, aunque muy probablemente si de carreteras y seguro que de gente y de lugares interesantes, asi que, no te vayas todav\u00eda ;). Llegamos al aeropuerto de Zaventem, en Bruselas, una hora y media antes de la salida del vuelo. Pasamos el control policial y, cuando pens\u00e1bamos [&hellip;]<\/p>\n","protected":false},"author":1,"featured_media":2500,"comment_status":"open","ping_status":"open","sticky":false,"template":"","format":"standard","meta":{"_jetpack_newsletter_access":"","_jetpack_dont_email_post_to_subs":false,"_jetpack_newsletter_tier_id":0,"_jetpack_memberships_contains_paywalled_content":false,"_jetpack_feature_clip_id":0,"_jetpack_memberships_contains_paid_content":false,"footnotes":"","jetpack_publicize_message":"","jetpack_publicize_feature_enabled":true,"jetpack_social_post_already_shared":true,"jetpack_social_options":{"image_generator_settings":{"template":"highway","default_image_id":0,"font":"","enabled":false},"version":2},"jetpack_post_was_ever_published":false},"categories":[47],"tags":[],"class_list":["post-2498","post","type-post","status-publish","format-standard","has-post-thumbnail","hentry","category-irlanda-en-furgo"],"translation":{"provider":"WPGlobus","version":"3.0.5","language":"es","enabled_languages":["es"],"languages":{"es":{"title":true,"content":true,"excerpt":false}}},"aioseo_notices":[],"aioseo_head":"\n\t\t<!-- All in One SEO 5.0.1.1 - aioseo.com -->\n\t<meta name=\"robots\" content=\"max-image-preview:large\" \/>\n\t<meta name=\"author\" content=\"Daviz\"\/>\n\t<meta name=\"google-site-verification\" content=\"rgL4cG7lkS3Or5dFWhIEkt-UqRz-5d7tYVEOFvb7tF8\" \/>\n\t<link rel=\"canonical\" href=\"https:\/\/www.notanoverlander.com\/index.php\/2019\/10\/13\/irlanda-en-furgo-dia-1-llegar-que-no-es-poco\/\" \/>\n\t<meta name=\"generator\" content=\"All in One SEO (AIOSEO) 5.0.1.1\" \/>\n\t\t<script type=\"application\/ld+json\" class=\"aioseo-schema\">\n\t\t\t{\"@context\":\"https:\\\/\\\/schema.org\",\"@graph\":[{\"@type\":\"Article\",\"@id\":\"https:\\\/\\\/www.notanoverlander.com\\\/index.php\\\/2019\\\/10\\\/13\\\/irlanda-en-furgo-dia-1-llegar-que-no-es-poco\\\/#article\",\"name\":\"Irlanda en furgo, d\\u00eda 1: llegar que no es poco. | NotAnOverlander\",\"headline\":\"Irlanda en furgo, d\\u00eda 1: llegar que no es poco.\",\"author\":{\"@id\":\"https:\\\/\\\/www.notanoverlander.com\\\/index.php\\\/author\\\/daviz\\\/#author\"},\"publisher\":{\"@id\":\"https:\\\/\\\/www.notanoverlander.com\\\/#person\"},\"image\":{\"@type\":\"ImageObject\",\"url\":\"https:\\\/\\\/i0.wp.com\\\/www.notanoverlander.com\\\/wp-content\\\/uploads\\\/2019\\\/10\\\/IMG_20191012_170858_157.jpg?fit=3024%2C3024&ssl=1\",\"width\":3024,\"height\":3024},\"datePublished\":\"2019-10-13T07:57:50+02:00\",\"dateModified\":\"2019-10-13T08:31:58+02:00\",\"inLanguage\":\"es-ES\",\"mainEntityOfPage\":{\"@id\":\"https:\\\/\\\/www.notanoverlander.com\\\/index.php\\\/2019\\\/10\\\/13\\\/irlanda-en-furgo-dia-1-llegar-que-no-es-poco\\\/#webpage\"},\"isPartOf\":{\"@id\":\"https:\\\/\\\/www.notanoverlander.com\\\/index.php\\\/2019\\\/10\\\/13\\\/irlanda-en-furgo-dia-1-llegar-que-no-es-poco\\\/#webpage\"},\"articleSection\":\"Irlanda en furgo\"},{\"@type\":\"BreadcrumbList\",\"@id\":\"https:\\\/\\\/www.notanoverlander.com\\\/index.php\\\/2019\\\/10\\\/13\\\/irlanda-en-furgo-dia-1-llegar-que-no-es-poco\\\/#breadcrumblist\",\"itemListElement\":[{\"@type\":\"ListItem\",\"@id\":\"https:\\\/\\\/www.notanoverlander.com#listItem\",\"position\":1,\"name\":\"Inicio\",\"item\":\"https:\\\/\\\/www.notanoverlander.com\",\"nextItem\":{\"@type\":\"ListItem\",\"@id\":\"https:\\\/\\\/www.notanoverlander.com\\\/index.php\\\/category\\\/viajes\\\/#listItem\",\"name\":\"Viajes\"}},{\"@type\":\"ListItem\",\"@id\":\"https:\\\/\\\/www.notanoverlander.com\\\/index.php\\\/category\\\/viajes\\\/#listItem\",\"position\":2,\"name\":\"Viajes\",\"item\":\"https:\\\/\\\/www.notanoverlander.com\\\/index.php\\\/category\\\/viajes\\\/\",\"nextItem\":{\"@type\":\"ListItem\",\"@id\":\"https:\\\/\\\/www.notanoverlander.com\\\/index.php\\\/category\\\/viajes\\\/irlanda-en-furgo\\\/#listItem\",\"name\":\"Irlanda en furgo\"},\"previousItem\":{\"@type\":\"ListItem\",\"@id\":\"https:\\\/\\\/www.notanoverlander.com#listItem\",\"name\":\"Inicio\"}},{\"@type\":\"ListItem\",\"@id\":\"https:\\\/\\\/www.notanoverlander.com\\\/index.php\\\/category\\\/viajes\\\/irlanda-en-furgo\\\/#listItem\",\"position\":3,\"name\":\"Irlanda en furgo\",\"item\":\"https:\\\/\\\/www.notanoverlander.com\\\/index.php\\\/category\\\/viajes\\\/irlanda-en-furgo\\\/\",\"nextItem\":{\"@type\":\"ListItem\",\"@id\":\"https:\\\/\\\/www.notanoverlander.com\\\/index.php\\\/2019\\\/10\\\/13\\\/irlanda-en-furgo-dia-1-llegar-que-no-es-poco\\\/#listItem\",\"name\":\"Irlanda en furgo, d\\u00eda 1: llegar que no es poco.\"},\"previousItem\":{\"@type\":\"ListItem\",\"@id\":\"https:\\\/\\\/www.notanoverlander.com\\\/index.php\\\/category\\\/viajes\\\/#listItem\",\"name\":\"Viajes\"}},{\"@type\":\"ListItem\",\"@id\":\"https:\\\/\\\/www.notanoverlander.com\\\/index.php\\\/2019\\\/10\\\/13\\\/irlanda-en-furgo-dia-1-llegar-que-no-es-poco\\\/#listItem\",\"position\":4,\"name\":\"Irlanda en furgo, d\\u00eda 1: llegar que no es poco.\",\"previousItem\":{\"@type\":\"ListItem\",\"@id\":\"https:\\\/\\\/www.notanoverlander.com\\\/index.php\\\/category\\\/viajes\\\/irlanda-en-furgo\\\/#listItem\",\"name\":\"Irlanda en furgo\"}}]},{\"@type\":\"Person\",\"@id\":\"https:\\\/\\\/www.notanoverlander.com\\\/#person\",\"name\":\"David\",\"image\":\"https:\\\/\\\/www.notanoverlander.com\\\/wp-content\\\/uploads\\\/2017\\\/05\\\/logoNAO.png\",\"sameAs\":[\"https:\\\/\\\/facebook.com\\\/NotanOverlander\",\"https:\\\/\\\/x.com\\\/NotanOverlander\",\"https:\\\/\\\/instagram.com\\\/NotanOverlander\",\"https:\\\/\\\/www.youtube.com\\\/channel\\\/UCvc1e5xDGI3ZbDNei9TnpDw\"]},{\"@type\":\"Person\",\"@id\":\"https:\\\/\\\/www.notanoverlander.com\\\/index.php\\\/author\\\/daviz\\\/#author\",\"url\":\"https:\\\/\\\/www.notanoverlander.com\\\/index.php\\\/author\\\/daviz\\\/\",\"name\":\"Daviz\",\"image\":{\"@type\":\"ImageObject\",\"@id\":\"https:\\\/\\\/www.notanoverlander.com\\\/index.php\\\/2019\\\/10\\\/13\\\/irlanda-en-furgo-dia-1-llegar-que-no-es-poco\\\/#authorImage\",\"url\":\"https:\\\/\\\/secure.gravatar.com\\\/avatar\\\/2c29c3b0163f4585d6a605f3db00c13569b8c4b2cc1b5476a605d3ac3be9982f?s=96&d=mm&r=g\",\"width\":96,\"height\":96,\"caption\":\"Daviz\"}},{\"@type\":\"WebPage\",\"@id\":\"https:\\\/\\\/www.notanoverlander.com\\\/index.php\\\/2019\\\/10\\\/13\\\/irlanda-en-furgo-dia-1-llegar-que-no-es-poco\\\/#webpage\",\"url\":\"https:\\\/\\\/www.notanoverlander.com\\\/index.php\\\/2019\\\/10\\\/13\\\/irlanda-en-furgo-dia-1-llegar-que-no-es-poco\\\/\",\"name\":\"Irlanda en furgo, d\\u00eda 1: llegar que no es poco. | NotAnOverlander\",\"inLanguage\":\"es-ES\",\"isPartOf\":{\"@id\":\"https:\\\/\\\/www.notanoverlander.com\\\/#website\"},\"breadcrumb\":{\"@id\":\"https:\\\/\\\/www.notanoverlander.com\\\/index.php\\\/2019\\\/10\\\/13\\\/irlanda-en-furgo-dia-1-llegar-que-no-es-poco\\\/#breadcrumblist\"},\"author\":{\"@id\":\"https:\\\/\\\/www.notanoverlander.com\\\/index.php\\\/author\\\/daviz\\\/#author\"},\"creator\":{\"@id\":\"https:\\\/\\\/www.notanoverlander.com\\\/index.php\\\/author\\\/daviz\\\/#author\"},\"image\":{\"@type\":\"ImageObject\",\"url\":\"https:\\\/\\\/i0.wp.com\\\/www.notanoverlander.com\\\/wp-content\\\/uploads\\\/2019\\\/10\\\/IMG_20191012_170858_157.jpg?fit=3024%2C3024&ssl=1\",\"@id\":\"https:\\\/\\\/www.notanoverlander.com\\\/index.php\\\/2019\\\/10\\\/13\\\/irlanda-en-furgo-dia-1-llegar-que-no-es-poco\\\/#mainImage\",\"width\":3024,\"height\":3024},\"primaryImageOfPage\":{\"@id\":\"https:\\\/\\\/www.notanoverlander.com\\\/index.php\\\/2019\\\/10\\\/13\\\/irlanda-en-furgo-dia-1-llegar-que-no-es-poco\\\/#mainImage\"},\"datePublished\":\"2019-10-13T07:57:50+02:00\",\"dateModified\":\"2019-10-13T08:31:58+02:00\"},{\"@type\":\"WebSite\",\"@id\":\"https:\\\/\\\/www.notanoverlander.com\\\/#website\",\"url\":\"https:\\\/\\\/www.notanoverlander.com\\\/\",\"name\":\"{:es}NotAnOverlander{:}{:en}NotAnOverlander{:}\",\"description\":\"NotAnOverlander\",\"inLanguage\":\"es-ES\",\"publisher\":{\"@id\":\"https:\\\/\\\/www.notanoverlander.com\\\/#person\"}}]}\n\t\t<\/script>\n\t\t<!-- All in One SEO -->\n\n","aioseo_head_json":{"title":"Irlanda en furgo, d\u00eda 1: llegar que no es poco. | NotAnOverlander","description":"","canonical_url":"https:\/\/www.notanoverlander.com\/index.php\/2019\/10\/13\/irlanda-en-furgo-dia-1-llegar-que-no-es-poco\/","robots":"max-image-preview:large","keywords":"","webmasterTools":{"google-site-verification":"rgL4cG7lkS3Or5dFWhIEkt-UqRz-5d7tYVEOFvb7tF8","miscellaneous":""},"schema":{"@context":"https:\/\/schema.org","@graph":[{"@type":"Article","@id":"https:\/\/www.notanoverlander.com\/index.php\/2019\/10\/13\/irlanda-en-furgo-dia-1-llegar-que-no-es-poco\/#article","name":"Irlanda en furgo, d\u00eda 1: llegar que no es poco. | NotAnOverlander","headline":"Irlanda en furgo, d\u00eda 1: llegar que no es poco.","author":{"@id":"https:\/\/www.notanoverlander.com\/index.php\/author\/daviz\/#author"},"publisher":{"@id":"https:\/\/www.notanoverlander.com\/#person"},"image":{"@type":"ImageObject","url":"https:\/\/i0.wp.com\/www.notanoverlander.com\/wp-content\/uploads\/2019\/10\/IMG_20191012_170858_157.jpg?fit=3024%2C3024&ssl=1","width":3024,"height":3024},"datePublished":"2019-10-13T07:57:50+02:00","dateModified":"2019-10-13T08:31:58+02:00","inLanguage":"es-ES","mainEntityOfPage":{"@id":"https:\/\/www.notanoverlander.com\/index.php\/2019\/10\/13\/irlanda-en-furgo-dia-1-llegar-que-no-es-poco\/#webpage"},"isPartOf":{"@id":"https:\/\/www.notanoverlander.com\/index.php\/2019\/10\/13\/irlanda-en-furgo-dia-1-llegar-que-no-es-poco\/#webpage"},"articleSection":"Irlanda en furgo"},{"@type":"BreadcrumbList","@id":"https:\/\/www.notanoverlander.com\/index.php\/2019\/10\/13\/irlanda-en-furgo-dia-1-llegar-que-no-es-poco\/#breadcrumblist","itemListElement":[{"@type":"ListItem","@id":"https:\/\/www.notanoverlander.com#listItem","position":1,"name":"Inicio","item":"https:\/\/www.notanoverlander.com","nextItem":{"@type":"ListItem","@id":"https:\/\/www.notanoverlander.com\/index.php\/category\/viajes\/#listItem","name":"Viajes"}},{"@type":"ListItem","@id":"https:\/\/www.notanoverlander.com\/index.php\/category\/viajes\/#listItem","position":2,"name":"Viajes","item":"https:\/\/www.notanoverlander.com\/index.php\/category\/viajes\/","nextItem":{"@type":"ListItem","@id":"https:\/\/www.notanoverlander.com\/index.php\/category\/viajes\/irlanda-en-furgo\/#listItem","name":"Irlanda en furgo"},"previousItem":{"@type":"ListItem","@id":"https:\/\/www.notanoverlander.com#listItem","name":"Inicio"}},{"@type":"ListItem","@id":"https:\/\/www.notanoverlander.com\/index.php\/category\/viajes\/irlanda-en-furgo\/#listItem","position":3,"name":"Irlanda en furgo","item":"https:\/\/www.notanoverlander.com\/index.php\/category\/viajes\/irlanda-en-furgo\/","nextItem":{"@type":"ListItem","@id":"https:\/\/www.notanoverlander.com\/index.php\/2019\/10\/13\/irlanda-en-furgo-dia-1-llegar-que-no-es-poco\/#listItem","name":"Irlanda en furgo, d\u00eda 1: llegar que no es poco."},"previousItem":{"@type":"ListItem","@id":"https:\/\/www.notanoverlander.com\/index.php\/category\/viajes\/#listItem","name":"Viajes"}},{"@type":"ListItem","@id":"https:\/\/www.notanoverlander.com\/index.php\/2019\/10\/13\/irlanda-en-furgo-dia-1-llegar-que-no-es-poco\/#listItem","position":4,"name":"Irlanda en furgo, d\u00eda 1: llegar que no es poco.","previousItem":{"@type":"ListItem","@id":"https:\/\/www.notanoverlander.com\/index.php\/category\/viajes\/irlanda-en-furgo\/#listItem","name":"Irlanda en furgo"}}]},{"@type":"Person","@id":"https:\/\/www.notanoverlander.com\/#person","name":"David","image":"https:\/\/www.notanoverlander.com\/wp-content\/uploads\/2017\/05\/logoNAO.png","sameAs":["https:\/\/facebook.com\/NotanOverlander","https:\/\/x.com\/NotanOverlander","https:\/\/instagram.com\/NotanOverlander","https:\/\/www.youtube.com\/channel\/UCvc1e5xDGI3ZbDNei9TnpDw"]},{"@type":"Person","@id":"https:\/\/www.notanoverlander.com\/index.php\/author\/daviz\/#author","url":"https:\/\/www.notanoverlander.com\/index.php\/author\/daviz\/","name":"Daviz","image":{"@type":"ImageObject","@id":"https:\/\/www.notanoverlander.com\/index.php\/2019\/10\/13\/irlanda-en-furgo-dia-1-llegar-que-no-es-poco\/#authorImage","url":"https:\/\/secure.gravatar.com\/avatar\/2c29c3b0163f4585d6a605f3db00c13569b8c4b2cc1b5476a605d3ac3be9982f?s=96&d=mm&r=g","width":96,"height":96,"caption":"Daviz"}},{"@type":"WebPage","@id":"https:\/\/www.notanoverlander.com\/index.php\/2019\/10\/13\/irlanda-en-furgo-dia-1-llegar-que-no-es-poco\/#webpage","url":"https:\/\/www.notanoverlander.com\/index.php\/2019\/10\/13\/irlanda-en-furgo-dia-1-llegar-que-no-es-poco\/","name":"Irlanda en furgo, d\u00eda 1: llegar que no es poco. | NotAnOverlander","inLanguage":"es-ES","isPartOf":{"@id":"https:\/\/www.notanoverlander.com\/#website"},"breadcrumb":{"@id":"https:\/\/www.notanoverlander.com\/index.php\/2019\/10\/13\/irlanda-en-furgo-dia-1-llegar-que-no-es-poco\/#breadcrumblist"},"author":{"@id":"https:\/\/www.notanoverlander.com\/index.php\/author\/daviz\/#author"},"creator":{"@id":"https:\/\/www.notanoverlander.com\/index.php\/author\/daviz\/#author"},"image":{"@type":"ImageObject","url":"https:\/\/i0.wp.com\/www.notanoverlander.com\/wp-content\/uploads\/2019\/10\/IMG_20191012_170858_157.jpg?fit=3024%2C3024&ssl=1","@id":"https:\/\/www.notanoverlander.com\/index.php\/2019\/10\/13\/irlanda-en-furgo-dia-1-llegar-que-no-es-poco\/#mainImage","width":3024,"height":3024},"primaryImageOfPage":{"@id":"https:\/\/www.notanoverlander.com\/index.php\/2019\/10\/13\/irlanda-en-furgo-dia-1-llegar-que-no-es-poco\/#mainImage"},"datePublished":"2019-10-13T07:57:50+02:00","dateModified":"2019-10-13T08:31:58+02:00"},{"@type":"WebSite","@id":"https:\/\/www.notanoverlander.com\/#website","url":"https:\/\/www.notanoverlander.com\/","name":"{:es}NotAnOverlander{:}{:en}NotAnOverlander{:}","description":"NotAnOverlander","inLanguage":"es-ES","publisher":{"@id":"https:\/\/www.notanoverlander.com\/#person"}}]}},"aioseo_meta_data":{"post_id":"2498","title":null,"description":null,"keywords":null,"keyphrases":null,"primary_term":null,"canonical_url":null,"og_title":null,"og_description":null,"og_object_type":"default","og_image_type":"default","og_image_url":null,"og_image_width":null,"og_image_height":null,"og_image_custom_url":null,"og_image_custom_fields":null,"og_video":null,"og_custom_url":null,"og_article_section":null,"og_article_tags":null,"twitter_use_og":false,"twitter_card":"default","twitter_image_type":"default","twitter_image_url":null,"twitter_image_custom_url":null,"twitter_image_custom_fields":null,"twitter_title":null,"twitter_description":null,"schema":{"blockGraphs":[],"customGraphs":[],"default":{"data":{"Article":[],"Course":[],"Dataset":[],"FAQPage":[],"Movie":[],"Person":[],"Product":[],"ProductReview":[],"Car":[],"Recipe":[],"Service":[],"SoftwareApplication":[],"WebPage":[]},"graphName":"","isEnabled":true},"graphs":[]},"schema_type":null,"schema_type_options":null,"pillar_content":false,"robots_default":true,"robots_noindex":false,"robots_noarchive":false,"robots_nosnippet":false,"robots_nofollow":false,"robots_noimageindex":false,"robots_noodp":false,"robots_notranslate":false,"robots_max_snippet":null,"robots_max_videopreview":null,"robots_max_imagepreview":"large","priority":null,"frequency":null,"local_seo":null,"breadcrumb_settings":null,"limit_modified_date":false,"ai":null,"created":"2020-12-22 08:45:31","updated":"2022-09-18 14:33:04","seo_analyzer_scan_date":null,"focus_keyword":null,"additional_keywords":null,"truseo_locale":null},"jetpack_publicize_connections":[],"jetpack_sharing_enabled":true,"jetpack_likes_enabled":true,"jetpack-related-posts":[],"jetpack_featured_media_url":"https:\/\/i0.wp.com\/www.notanoverlander.com\/wp-content\/uploads\/2019\/10\/IMG_20191012_170858_157.jpg?fit=3024%2C3024&ssl=1","_links":{"self":[{"href":"https:\/\/www.notanoverlander.com\/index.php\/wp-json\/wp\/v2\/posts\/2498","targetHints":{"allow":["GET"]}}],"collection":[{"href":"https:\/\/www.notanoverlander.com\/index.php\/wp-json\/wp\/v2\/posts"}],"about":[{"href":"https:\/\/www.notanoverlander.com\/index.php\/wp-json\/wp\/v2\/types\/post"}],"author":[{"embeddable":true,"href":"https:\/\/www.notanoverlander.com\/index.php\/wp-json\/wp\/v2\/users\/1"}],"replies":[{"embeddable":true,"href":"https:\/\/www.notanoverlander.com\/index.php\/wp-json\/wp\/v2\/comments?post=2498"}],"version-history":[{"count":2,"href":"https:\/\/www.notanoverlander.com\/index.php\/wp-json\/wp\/v2\/posts\/2498\/revisions"}],"predecessor-version":[{"id":2502,"href":"https:\/\/www.notanoverlander.com\/index.php\/wp-json\/wp\/v2\/posts\/2498\/revisions\/2502"}],"wp:featuredmedia":[{"embeddable":true,"href":"https:\/\/www.notanoverlander.com\/index.php\/wp-json\/wp\/v2\/media\/2500"}],"wp:attachment":[{"href":"https:\/\/www.notanoverlander.com\/index.php\/wp-json\/wp\/v2\/media?parent=2498"}],"wp:term":[{"taxonomy":"category","embeddable":true,"href":"https:\/\/www.notanoverlander.com\/index.php\/wp-json\/wp\/v2\/categories?post=2498"},{"taxonomy":"post_tag","embeddable":true,"href":"https:\/\/www.notanoverlander.com\/index.php\/wp-json\/wp\/v2\/tags?post=2498"}],"curies":[{"name":"wp","href":"https:\/\/api.w.org\/{rel}","templated":true}]}}