{"id":2537,"date":"2019-10-17T08:49:57","date_gmt":"2019-10-17T06:49:57","guid":{"rendered":"https:\/\/www.notanoverlander.com\/?p=2537"},"modified":"2020-10-17T09:02:45","modified_gmt":"2020-10-17T07:02:45","slug":"irlanda-en-furgo-dia-5-glendalough","status":"publish","type":"post","link":"https:\/\/www.notanoverlander.com\/index.php\/2019\/10\/17\/irlanda-en-furgo-dia-5-glendalough\/","title":{"rendered":"Irlanda en furgo, d\u00eda 5: Glendalough"},"content":{"rendered":"\n<!-- Facebook Like Button v1.9.6 BEGIN [http:\/\/blog.bottomlessinc.com] -->\n<iframe src=\"http:\/\/www.facebook.com\/plugins\/like.php?href=https%3A%2F%2Fwww.notanoverlander.com%2Findex.php%2F2019%2F10%2F17%2Firlanda-en-furgo-dia-5-glendalough%2F&amp;layout=standard&amp;show_faces=false&amp;width=450&amp;action=like&amp;colorscheme=light\" scrolling=\"no\" frameborder=\"0\" allowTransparency=\"true\" style=\"border:none; overflow:hidden; width:450px; height: 30px; align: left; margin: 2px 0px 2px 0px\"><\/iframe>\n<!-- Facebook Like Button END -->\n<div class=\"sf-social-icon-list\">\n<table border=\"0\" cellspacing=\"0\" cellpadding=\"\">\n<td style=\"padding: 1px\"><a href='https:\/\/www.twitter.com\/notanoverlander' target='parent'><img data-recalc-dims=\"1\" decoding=\"async\" src=\"https:\/\/i0.wp.com\/www.notanoverlander.com\/wp-content\/plugins\/free-social-media-icons\/assets\/icons\/Cute%20Icons\/Twitter.png?ssl=1\" class=\"sf-social-icon\" style=\"width: 32px; height: 32px; max-width: 32px\" \/><\/a><\/td>\n<\/table>\n<\/div>\n<p class=\"wp-block-paragraph\">El Corbett Court es un hotel viejo, de hecho su primer edificio se construy\u00f3 a finales del siglo XXI, con unas habitaciones enormes.  Tiene sus cosas buenas y malas, pero en general cumple su misi\u00f3n sin problemas. Despu\u00e9s de la copiosa cena de ayer, bajamos a desayunar sin mucha hambre, aunque, como el rascar todo es empezar.<\/p>\n\n\n\n<p class=\"wp-block-paragraph\">No llueve, de hecho hace sol, el cielo est\u00e1 despejado, pero, eso s\u00ed, la temperatura ha bajado hasta los 8  grados.<\/p>\n\n\n\n<p class=\"wp-block-paragraph\">Salimos direcci\u00f3n Cahir, nuestro destino final es Dubl\u00edn, pero tenemos unas cuantas paradas antes para ver cosas interesantes.<\/p>\n\n\n\n<p class=\"wp-block-paragraph\">En el centro de Cahir, hay un castillo, con pinta de haber sido restaurado, enclavado en un entorno muy bonito. El r\u00edo por un lado, que baja con una corriente muy fuerte por las lluvias de estos \u00faltimos d\u00edas, rodea al castillo. Por el otro una zona de parques y zonas verdes que incitan a darse un paseo, si no fuese que una parte est\u00e1 completamente anegada. <\/p>\n\n\n\n<figure class=\"wp-block-image\"><img data-recalc-dims=\"1\" loading=\"lazy\" decoding=\"async\" width=\"3888\" height=\"2592\" src=\"https:\/\/i0.wp.com\/www.notanoverlander.com\/wp-content\/uploads\/2019\/10\/D5694B60-D94F-449B-AAD3-0020096ED21F.jpeg?resize=3888%2C2592&#038;ssl=1\" alt=\"\" class=\"wp-image-2542\" srcset=\"https:\/\/i0.wp.com\/www.notanoverlander.com\/wp-content\/uploads\/2019\/10\/D5694B60-D94F-449B-AAD3-0020096ED21F.jpeg?w=3888&amp;ssl=1 3888w, https:\/\/i0.wp.com\/www.notanoverlander.com\/wp-content\/uploads\/2019\/10\/D5694B60-D94F-449B-AAD3-0020096ED21F.jpeg?resize=300%2C200&amp;ssl=1 300w, https:\/\/i0.wp.com\/www.notanoverlander.com\/wp-content\/uploads\/2019\/10\/D5694B60-D94F-449B-AAD3-0020096ED21F.jpeg?resize=768%2C512&amp;ssl=1 768w, https:\/\/i0.wp.com\/www.notanoverlander.com\/wp-content\/uploads\/2019\/10\/D5694B60-D94F-449B-AAD3-0020096ED21F.jpeg?resize=2048%2C1365&amp;ssl=1 2048w, https:\/\/i0.wp.com\/www.notanoverlander.com\/wp-content\/uploads\/2019\/10\/D5694B60-D94F-449B-AAD3-0020096ED21F.jpeg?resize=450%2C300&amp;ssl=1 450w, https:\/\/i0.wp.com\/www.notanoverlander.com\/wp-content\/uploads\/2019\/10\/D5694B60-D94F-449B-AAD3-0020096ED21F.jpeg?w=3000&amp;ssl=1 3000w\" sizes=\"auto, (max-width: 1000px) 100vw, 1000px\" \/><\/figure>\n\n\n\n<p class=\"wp-block-paragraph\">Pasamos un rato jugando con las ocas y patos que nadan y caminan a sus anchas alrededor del castillo y que, para nuestra sorpresa, varios carteles nos indican que podemos alimentarlos y no debemos perseguirlos.<\/p>\n\n\n\n<figure class=\"wp-block-image\"><img data-recalc-dims=\"1\" loading=\"lazy\" decoding=\"async\" width=\"3888\" height=\"2592\" src=\"https:\/\/i0.wp.com\/www.notanoverlander.com\/wp-content\/uploads\/2019\/10\/23890962-E43B-4477-B50A-767840A85FFF.jpeg?resize=3888%2C2592&#038;ssl=1\" alt=\"\" class=\"wp-image-2543\" srcset=\"https:\/\/i0.wp.com\/www.notanoverlander.com\/wp-content\/uploads\/2019\/10\/23890962-E43B-4477-B50A-767840A85FFF.jpeg?w=3888&amp;ssl=1 3888w, https:\/\/i0.wp.com\/www.notanoverlander.com\/wp-content\/uploads\/2019\/10\/23890962-E43B-4477-B50A-767840A85FFF.jpeg?resize=300%2C200&amp;ssl=1 300w, https:\/\/i0.wp.com\/www.notanoverlander.com\/wp-content\/uploads\/2019\/10\/23890962-E43B-4477-B50A-767840A85FFF.jpeg?resize=768%2C512&amp;ssl=1 768w, https:\/\/i0.wp.com\/www.notanoverlander.com\/wp-content\/uploads\/2019\/10\/23890962-E43B-4477-B50A-767840A85FFF.jpeg?resize=2048%2C1365&amp;ssl=1 2048w, https:\/\/i0.wp.com\/www.notanoverlander.com\/wp-content\/uploads\/2019\/10\/23890962-E43B-4477-B50A-767840A85FFF.jpeg?resize=450%2C300&amp;ssl=1 450w, https:\/\/i0.wp.com\/www.notanoverlander.com\/wp-content\/uploads\/2019\/10\/23890962-E43B-4477-B50A-767840A85FFF.jpeg?w=3000&amp;ssl=1 3000w\" sizes=\"auto, (max-width: 1000px) 100vw, 1000px\" \/><\/figure>\n\n\n\n<p class=\"wp-block-paragraph\">No entramos al castillo ya que el pr\u00f3ximo que vamos a visitar, tiene pinta de merecer m\u00e1s la pena. <\/p>\n\n\n\n<p class=\"wp-block-paragraph\">Volvemos a la carretera, un rato de autopista, otro de carreteras estrechas y reviradas y llegamos a Kilkenny.<\/p>\n\n\n\n<p class=\"wp-block-paragraph\">Una ciudad que tambi\u00e9n tiene un castillo y, adem\u00e1s, una zona supuestamente medieval. <\/p>\n\n\n\n<p class=\"wp-block-paragraph\">Aparcamos en un parking de un centro comercial y caminamos por las calles. <\/p>\n\n\n\n<p class=\"wp-block-paragraph\">Subimos a la calle principal a trav\u00e9s de un callej\u00f3n estrecho y, siguiendo las indicaciones llegamos al castillo. Hay mucha actividad en la calle, se nota que es un sitio m\u00e1s grande y con m\u00e1s turismo tambi\u00e9n.<\/p>\n\n\n\n<figure class=\"wp-block-image\"><img data-recalc-dims=\"1\" loading=\"lazy\" decoding=\"async\" width=\"3888\" height=\"2592\" src=\"https:\/\/i0.wp.com\/www.notanoverlander.com\/wp-content\/uploads\/2019\/10\/30A469B6-E895-4E5B-9B71-2EBD81CA6137.jpeg?resize=3888%2C2592&#038;ssl=1\" alt=\"\" class=\"wp-image-2544\" srcset=\"https:\/\/i0.wp.com\/www.notanoverlander.com\/wp-content\/uploads\/2019\/10\/30A469B6-E895-4E5B-9B71-2EBD81CA6137.jpeg?w=3888&amp;ssl=1 3888w, https:\/\/i0.wp.com\/www.notanoverlander.com\/wp-content\/uploads\/2019\/10\/30A469B6-E895-4E5B-9B71-2EBD81CA6137.jpeg?resize=300%2C200&amp;ssl=1 300w, https:\/\/i0.wp.com\/www.notanoverlander.com\/wp-content\/uploads\/2019\/10\/30A469B6-E895-4E5B-9B71-2EBD81CA6137.jpeg?resize=768%2C512&amp;ssl=1 768w, https:\/\/i0.wp.com\/www.notanoverlander.com\/wp-content\/uploads\/2019\/10\/30A469B6-E895-4E5B-9B71-2EBD81CA6137.jpeg?resize=2048%2C1365&amp;ssl=1 2048w, https:\/\/i0.wp.com\/www.notanoverlander.com\/wp-content\/uploads\/2019\/10\/30A469B6-E895-4E5B-9B71-2EBD81CA6137.jpeg?resize=450%2C300&amp;ssl=1 450w, https:\/\/i0.wp.com\/www.notanoverlander.com\/wp-content\/uploads\/2019\/10\/30A469B6-E895-4E5B-9B71-2EBD81CA6137.jpeg?w=3000&amp;ssl=1 3000w\" sizes=\"auto, (max-width: 1000px) 100vw, 1000px\" \/><\/figure>\n\n\n\n<p class=\"wp-block-paragraph\">Vamos directamente al castillo, los jardines y alrededores est\u00e1n abiertos al p\u00fablico, hay unas vistas estupendas del r\u00edo y de Kilkenny.<\/p>\n\n\n\n<figure class=\"wp-block-image\"><img data-recalc-dims=\"1\" loading=\"lazy\" decoding=\"async\" width=\"2592\" height=\"3888\" src=\"https:\/\/i0.wp.com\/www.notanoverlander.com\/wp-content\/uploads\/2019\/10\/0D1467B0-AD42-4A2B-8BC5-0333170C4E1D.jpeg?resize=2592%2C3888&#038;ssl=1\" alt=\"\" class=\"wp-image-2545\" srcset=\"https:\/\/i0.wp.com\/www.notanoverlander.com\/wp-content\/uploads\/2019\/10\/0D1467B0-AD42-4A2B-8BC5-0333170C4E1D.jpeg?w=2592&amp;ssl=1 2592w, https:\/\/i0.wp.com\/www.notanoverlander.com\/wp-content\/uploads\/2019\/10\/0D1467B0-AD42-4A2B-8BC5-0333170C4E1D.jpeg?resize=200%2C300&amp;ssl=1 200w, https:\/\/i0.wp.com\/www.notanoverlander.com\/wp-content\/uploads\/2019\/10\/0D1467B0-AD42-4A2B-8BC5-0333170C4E1D.jpeg?resize=768%2C1152&amp;ssl=1 768w, https:\/\/i0.wp.com\/www.notanoverlander.com\/wp-content\/uploads\/2019\/10\/0D1467B0-AD42-4A2B-8BC5-0333170C4E1D.jpeg?resize=1365%2C2048&amp;ssl=1 1365w, https:\/\/i0.wp.com\/www.notanoverlander.com\/wp-content\/uploads\/2019\/10\/0D1467B0-AD42-4A2B-8BC5-0333170C4E1D.jpeg?w=2000&amp;ssl=1 2000w\" sizes=\"auto, (max-width: 1000px) 100vw, 1000px\" \/><\/figure>\n\n\n\n<p class=\"wp-block-paragraph\">Entrar al castillo cuesta unos 16 euros. Est\u00e1 completamente restaurado, pero manteniendo, tanto en el exterior como en el interior, el mismo dise\u00f1o y decoraci\u00f3n que ten\u00eda en las \u00faltimas \u00e9pocas en las que fue habitado, es decir , siglo XIX.<\/p>\n\n\n\n<p class=\"wp-block-paragraph\">De una habitaci\u00f3n a otra podemos ver desde la lujosidad de los salones a la ostentosidad de las habitaciones o la enorme galer\u00eda de arte con un techo pintado a mano.<\/p>\n\n\n\n<figure class=\"wp-block-image\"><img data-recalc-dims=\"1\" loading=\"lazy\" decoding=\"async\" width=\"2592\" height=\"3888\" src=\"https:\/\/i0.wp.com\/www.notanoverlander.com\/wp-content\/uploads\/2019\/10\/32B22732-A1D3-475F-B206-09292CAABAA6.jpeg?resize=2592%2C3888&#038;ssl=1\" alt=\"\" class=\"wp-image-2546\" srcset=\"https:\/\/i0.wp.com\/www.notanoverlander.com\/wp-content\/uploads\/2019\/10\/32B22732-A1D3-475F-B206-09292CAABAA6.jpeg?w=2592&amp;ssl=1 2592w, https:\/\/i0.wp.com\/www.notanoverlander.com\/wp-content\/uploads\/2019\/10\/32B22732-A1D3-475F-B206-09292CAABAA6.jpeg?resize=200%2C300&amp;ssl=1 200w, https:\/\/i0.wp.com\/www.notanoverlander.com\/wp-content\/uploads\/2019\/10\/32B22732-A1D3-475F-B206-09292CAABAA6.jpeg?resize=768%2C1152&amp;ssl=1 768w, https:\/\/i0.wp.com\/www.notanoverlander.com\/wp-content\/uploads\/2019\/10\/32B22732-A1D3-475F-B206-09292CAABAA6.jpeg?resize=1365%2C2048&amp;ssl=1 1365w, https:\/\/i0.wp.com\/www.notanoverlander.com\/wp-content\/uploads\/2019\/10\/32B22732-A1D3-475F-B206-09292CAABAA6.jpeg?w=2000&amp;ssl=1 2000w\" sizes=\"auto, (max-width: 1000px) 100vw, 1000px\" \/><\/figure>\n\n\n\n<p class=\"wp-block-paragraph\">Diferentes tr\u00edpticos te explican que es original y que restaurado, con lo que tienes la impresi\u00f3n de, en cierta forma, estar viendo que c\u00f3mo viv\u00eda la gente all\u00ed en su momento. <\/p>\n\n\n\n<p class=\"wp-block-paragraph\">Despu\u00e9s de un buen rato arriba y abajo, terminamos la visita al castillo.<\/p>\n\n\n\n<p class=\"wp-block-paragraph\">Volvemos a la calle principal de Kilkenny, esta vez caminamos hacia la iglesia de Santa Mar\u00eda, entramos a verla, es sencilla, grande y est\u00e1 muy bien conservada.<\/p>\n\n\n\n<p class=\"wp-block-paragraph\">El hambre empieza a llamar a la puerta as\u00ed que nos metemos en un restaurante, cuyo nombre no recuerdo, nos llenamos la tripa y cogemos carretera de nuevo camino de Glendalough.<\/p>\n\n\n\n<p class=\"wp-block-paragraph\">Un rato de autopista de nuevo y, otra vez, carreteras estrechas. Esta vez con mucho tr\u00e1fico y con subidas y bajadas <\/p>\n\n\n\n<p class=\"wp-block-paragraph\">Hacemos una parada t\u00e9cnica en Hollywood, si, como el de Los \u00c1ngeles, y seguimos hacia el parque natural.<\/p>\n\n\n\n<p class=\"wp-block-paragraph\">Se ha hecho tarde ya para una visita guiada, pero a\u00fan as\u00ed, podemos visitar el parque en s\u00ed.<\/p>\n\n\n\n<p class=\"wp-block-paragraph\">Llegamos al final de la carretera, al lado y aparcamos. Normalmente el parking vale 4 euros, pero como han cerrado ya, todo est\u00e1 abierto y podemos aparcar gratis. Damos un paseo alrededor del la cabecera del lago.<\/p>\n\n\n\n<figure class=\"wp-block-image\"><img data-recalc-dims=\"1\" loading=\"lazy\" decoding=\"async\" width=\"3888\" height=\"2592\" src=\"https:\/\/i0.wp.com\/www.notanoverlander.com\/wp-content\/uploads\/2019\/10\/B091A841-4B44-4CBA-9814-5CF8FCA12731.jpeg?resize=3888%2C2592&#038;ssl=1\" alt=\"\" class=\"wp-image-2547\" srcset=\"https:\/\/i0.wp.com\/www.notanoverlander.com\/wp-content\/uploads\/2019\/10\/B091A841-4B44-4CBA-9814-5CF8FCA12731.jpeg?w=3888&amp;ssl=1 3888w, https:\/\/i0.wp.com\/www.notanoverlander.com\/wp-content\/uploads\/2019\/10\/B091A841-4B44-4CBA-9814-5CF8FCA12731.jpeg?resize=300%2C200&amp;ssl=1 300w, https:\/\/i0.wp.com\/www.notanoverlander.com\/wp-content\/uploads\/2019\/10\/B091A841-4B44-4CBA-9814-5CF8FCA12731.jpeg?resize=768%2C512&amp;ssl=1 768w, https:\/\/i0.wp.com\/www.notanoverlander.com\/wp-content\/uploads\/2019\/10\/B091A841-4B44-4CBA-9814-5CF8FCA12731.jpeg?resize=2048%2C1365&amp;ssl=1 2048w, https:\/\/i0.wp.com\/www.notanoverlander.com\/wp-content\/uploads\/2019\/10\/B091A841-4B44-4CBA-9814-5CF8FCA12731.jpeg?resize=450%2C300&amp;ssl=1 450w, https:\/\/i0.wp.com\/www.notanoverlander.com\/wp-content\/uploads\/2019\/10\/B091A841-4B44-4CBA-9814-5CF8FCA12731.jpeg?w=3000&amp;ssl=1 3000w\" sizes=\"auto, (max-width: 1000px) 100vw, 1000px\" \/><\/figure>\n\n\n\n<p class=\"wp-block-paragraph\">Al fondo, arriba, hay unas cataratas. Es una pena no tener m\u00e1s tiempo porque es un lugar en el que puedes llegar por la ma\u00f1ana y pasarte el d\u00eda explorando, caminando.<\/p>\n\n\n\n<p class=\"wp-block-paragraph\">Unas cuantas fotos despu\u00e9s y unos cuantos paseos volvemos a la furgoneta para coger ruta a Lucan, cerca de Dubl\u00edn, d\u00f3nde nos alojaremos hoy.<\/p>\n\n\n\n<p class=\"wp-block-paragraph\">De camino paramos de nuevo a hacer una fotos de las vistas desde arriba del propio lago y la zona.<\/p>\n\n\n\n<figure class=\"wp-block-image\"><img data-recalc-dims=\"1\" loading=\"lazy\" decoding=\"async\" width=\"2592\" height=\"3888\" src=\"https:\/\/i0.wp.com\/www.notanoverlander.com\/wp-content\/uploads\/2019\/10\/31C4ED34-2DA4-4496-956C-C4B46919C96B.jpeg?resize=2592%2C3888&#038;ssl=1\" alt=\"\" class=\"wp-image-2548\" srcset=\"https:\/\/i0.wp.com\/www.notanoverlander.com\/wp-content\/uploads\/2019\/10\/31C4ED34-2DA4-4496-956C-C4B46919C96B.jpeg?w=2592&amp;ssl=1 2592w, https:\/\/i0.wp.com\/www.notanoverlander.com\/wp-content\/uploads\/2019\/10\/31C4ED34-2DA4-4496-956C-C4B46919C96B.jpeg?resize=200%2C300&amp;ssl=1 200w, https:\/\/i0.wp.com\/www.notanoverlander.com\/wp-content\/uploads\/2019\/10\/31C4ED34-2DA4-4496-956C-C4B46919C96B.jpeg?resize=768%2C1152&amp;ssl=1 768w, https:\/\/i0.wp.com\/www.notanoverlander.com\/wp-content\/uploads\/2019\/10\/31C4ED34-2DA4-4496-956C-C4B46919C96B.jpeg?resize=1365%2C2048&amp;ssl=1 1365w, https:\/\/i0.wp.com\/www.notanoverlander.com\/wp-content\/uploads\/2019\/10\/31C4ED34-2DA4-4496-956C-C4B46919C96B.jpeg?w=2000&amp;ssl=1 2000w\" sizes=\"auto, (max-width: 1000px) 100vw, 1000px\" \/><\/figure>\n\n\n\n<p class=\"wp-block-paragraph\">Algo m\u00e1s de una hora despu\u00e9s, ya de noche y tras sortear el ca\u00f3tico tr\u00e1fico de los alrededores de Dubl\u00edn, llegamos por fin al hotel.<\/p>\n\n\n\n<p class=\"wp-block-paragraph\">Una vez m\u00e1s cenamos en el bar del hotel y nos vamos a descansar. Las largas jornadas de coche se han acabado, ma\u00f1ana y pasado toca visitar Dubl\u00edn.<\/p>\n\n\n\n<p class=\"wp-block-paragraph\"> <\/p>\n","protected":false},"excerpt":{"rendered":"<p>El Corbett Court es un hotel viejo, de hecho su primer edificio se construy\u00f3 a finales del siglo XXI, con unas habitaciones enormes. Tiene sus cosas buenas y malas, pero en general cumple su misi\u00f3n sin problemas. Despu\u00e9s de la copiosa cena de ayer, bajamos a desayunar sin mucha hambre, aunque, como el rascar todo [&hellip;]<\/p>\n","protected":false},"author":1,"featured_media":2547,"comment_status":"open","ping_status":"open","sticky":false,"template":"","format":"standard","meta":{"_jetpack_newsletter_access":"","_jetpack_dont_email_post_to_subs":false,"_jetpack_newsletter_tier_id":0,"_jetpack_memberships_contains_paywalled_content":false,"_jetpack_feature_clip_id":0,"_jetpack_memberships_contains_paid_content":false,"footnotes":"","jetpack_publicize_message":"","jetpack_publicize_feature_enabled":true,"jetpack_social_post_already_shared":true,"jetpack_social_options":{"image_generator_settings":{"template":"highway","default_image_id":0,"font":"","enabled":false},"version":2},"jetpack_post_was_ever_published":false},"categories":[47],"tags":[],"class_list":["post-2537","post","type-post","status-publish","format-standard","has-post-thumbnail","hentry","category-irlanda-en-furgo"],"translation":{"provider":"WPGlobus","version":"3.0.5","language":"es","enabled_languages":["es"],"languages":{"es":{"title":true,"content":true,"excerpt":false}}},"aioseo_notices":[],"aioseo_head":"\n\t\t<!-- All in One SEO 5.0.1.1 - aioseo.com -->\n\t<meta name=\"robots\" content=\"max-image-preview:large\" \/>\n\t<meta name=\"author\" content=\"Daviz\"\/>\n\t<meta name=\"google-site-verification\" content=\"rgL4cG7lkS3Or5dFWhIEkt-UqRz-5d7tYVEOFvb7tF8\" \/>\n\t<link rel=\"canonical\" href=\"https:\/\/www.notanoverlander.com\/index.php\/2019\/10\/17\/irlanda-en-furgo-dia-5-glendalough\/\" \/>\n\t<meta name=\"generator\" content=\"All in One SEO (AIOSEO) 5.0.1.1\" \/>\n\t\t<script type=\"application\/ld+json\" class=\"aioseo-schema\">\n\t\t\t{\"@context\":\"https:\\\/\\\/schema.org\",\"@graph\":[{\"@type\":\"Article\",\"@id\":\"https:\\\/\\\/www.notanoverlander.com\\\/index.php\\\/2019\\\/10\\\/17\\\/irlanda-en-furgo-dia-5-glendalough\\\/#article\",\"name\":\"Irlanda en furgo, d\\u00eda 5: Glendalough | NotAnOverlander\",\"headline\":\"Irlanda en furgo, d\\u00eda 5: Glendalough\",\"author\":{\"@id\":\"https:\\\/\\\/www.notanoverlander.com\\\/index.php\\\/author\\\/daviz\\\/#author\"},\"publisher\":{\"@id\":\"https:\\\/\\\/www.notanoverlander.com\\\/#person\"},\"image\":{\"@type\":\"ImageObject\",\"url\":\"https:\\\/\\\/i0.wp.com\\\/www.notanoverlander.com\\\/wp-content\\\/uploads\\\/2019\\\/10\\\/B091A841-4B44-4CBA-9814-5CF8FCA12731.jpeg?fit=3888%2C2592&ssl=1\",\"width\":3888,\"height\":2592},\"datePublished\":\"2019-10-17T08:49:57+02:00\",\"dateModified\":\"2020-10-17T09:02:45+02:00\",\"inLanguage\":\"es-ES\",\"mainEntityOfPage\":{\"@id\":\"https:\\\/\\\/www.notanoverlander.com\\\/index.php\\\/2019\\\/10\\\/17\\\/irlanda-en-furgo-dia-5-glendalough\\\/#webpage\"},\"isPartOf\":{\"@id\":\"https:\\\/\\\/www.notanoverlander.com\\\/index.php\\\/2019\\\/10\\\/17\\\/irlanda-en-furgo-dia-5-glendalough\\\/#webpage\"},\"articleSection\":\"Irlanda en furgo\"},{\"@type\":\"BreadcrumbList\",\"@id\":\"https:\\\/\\\/www.notanoverlander.com\\\/index.php\\\/2019\\\/10\\\/17\\\/irlanda-en-furgo-dia-5-glendalough\\\/#breadcrumblist\",\"itemListElement\":[{\"@type\":\"ListItem\",\"@id\":\"https:\\\/\\\/www.notanoverlander.com#listItem\",\"position\":1,\"name\":\"Inicio\",\"item\":\"https:\\\/\\\/www.notanoverlander.com\",\"nextItem\":{\"@type\":\"ListItem\",\"@id\":\"https:\\\/\\\/www.notanoverlander.com\\\/index.php\\\/category\\\/viajes\\\/#listItem\",\"name\":\"Viajes\"}},{\"@type\":\"ListItem\",\"@id\":\"https:\\\/\\\/www.notanoverlander.com\\\/index.php\\\/category\\\/viajes\\\/#listItem\",\"position\":2,\"name\":\"Viajes\",\"item\":\"https:\\\/\\\/www.notanoverlander.com\\\/index.php\\\/category\\\/viajes\\\/\",\"nextItem\":{\"@type\":\"ListItem\",\"@id\":\"https:\\\/\\\/www.notanoverlander.com\\\/index.php\\\/category\\\/viajes\\\/irlanda-en-furgo\\\/#listItem\",\"name\":\"Irlanda en furgo\"},\"previousItem\":{\"@type\":\"ListItem\",\"@id\":\"https:\\\/\\\/www.notanoverlander.com#listItem\",\"name\":\"Inicio\"}},{\"@type\":\"ListItem\",\"@id\":\"https:\\\/\\\/www.notanoverlander.com\\\/index.php\\\/category\\\/viajes\\\/irlanda-en-furgo\\\/#listItem\",\"position\":3,\"name\":\"Irlanda en furgo\",\"item\":\"https:\\\/\\\/www.notanoverlander.com\\\/index.php\\\/category\\\/viajes\\\/irlanda-en-furgo\\\/\",\"nextItem\":{\"@type\":\"ListItem\",\"@id\":\"https:\\\/\\\/www.notanoverlander.com\\\/index.php\\\/2019\\\/10\\\/17\\\/irlanda-en-furgo-dia-5-glendalough\\\/#listItem\",\"name\":\"Irlanda en furgo, d\\u00eda 5: Glendalough\"},\"previousItem\":{\"@type\":\"ListItem\",\"@id\":\"https:\\\/\\\/www.notanoverlander.com\\\/index.php\\\/category\\\/viajes\\\/#listItem\",\"name\":\"Viajes\"}},{\"@type\":\"ListItem\",\"@id\":\"https:\\\/\\\/www.notanoverlander.com\\\/index.php\\\/2019\\\/10\\\/17\\\/irlanda-en-furgo-dia-5-glendalough\\\/#listItem\",\"position\":4,\"name\":\"Irlanda en furgo, d\\u00eda 5: Glendalough\",\"previousItem\":{\"@type\":\"ListItem\",\"@id\":\"https:\\\/\\\/www.notanoverlander.com\\\/index.php\\\/category\\\/viajes\\\/irlanda-en-furgo\\\/#listItem\",\"name\":\"Irlanda en furgo\"}}]},{\"@type\":\"Person\",\"@id\":\"https:\\\/\\\/www.notanoverlander.com\\\/#person\",\"name\":\"David\",\"image\":\"https:\\\/\\\/www.notanoverlander.com\\\/wp-content\\\/uploads\\\/2017\\\/05\\\/logoNAO.png\",\"sameAs\":[\"https:\\\/\\\/facebook.com\\\/NotanOverlander\",\"https:\\\/\\\/x.com\\\/NotanOverlander\",\"https:\\\/\\\/instagram.com\\\/NotanOverlander\",\"https:\\\/\\\/www.youtube.com\\\/channel\\\/UCvc1e5xDGI3ZbDNei9TnpDw\"]},{\"@type\":\"Person\",\"@id\":\"https:\\\/\\\/www.notanoverlander.com\\\/index.php\\\/author\\\/daviz\\\/#author\",\"url\":\"https:\\\/\\\/www.notanoverlander.com\\\/index.php\\\/author\\\/daviz\\\/\",\"name\":\"Daviz\",\"image\":{\"@type\":\"ImageObject\",\"@id\":\"https:\\\/\\\/www.notanoverlander.com\\\/index.php\\\/2019\\\/10\\\/17\\\/irlanda-en-furgo-dia-5-glendalough\\\/#authorImage\",\"url\":\"https:\\\/\\\/secure.gravatar.com\\\/avatar\\\/2c29c3b0163f4585d6a605f3db00c13569b8c4b2cc1b5476a605d3ac3be9982f?s=96&d=mm&r=g\",\"width\":96,\"height\":96,\"caption\":\"Daviz\"}},{\"@type\":\"WebPage\",\"@id\":\"https:\\\/\\\/www.notanoverlander.com\\\/index.php\\\/2019\\\/10\\\/17\\\/irlanda-en-furgo-dia-5-glendalough\\\/#webpage\",\"url\":\"https:\\\/\\\/www.notanoverlander.com\\\/index.php\\\/2019\\\/10\\\/17\\\/irlanda-en-furgo-dia-5-glendalough\\\/\",\"name\":\"Irlanda en furgo, d\\u00eda 5: Glendalough | NotAnOverlander\",\"inLanguage\":\"es-ES\",\"isPartOf\":{\"@id\":\"https:\\\/\\\/www.notanoverlander.com\\\/#website\"},\"breadcrumb\":{\"@id\":\"https:\\\/\\\/www.notanoverlander.com\\\/index.php\\\/2019\\\/10\\\/17\\\/irlanda-en-furgo-dia-5-glendalough\\\/#breadcrumblist\"},\"author\":{\"@id\":\"https:\\\/\\\/www.notanoverlander.com\\\/index.php\\\/author\\\/daviz\\\/#author\"},\"creator\":{\"@id\":\"https:\\\/\\\/www.notanoverlander.com\\\/index.php\\\/author\\\/daviz\\\/#author\"},\"image\":{\"@type\":\"ImageObject\",\"url\":\"https:\\\/\\\/i0.wp.com\\\/www.notanoverlander.com\\\/wp-content\\\/uploads\\\/2019\\\/10\\\/B091A841-4B44-4CBA-9814-5CF8FCA12731.jpeg?fit=3888%2C2592&ssl=1\",\"@id\":\"https:\\\/\\\/www.notanoverlander.com\\\/index.php\\\/2019\\\/10\\\/17\\\/irlanda-en-furgo-dia-5-glendalough\\\/#mainImage\",\"width\":3888,\"height\":2592},\"primaryImageOfPage\":{\"@id\":\"https:\\\/\\\/www.notanoverlander.com\\\/index.php\\\/2019\\\/10\\\/17\\\/irlanda-en-furgo-dia-5-glendalough\\\/#mainImage\"},\"datePublished\":\"2019-10-17T08:49:57+02:00\",\"dateModified\":\"2020-10-17T09:02:45+02:00\"},{\"@type\":\"WebSite\",\"@id\":\"https:\\\/\\\/www.notanoverlander.com\\\/#website\",\"url\":\"https:\\\/\\\/www.notanoverlander.com\\\/\",\"name\":\"{:es}NotAnOverlander{:}{:en}NotAnOverlander{:}\",\"description\":\"NotAnOverlander\",\"inLanguage\":\"es-ES\",\"publisher\":{\"@id\":\"https:\\\/\\\/www.notanoverlander.com\\\/#person\"}}]}\n\t\t<\/script>\n\t\t<!-- All in One SEO -->\n\n","aioseo_head_json":{"title":"Irlanda en furgo, d\u00eda 5: Glendalough | NotAnOverlander","description":"","canonical_url":"https:\/\/www.notanoverlander.com\/index.php\/2019\/10\/17\/irlanda-en-furgo-dia-5-glendalough\/","robots":"max-image-preview:large","keywords":"","webmasterTools":{"google-site-verification":"rgL4cG7lkS3Or5dFWhIEkt-UqRz-5d7tYVEOFvb7tF8","miscellaneous":""},"schema":{"@context":"https:\/\/schema.org","@graph":[{"@type":"Article","@id":"https:\/\/www.notanoverlander.com\/index.php\/2019\/10\/17\/irlanda-en-furgo-dia-5-glendalough\/#article","name":"Irlanda en furgo, d\u00eda 5: Glendalough | NotAnOverlander","headline":"Irlanda en furgo, d\u00eda 5: Glendalough","author":{"@id":"https:\/\/www.notanoverlander.com\/index.php\/author\/daviz\/#author"},"publisher":{"@id":"https:\/\/www.notanoverlander.com\/#person"},"image":{"@type":"ImageObject","url":"https:\/\/i0.wp.com\/www.notanoverlander.com\/wp-content\/uploads\/2019\/10\/B091A841-4B44-4CBA-9814-5CF8FCA12731.jpeg?fit=3888%2C2592&ssl=1","width":3888,"height":2592},"datePublished":"2019-10-17T08:49:57+02:00","dateModified":"2020-10-17T09:02:45+02:00","inLanguage":"es-ES","mainEntityOfPage":{"@id":"https:\/\/www.notanoverlander.com\/index.php\/2019\/10\/17\/irlanda-en-furgo-dia-5-glendalough\/#webpage"},"isPartOf":{"@id":"https:\/\/www.notanoverlander.com\/index.php\/2019\/10\/17\/irlanda-en-furgo-dia-5-glendalough\/#webpage"},"articleSection":"Irlanda en furgo"},{"@type":"BreadcrumbList","@id":"https:\/\/www.notanoverlander.com\/index.php\/2019\/10\/17\/irlanda-en-furgo-dia-5-glendalough\/#breadcrumblist","itemListElement":[{"@type":"ListItem","@id":"https:\/\/www.notanoverlander.com#listItem","position":1,"name":"Inicio","item":"https:\/\/www.notanoverlander.com","nextItem":{"@type":"ListItem","@id":"https:\/\/www.notanoverlander.com\/index.php\/category\/viajes\/#listItem","name":"Viajes"}},{"@type":"ListItem","@id":"https:\/\/www.notanoverlander.com\/index.php\/category\/viajes\/#listItem","position":2,"name":"Viajes","item":"https:\/\/www.notanoverlander.com\/index.php\/category\/viajes\/","nextItem":{"@type":"ListItem","@id":"https:\/\/www.notanoverlander.com\/index.php\/category\/viajes\/irlanda-en-furgo\/#listItem","name":"Irlanda en furgo"},"previousItem":{"@type":"ListItem","@id":"https:\/\/www.notanoverlander.com#listItem","name":"Inicio"}},{"@type":"ListItem","@id":"https:\/\/www.notanoverlander.com\/index.php\/category\/viajes\/irlanda-en-furgo\/#listItem","position":3,"name":"Irlanda en furgo","item":"https:\/\/www.notanoverlander.com\/index.php\/category\/viajes\/irlanda-en-furgo\/","nextItem":{"@type":"ListItem","@id":"https:\/\/www.notanoverlander.com\/index.php\/2019\/10\/17\/irlanda-en-furgo-dia-5-glendalough\/#listItem","name":"Irlanda en furgo, d\u00eda 5: Glendalough"},"previousItem":{"@type":"ListItem","@id":"https:\/\/www.notanoverlander.com\/index.php\/category\/viajes\/#listItem","name":"Viajes"}},{"@type":"ListItem","@id":"https:\/\/www.notanoverlander.com\/index.php\/2019\/10\/17\/irlanda-en-furgo-dia-5-glendalough\/#listItem","position":4,"name":"Irlanda en furgo, d\u00eda 5: Glendalough","previousItem":{"@type":"ListItem","@id":"https:\/\/www.notanoverlander.com\/index.php\/category\/viajes\/irlanda-en-furgo\/#listItem","name":"Irlanda en furgo"}}]},{"@type":"Person","@id":"https:\/\/www.notanoverlander.com\/#person","name":"David","image":"https:\/\/www.notanoverlander.com\/wp-content\/uploads\/2017\/05\/logoNAO.png","sameAs":["https:\/\/facebook.com\/NotanOverlander","https:\/\/x.com\/NotanOverlander","https:\/\/instagram.com\/NotanOverlander","https:\/\/www.youtube.com\/channel\/UCvc1e5xDGI3ZbDNei9TnpDw"]},{"@type":"Person","@id":"https:\/\/www.notanoverlander.com\/index.php\/author\/daviz\/#author","url":"https:\/\/www.notanoverlander.com\/index.php\/author\/daviz\/","name":"Daviz","image":{"@type":"ImageObject","@id":"https:\/\/www.notanoverlander.com\/index.php\/2019\/10\/17\/irlanda-en-furgo-dia-5-glendalough\/#authorImage","url":"https:\/\/secure.gravatar.com\/avatar\/2c29c3b0163f4585d6a605f3db00c13569b8c4b2cc1b5476a605d3ac3be9982f?s=96&d=mm&r=g","width":96,"height":96,"caption":"Daviz"}},{"@type":"WebPage","@id":"https:\/\/www.notanoverlander.com\/index.php\/2019\/10\/17\/irlanda-en-furgo-dia-5-glendalough\/#webpage","url":"https:\/\/www.notanoverlander.com\/index.php\/2019\/10\/17\/irlanda-en-furgo-dia-5-glendalough\/","name":"Irlanda en furgo, d\u00eda 5: Glendalough | NotAnOverlander","inLanguage":"es-ES","isPartOf":{"@id":"https:\/\/www.notanoverlander.com\/#website"},"breadcrumb":{"@id":"https:\/\/www.notanoverlander.com\/index.php\/2019\/10\/17\/irlanda-en-furgo-dia-5-glendalough\/#breadcrumblist"},"author":{"@id":"https:\/\/www.notanoverlander.com\/index.php\/author\/daviz\/#author"},"creator":{"@id":"https:\/\/www.notanoverlander.com\/index.php\/author\/daviz\/#author"},"image":{"@type":"ImageObject","url":"https:\/\/i0.wp.com\/www.notanoverlander.com\/wp-content\/uploads\/2019\/10\/B091A841-4B44-4CBA-9814-5CF8FCA12731.jpeg?fit=3888%2C2592&ssl=1","@id":"https:\/\/www.notanoverlander.com\/index.php\/2019\/10\/17\/irlanda-en-furgo-dia-5-glendalough\/#mainImage","width":3888,"height":2592},"primaryImageOfPage":{"@id":"https:\/\/www.notanoverlander.com\/index.php\/2019\/10\/17\/irlanda-en-furgo-dia-5-glendalough\/#mainImage"},"datePublished":"2019-10-17T08:49:57+02:00","dateModified":"2020-10-17T09:02:45+02:00"},{"@type":"WebSite","@id":"https:\/\/www.notanoverlander.com\/#website","url":"https:\/\/www.notanoverlander.com\/","name":"{:es}NotAnOverlander{:}{:en}NotAnOverlander{:}","description":"NotAnOverlander","inLanguage":"es-ES","publisher":{"@id":"https:\/\/www.notanoverlander.com\/#person"}}]}},"aioseo_meta_data":{"post_id":"2537","title":null,"description":null,"keywords":null,"keyphrases":null,"primary_term":null,"canonical_url":null,"og_title":null,"og_description":null,"og_object_type":"default","og_image_type":"default","og_image_url":null,"og_image_width":null,"og_image_height":null,"og_image_custom_url":null,"og_image_custom_fields":null,"og_video":null,"og_custom_url":null,"og_article_section":null,"og_article_tags":null,"twitter_use_og":false,"twitter_card":"default","twitter_image_type":"default","twitter_image_url":null,"twitter_image_custom_url":null,"twitter_image_custom_fields":null,"twitter_title":null,"twitter_description":null,"schema":{"blockGraphs":[],"customGraphs":[],"default":{"data":{"Article":[],"Course":[],"Dataset":[],"FAQPage":[],"Movie":[],"Person":[],"Product":[],"ProductReview":[],"Car":[],"Recipe":[],"Service":[],"SoftwareApplication":[],"WebPage":[]},"graphName":"","isEnabled":true},"graphs":[]},"schema_type":null,"schema_type_options":null,"pillar_content":false,"robots_default":true,"robots_noindex":false,"robots_noarchive":false,"robots_nosnippet":false,"robots_nofollow":false,"robots_noimageindex":false,"robots_noodp":false,"robots_notranslate":false,"robots_max_snippet":null,"robots_max_videopreview":null,"robots_max_imagepreview":"large","priority":null,"frequency":null,"local_seo":null,"breadcrumb_settings":null,"limit_modified_date":false,"ai":null,"created":"2020-12-22 08:45:25","updated":"2022-09-14 08:22:42","seo_analyzer_scan_date":null,"focus_keyword":null,"additional_keywords":null,"truseo_locale":null},"jetpack_publicize_connections":[],"jetpack_sharing_enabled":true,"jetpack_likes_enabled":true,"jetpack-related-posts":[],"jetpack_featured_media_url":"https:\/\/i0.wp.com\/www.notanoverlander.com\/wp-content\/uploads\/2019\/10\/B091A841-4B44-4CBA-9814-5CF8FCA12731.jpeg?fit=3888%2C2592&ssl=1","_links":{"self":[{"href":"https:\/\/www.notanoverlander.com\/index.php\/wp-json\/wp\/v2\/posts\/2537","targetHints":{"allow":["GET"]}}],"collection":[{"href":"https:\/\/www.notanoverlander.com\/index.php\/wp-json\/wp\/v2\/posts"}],"about":[{"href":"https:\/\/www.notanoverlander.com\/index.php\/wp-json\/wp\/v2\/types\/post"}],"author":[{"embeddable":true,"href":"https:\/\/www.notanoverlander.com\/index.php\/wp-json\/wp\/v2\/users\/1"}],"replies":[{"embeddable":true,"href":"https:\/\/www.notanoverlander.com\/index.php\/wp-json\/wp\/v2\/comments?post=2537"}],"version-history":[{"count":6,"href":"https:\/\/www.notanoverlander.com\/index.php\/wp-json\/wp\/v2\/posts\/2537\/revisions"}],"predecessor-version":[{"id":2744,"href":"https:\/\/www.notanoverlander.com\/index.php\/wp-json\/wp\/v2\/posts\/2537\/revisions\/2744"}],"wp:featuredmedia":[{"embeddable":true,"href":"https:\/\/www.notanoverlander.com\/index.php\/wp-json\/wp\/v2\/media\/2547"}],"wp:attachment":[{"href":"https:\/\/www.notanoverlander.com\/index.php\/wp-json\/wp\/v2\/media?parent=2537"}],"wp:term":[{"taxonomy":"category","embeddable":true,"href":"https:\/\/www.notanoverlander.com\/index.php\/wp-json\/wp\/v2\/categories?post=2537"},{"taxonomy":"post_tag","embeddable":true,"href":"https:\/\/www.notanoverlander.com\/index.php\/wp-json\/wp\/v2\/tags?post=2537"}],"curies":[{"name":"wp","href":"https:\/\/api.w.org\/{rel}","templated":true}]}}