{"id":2550,"date":"2019-10-18T09:51:11","date_gmt":"2019-10-18T07:51:11","guid":{"rendered":"https:\/\/www.notanoverlander.com\/?p=2550"},"modified":"2019-10-18T09:51:34","modified_gmt":"2019-10-18T07:51:34","slug":"irlanda-en-furgo-dia-6-dublin","status":"publish","type":"post","link":"https:\/\/www.notanoverlander.com\/index.php\/2019\/10\/18\/irlanda-en-furgo-dia-6-dublin\/","title":{"rendered":"Irlanda en furgo, d\u00eda 6: Dubl\u00edn"},"content":{"rendered":"\n<!-- Facebook Like Button v1.9.6 BEGIN [http:\/\/blog.bottomlessinc.com] -->\n<iframe src=\"http:\/\/www.facebook.com\/plugins\/like.php?href=https%3A%2F%2Fwww.notanoverlander.com%2Findex.php%2F2019%2F10%2F18%2Firlanda-en-furgo-dia-6-dublin%2F&amp;layout=standard&amp;show_faces=false&amp;width=450&amp;action=like&amp;colorscheme=light\" scrolling=\"no\" frameborder=\"0\" allowTransparency=\"true\" style=\"border:none; overflow:hidden; width:450px; height: 30px; align: left; margin: 2px 0px 2px 0px\"><\/iframe>\n<!-- Facebook Like Button END -->\n<div class=\"sf-social-icon-list\">\n<table border=\"0\" cellspacing=\"0\" cellpadding=\"\">\n<td style=\"padding: 1px\"><a href='https:\/\/www.twitter.com\/notanoverlander' target='parent'><img data-recalc-dims=\"1\" decoding=\"async\" src=\"https:\/\/i0.wp.com\/www.notanoverlander.com\/wp-content\/plugins\/free-social-media-icons\/assets\/icons\/Cute%20Icons\/Twitter.png?ssl=1\" class=\"sf-social-icon\" style=\"width: 32px; height: 32px; max-width: 32px\" \/><\/a><\/td>\n<\/table>\n<\/div>\n<p class=\"wp-block-paragraph\">&#8211; \u00abMe voy a bajar \u00bb &#8211; dije refiri\u00e9ndome al autob\u00fas tur\u00edstico -\u00bb cojo un taxi y voy al parking, el conductor dice que no llegamos antes del cierre del parking en 15 minutos\u00bb&#8230; apenas 10 minutos despu\u00e9s all\u00ed estaba yo, ante la puerta cerrada del parking d\u00f3nde tenemos nuestra furgoneta&#8230;<\/p>\n\n\n\n<p class=\"wp-block-paragraph\">Dubl\u00edn nos despertaba hoy con fr\u00edo y un cielo despejado. Nuestro plan para hoy era aparcar la furgoneta cerca de una de las paradas de uno de los autobuses tur\u00edsticos que incluye nuestro Dubl\u00edn pass y, desde ah\u00ed, empezar a visitar la ciudad.<\/p>\n\n\n\n<p class=\"wp-block-paragraph\">As\u00ed lo hicimos, pertrechados con chubasqueros y paraguas, ya que la previsi\u00f3n dec\u00eda que iba a llover, cumplimos nuestro objetivo y a eso de las diez y cuarto de la ma\u00f1ana est\u00e1bamos en la parada del autob\u00fas esperando a que llegase. Dejamos el coche en el parking del museo de arte moderno, que es amplio y al aire libre, as\u00ed no tenemos problemas con el techo de la furgoneta :).<\/p>\n\n\n\n<p class=\"wp-block-paragraph\">Nos bajamos en la parada 23, cerca de la destiler\u00eda Jameson y, aunque es un poco pronto para tomar whisky, vamos a, al menos, reservar un tour ya que recomiendan hacerlo con antelaci\u00f3n.<\/p>\n\n\n\n<p class=\"wp-block-paragraph\">Tenemos la suerte de cara, en media hora podemos entrar, preguntamos si tienen informaci\u00f3n en espa\u00f1ol y nos dicen que esperemos que puede que nos hagan el tour completo en espa\u00f1ol, si hay suerte. Y la hay, inmediatamente una chica viene a buscarnos y no dice que en 5 minutos empezamos. Hacemos el tour nosotros solos con todas las explicaciones en espa\u00f1ol, triunfo!<\/p>\n\n\n\n<p class=\"wp-block-paragraph\">Nos explican la historia de la destiler\u00eda, c\u00f3mo se fabrica el whisky y hacemos una cata del mismo. <\/p>\n\n\n\n<figure class=\"wp-block-image\"><img data-recalc-dims=\"1\" loading=\"lazy\" decoding=\"async\" width=\"2592\" height=\"3888\" src=\"https:\/\/i0.wp.com\/www.notanoverlander.com\/wp-content\/uploads\/2019\/10\/ed7e673faa55dcb0ed43a024f6e236d8.jpg?resize=2592%2C3888&#038;ssl=1\" alt=\"\" class=\"wp-image-2560\" srcset=\"https:\/\/i0.wp.com\/www.notanoverlander.com\/wp-content\/uploads\/2019\/10\/ed7e673faa55dcb0ed43a024f6e236d8.jpg?w=2592&amp;ssl=1 2592w, https:\/\/i0.wp.com\/www.notanoverlander.com\/wp-content\/uploads\/2019\/10\/ed7e673faa55dcb0ed43a024f6e236d8.jpg?resize=200%2C300&amp;ssl=1 200w, https:\/\/i0.wp.com\/www.notanoverlander.com\/wp-content\/uploads\/2019\/10\/ed7e673faa55dcb0ed43a024f6e236d8.jpg?resize=768%2C1152&amp;ssl=1 768w, https:\/\/i0.wp.com\/www.notanoverlander.com\/wp-content\/uploads\/2019\/10\/ed7e673faa55dcb0ed43a024f6e236d8.jpg?resize=1365%2C2048&amp;ssl=1 1365w, https:\/\/i0.wp.com\/www.notanoverlander.com\/wp-content\/uploads\/2019\/10\/ed7e673faa55dcb0ed43a024f6e236d8.jpg?w=2000&amp;ssl=1 2000w\" sizes=\"auto, (max-width: 1000px) 100vw, 1000px\" \/><\/figure>\n\n\n\n<p class=\"wp-block-paragraph\">En poco m\u00e1s de media hora salimos y nos tomamos en el bar la copa que est\u00e1 incluido en la entrada. <\/p>\n\n\n\n<p class=\"wp-block-paragraph\">Seguimos caminando, esta vez hacia la Christian church, que est\u00e1 cerrada por la ma\u00f1ana y seguimos hacia el Dubl\u00edn castle. <\/p>\n\n\n\n<figure class=\"wp-block-image\"><img data-recalc-dims=\"1\" loading=\"lazy\" decoding=\"async\" width=\"3888\" height=\"2592\" src=\"https:\/\/i0.wp.com\/www.notanoverlander.com\/wp-content\/uploads\/2019\/10\/5dbb4e578ded4c9957574a7c4e386c83.jpg?resize=3888%2C2592&#038;ssl=1\" alt=\"\" class=\"wp-image-2559\" srcset=\"https:\/\/i0.wp.com\/www.notanoverlander.com\/wp-content\/uploads\/2019\/10\/5dbb4e578ded4c9957574a7c4e386c83.jpg?w=3888&amp;ssl=1 3888w, https:\/\/i0.wp.com\/www.notanoverlander.com\/wp-content\/uploads\/2019\/10\/5dbb4e578ded4c9957574a7c4e386c83.jpg?resize=300%2C200&amp;ssl=1 300w, https:\/\/i0.wp.com\/www.notanoverlander.com\/wp-content\/uploads\/2019\/10\/5dbb4e578ded4c9957574a7c4e386c83.jpg?resize=768%2C512&amp;ssl=1 768w, https:\/\/i0.wp.com\/www.notanoverlander.com\/wp-content\/uploads\/2019\/10\/5dbb4e578ded4c9957574a7c4e386c83.jpg?resize=2048%2C1365&amp;ssl=1 2048w, https:\/\/i0.wp.com\/www.notanoverlander.com\/wp-content\/uploads\/2019\/10\/5dbb4e578ded4c9957574a7c4e386c83.jpg?resize=450%2C300&amp;ssl=1 450w, https:\/\/i0.wp.com\/www.notanoverlander.com\/wp-content\/uploads\/2019\/10\/5dbb4e578ded4c9957574a7c4e386c83.jpg?w=3000&amp;ssl=1 3000w\" sizes=\"auto, (max-width: 1000px) 100vw, 1000px\" \/><\/figure>\n\n\n\n<p class=\"wp-block-paragraph\">Dubl\u00edn, al menos en esta zona, es una ciudad de casas relativamente bajas, sin grandes edificios, quitando los destacados edificios hist\u00f3ricos. Caminamos alrededor del castillo, que en realidad no lo parece ya que han construido a su alrededor otros edificios, suponemos que destinados a las oficinas del ayuntamiento, adem\u00e1s de que la torre est\u00e1 en obras y tiene una parte andamiada.<\/p>\n\n\n\n<figure class=\"wp-block-image\"><img data-recalc-dims=\"1\" loading=\"lazy\" decoding=\"async\" width=\"3888\" height=\"2592\" src=\"https:\/\/i0.wp.com\/www.notanoverlander.com\/wp-content\/uploads\/2019\/10\/731ac0b61adc85390aa2e5db1d640450.jpg?resize=3888%2C2592&#038;ssl=1\" alt=\"\" class=\"wp-image-2561\" srcset=\"https:\/\/i0.wp.com\/www.notanoverlander.com\/wp-content\/uploads\/2019\/10\/731ac0b61adc85390aa2e5db1d640450.jpg?w=3888&amp;ssl=1 3888w, https:\/\/i0.wp.com\/www.notanoverlander.com\/wp-content\/uploads\/2019\/10\/731ac0b61adc85390aa2e5db1d640450.jpg?resize=300%2C200&amp;ssl=1 300w, https:\/\/i0.wp.com\/www.notanoverlander.com\/wp-content\/uploads\/2019\/10\/731ac0b61adc85390aa2e5db1d640450.jpg?resize=768%2C512&amp;ssl=1 768w, https:\/\/i0.wp.com\/www.notanoverlander.com\/wp-content\/uploads\/2019\/10\/731ac0b61adc85390aa2e5db1d640450.jpg?resize=2048%2C1365&amp;ssl=1 2048w, https:\/\/i0.wp.com\/www.notanoverlander.com\/wp-content\/uploads\/2019\/10\/731ac0b61adc85390aa2e5db1d640450.jpg?resize=450%2C300&amp;ssl=1 450w, https:\/\/i0.wp.com\/www.notanoverlander.com\/wp-content\/uploads\/2019\/10\/731ac0b61adc85390aa2e5db1d640450.jpg?w=3000&amp;ssl=1 3000w\" sizes=\"auto, (max-width: 1000px) 100vw, 1000px\" \/><\/figure>\n\n\n\n<p class=\"wp-block-paragraph\">Visitamos un peque\u00f1o parque detr\u00e1s del castillo muy bien cuidado y con varios monumentos en el.<\/p>\n\n\n\n<figure class=\"wp-block-image\"><img data-recalc-dims=\"1\" loading=\"lazy\" decoding=\"async\" width=\"3888\" height=\"2592\" src=\"https:\/\/i0.wp.com\/www.notanoverlander.com\/wp-content\/uploads\/2019\/10\/75fe007856088a766c2898bfe9242431.jpg?resize=3888%2C2592&#038;ssl=1\" alt=\"\" class=\"wp-image-2558\" srcset=\"https:\/\/i0.wp.com\/www.notanoverlander.com\/wp-content\/uploads\/2019\/10\/75fe007856088a766c2898bfe9242431.jpg?w=3888&amp;ssl=1 3888w, https:\/\/i0.wp.com\/www.notanoverlander.com\/wp-content\/uploads\/2019\/10\/75fe007856088a766c2898bfe9242431.jpg?resize=300%2C200&amp;ssl=1 300w, https:\/\/i0.wp.com\/www.notanoverlander.com\/wp-content\/uploads\/2019\/10\/75fe007856088a766c2898bfe9242431.jpg?resize=768%2C512&amp;ssl=1 768w, https:\/\/i0.wp.com\/www.notanoverlander.com\/wp-content\/uploads\/2019\/10\/75fe007856088a766c2898bfe9242431.jpg?resize=2048%2C1365&amp;ssl=1 2048w, https:\/\/i0.wp.com\/www.notanoverlander.com\/wp-content\/uploads\/2019\/10\/75fe007856088a766c2898bfe9242431.jpg?resize=450%2C300&amp;ssl=1 450w, https:\/\/i0.wp.com\/www.notanoverlander.com\/wp-content\/uploads\/2019\/10\/75fe007856088a766c2898bfe9242431.jpg?w=3000&amp;ssl=1 3000w\" sizes=\"auto, (max-width: 1000px) 100vw, 1000px\" \/><\/figure>\n\n\n\n<p class=\"wp-block-paragraph\">Cometemos el error de dirigirnos hacia la catedral de Saint Patrick. Y digo error, porque est\u00e1bamos empezando a estar hambrientos y deber\u00edamos haber ido hacia el Temple bar a comer. Cuando llegamos a la catedral, intentamos buscar un sitio donde comer y resulta misi\u00f3n imposible. <\/p>\n\n\n\n<p class=\"wp-block-paragraph\">Nos tomamos un caf\u00e9, para enga\u00f1ar al est\u00f3mago y visitamos la catedral.<\/p>\n\n\n\n<p class=\"wp-block-paragraph\">La entrada est\u00e1 incluida en el Dubl\u00edn pass, as\u00ed que no tenemos que pagar nada extra. Damos unas cuantas vueltas por el interior, reconozco no sentirme ya demasiado impresionado por las catedrales, a\u00fan reconociendo el m\u00e9rito arquitect\u00f3nico y la belleza de las vidrieras, cuadros, figuras y dem\u00e1s, no son algo que me apasione o impresione tanto.<\/p>\n\n\n\n<p class=\"wp-block-paragraph\">Quiz\u00e1s por el hambre, no disfruto demasiado de la visita, a pesar de estar donde estamos. Si hay algo que he aprendido con los a\u00f1os es que la impresi\u00f3n que te llevas de una ciudad o un monumento, depende mucho del estado de \u00e1nimo y nivel de cansancio que tengas cuando la visitas.<\/p>\n\n\n\n<p class=\"wp-block-paragraph\">Salimos de nuevo a la calle, caminamos de nuevo hacia la Christian church en busca de la zona del Temple bar, pero encontramos un restaurante antes y all\u00e1 que vamos.<\/p>\n\n\n\n<p class=\"wp-block-paragraph\">Comemos tranquilos, c\u00f3modos y con calma. Casi solos en el sitio y bien atendidos. Acabamos casi a las 17, as\u00ed que decidimos caminar para coger el bus tur\u00edstico otra vez y aprovechar que lo tenemos. El bus recorre varias calles durante un rato y nos deja en la parada 1, en la que tenemos que esperar hasta las 18. Esperamos dando un paseo por la zona m\u00e1s bulliciosa y concurrida de la ciudad.<\/p>\n\n\n\n<p class=\"wp-block-paragraph\">Tenemos que sacar el coche del parking antes de las 19 y vamos a usar el bus tur\u00edstico para transportanos.<\/p>\n\n\n\n<p class=\"wp-block-paragraph\">Nos subimos en \u00e9l y salimos puntuales, despu\u00e9s de unos 10 minutos segu\u00edamos estancados en una calle. El tr\u00e1fico es ca\u00f3tico y est\u00e1 completamente bloqueado. Mientras se va haciendo de noche y el fr\u00edo empieza a apretar, continuamos circulando muy lentamente entre el ca\u00f3tico tr\u00e1fico.<\/p>\n\n\n\n<p class=\"wp-block-paragraph\">Son las 18:40 ya y no tenemos claro que vayamos a llegar, le pregunto al conductor y me dice que no cree que lleguemos antes de las 19. Me recomienda coger un taxi e ir al parking directamente y eso hago. <\/p>\n\n\n\n<p class=\"wp-block-paragraph\">Salgo del bus dejando al resto del grupo solo y trato de coger un taxi. Un par de minutos despu\u00e9s consigo parar uno y me subo&#8230; A donde vamos? Por suerte a\u00fan tengo la app de los autobuses abierta y le digo al taxista donde quiero ir.<\/p>\n\n\n\n<p class=\"wp-block-paragraph\">En cinco minutos llegamos a la puerta, pago, bajo del taxi y las puertas del recinto est\u00e1n cerradas.<\/p>\n\n\n\n<p class=\"wp-block-paragraph\">Pregunto a unos chicos si saben si hay otra puerta y me dicen que creen que no. <\/p>\n\n\n\n<p class=\"wp-block-paragraph\">Y ahora? ?Todav\u00eda faltan cinco minutos para las 19, con lo que no deber\u00eda estar cerrado. Busco el tel\u00e9fono del sitio y en estas llega otro coche que se enfoca a la puerta y una chica se baja. Le pregunto si sabe c\u00f3mo entrar y me dice que si, que hay que llamar a un timbre. Ellas van tambi\u00e9n a sacar un coche, as\u00ed que me invitan a subir con ellas. Estamos salvados!<\/p>\n\n\n\n<p class=\"wp-block-paragraph\">Les doy mil gracias, salgo del parking, aparco d\u00f3nde puedo y espero al bus a que el resto del grupo llegue.<\/p>\n\n\n\n<p class=\"wp-block-paragraph\">Una vez liberado el estres y la tensi\u00f3n del momento, llegados al hotel, cenamos tranquilamente y comentamos c\u00f3mo ha ido el d\u00eda. <\/p>\n\n\n\n<p class=\"wp-block-paragraph\">Ma\u00f1ana \u00faltimo d\u00eda de visita, de nuevo por Dubl\u00edn.<\/p>\n\n\n\n<p class=\"wp-block-paragraph\"><\/p>\n","protected":false},"excerpt":{"rendered":"<p>&#8211; \u00abMe voy a bajar \u00bb &#8211; dije refiri\u00e9ndome al autob\u00fas tur\u00edstico -\u00bb cojo un taxi y voy al parking, el conductor dice que no llegamos antes del cierre del parking en 15 minutos\u00bb&#8230; apenas 10 minutos despu\u00e9s all\u00ed estaba yo, ante la puerta cerrada del parking d\u00f3nde tenemos nuestra furgoneta&#8230; Dubl\u00edn nos despertaba hoy [&hellip;]<\/p>\n","protected":false},"author":1,"featured_media":2559,"comment_status":"open","ping_status":"open","sticky":false,"template":"","format":"standard","meta":{"_jetpack_newsletter_access":"","_jetpack_dont_email_post_to_subs":false,"_jetpack_newsletter_tier_id":0,"_jetpack_memberships_contains_paywalled_content":false,"_jetpack_feature_clip_id":0,"_jetpack_memberships_contains_paid_content":false,"footnotes":"","jetpack_publicize_message":"","jetpack_publicize_feature_enabled":true,"jetpack_social_post_already_shared":true,"jetpack_social_options":{"image_generator_settings":{"template":"highway","default_image_id":0,"font":"","enabled":false},"version":2},"jetpack_post_was_ever_published":false},"categories":[47],"tags":[],"class_list":["post-2550","post","type-post","status-publish","format-standard","has-post-thumbnail","hentry","category-irlanda-en-furgo"],"translation":{"provider":"WPGlobus","version":"3.0.5","language":"es","enabled_languages":["es"],"languages":{"es":{"title":true,"content":true,"excerpt":false}}},"aioseo_notices":[],"aioseo_head":"\n\t\t<!-- All in One SEO 5.0.1.1 - aioseo.com -->\n\t<meta name=\"robots\" content=\"max-image-preview:large\" \/>\n\t<meta name=\"author\" content=\"Daviz\"\/>\n\t<meta name=\"google-site-verification\" content=\"rgL4cG7lkS3Or5dFWhIEkt-UqRz-5d7tYVEOFvb7tF8\" \/>\n\t<link rel=\"canonical\" href=\"https:\/\/www.notanoverlander.com\/index.php\/2019\/10\/18\/irlanda-en-furgo-dia-6-dublin\/\" \/>\n\t<meta name=\"generator\" content=\"All in One SEO (AIOSEO) 5.0.1.1\" \/>\n\t\t<script type=\"application\/ld+json\" class=\"aioseo-schema\">\n\t\t\t{\"@context\":\"https:\\\/\\\/schema.org\",\"@graph\":[{\"@type\":\"Article\",\"@id\":\"https:\\\/\\\/www.notanoverlander.com\\\/index.php\\\/2019\\\/10\\\/18\\\/irlanda-en-furgo-dia-6-dublin\\\/#article\",\"name\":\"Irlanda en furgo, d\\u00eda 6: Dubl\\u00edn | NotAnOverlander\",\"headline\":\"Irlanda en furgo, d\\u00eda 6: Dubl\\u00edn\",\"author\":{\"@id\":\"https:\\\/\\\/www.notanoverlander.com\\\/index.php\\\/author\\\/daviz\\\/#author\"},\"publisher\":{\"@id\":\"https:\\\/\\\/www.notanoverlander.com\\\/#person\"},\"image\":{\"@type\":\"ImageObject\",\"url\":\"https:\\\/\\\/i0.wp.com\\\/www.notanoverlander.com\\\/wp-content\\\/uploads\\\/2019\\\/10\\\/5dbb4e578ded4c9957574a7c4e386c83.jpg?fit=3888%2C2592&ssl=1\",\"width\":3888,\"height\":2592},\"datePublished\":\"2019-10-18T09:51:11+02:00\",\"dateModified\":\"2019-10-18T09:51:34+02:00\",\"inLanguage\":\"es-ES\",\"mainEntityOfPage\":{\"@id\":\"https:\\\/\\\/www.notanoverlander.com\\\/index.php\\\/2019\\\/10\\\/18\\\/irlanda-en-furgo-dia-6-dublin\\\/#webpage\"},\"isPartOf\":{\"@id\":\"https:\\\/\\\/www.notanoverlander.com\\\/index.php\\\/2019\\\/10\\\/18\\\/irlanda-en-furgo-dia-6-dublin\\\/#webpage\"},\"articleSection\":\"Irlanda en furgo\"},{\"@type\":\"BreadcrumbList\",\"@id\":\"https:\\\/\\\/www.notanoverlander.com\\\/index.php\\\/2019\\\/10\\\/18\\\/irlanda-en-furgo-dia-6-dublin\\\/#breadcrumblist\",\"itemListElement\":[{\"@type\":\"ListItem\",\"@id\":\"https:\\\/\\\/www.notanoverlander.com#listItem\",\"position\":1,\"name\":\"Inicio\",\"item\":\"https:\\\/\\\/www.notanoverlander.com\",\"nextItem\":{\"@type\":\"ListItem\",\"@id\":\"https:\\\/\\\/www.notanoverlander.com\\\/index.php\\\/category\\\/viajes\\\/#listItem\",\"name\":\"Viajes\"}},{\"@type\":\"ListItem\",\"@id\":\"https:\\\/\\\/www.notanoverlander.com\\\/index.php\\\/category\\\/viajes\\\/#listItem\",\"position\":2,\"name\":\"Viajes\",\"item\":\"https:\\\/\\\/www.notanoverlander.com\\\/index.php\\\/category\\\/viajes\\\/\",\"nextItem\":{\"@type\":\"ListItem\",\"@id\":\"https:\\\/\\\/www.notanoverlander.com\\\/index.php\\\/category\\\/viajes\\\/irlanda-en-furgo\\\/#listItem\",\"name\":\"Irlanda en furgo\"},\"previousItem\":{\"@type\":\"ListItem\",\"@id\":\"https:\\\/\\\/www.notanoverlander.com#listItem\",\"name\":\"Inicio\"}},{\"@type\":\"ListItem\",\"@id\":\"https:\\\/\\\/www.notanoverlander.com\\\/index.php\\\/category\\\/viajes\\\/irlanda-en-furgo\\\/#listItem\",\"position\":3,\"name\":\"Irlanda en furgo\",\"item\":\"https:\\\/\\\/www.notanoverlander.com\\\/index.php\\\/category\\\/viajes\\\/irlanda-en-furgo\\\/\",\"nextItem\":{\"@type\":\"ListItem\",\"@id\":\"https:\\\/\\\/www.notanoverlander.com\\\/index.php\\\/2019\\\/10\\\/18\\\/irlanda-en-furgo-dia-6-dublin\\\/#listItem\",\"name\":\"Irlanda en furgo, d\\u00eda 6: Dubl\\u00edn\"},\"previousItem\":{\"@type\":\"ListItem\",\"@id\":\"https:\\\/\\\/www.notanoverlander.com\\\/index.php\\\/category\\\/viajes\\\/#listItem\",\"name\":\"Viajes\"}},{\"@type\":\"ListItem\",\"@id\":\"https:\\\/\\\/www.notanoverlander.com\\\/index.php\\\/2019\\\/10\\\/18\\\/irlanda-en-furgo-dia-6-dublin\\\/#listItem\",\"position\":4,\"name\":\"Irlanda en furgo, d\\u00eda 6: Dubl\\u00edn\",\"previousItem\":{\"@type\":\"ListItem\",\"@id\":\"https:\\\/\\\/www.notanoverlander.com\\\/index.php\\\/category\\\/viajes\\\/irlanda-en-furgo\\\/#listItem\",\"name\":\"Irlanda en furgo\"}}]},{\"@type\":\"Person\",\"@id\":\"https:\\\/\\\/www.notanoverlander.com\\\/#person\",\"name\":\"David\",\"image\":\"https:\\\/\\\/www.notanoverlander.com\\\/wp-content\\\/uploads\\\/2017\\\/05\\\/logoNAO.png\",\"sameAs\":[\"https:\\\/\\\/facebook.com\\\/NotanOverlander\",\"https:\\\/\\\/x.com\\\/NotanOverlander\",\"https:\\\/\\\/instagram.com\\\/NotanOverlander\",\"https:\\\/\\\/www.youtube.com\\\/channel\\\/UCvc1e5xDGI3ZbDNei9TnpDw\"]},{\"@type\":\"Person\",\"@id\":\"https:\\\/\\\/www.notanoverlander.com\\\/index.php\\\/author\\\/daviz\\\/#author\",\"url\":\"https:\\\/\\\/www.notanoverlander.com\\\/index.php\\\/author\\\/daviz\\\/\",\"name\":\"Daviz\",\"image\":{\"@type\":\"ImageObject\",\"@id\":\"https:\\\/\\\/www.notanoverlander.com\\\/index.php\\\/2019\\\/10\\\/18\\\/irlanda-en-furgo-dia-6-dublin\\\/#authorImage\",\"url\":\"https:\\\/\\\/secure.gravatar.com\\\/avatar\\\/2c29c3b0163f4585d6a605f3db00c13569b8c4b2cc1b5476a605d3ac3be9982f?s=96&d=mm&r=g\",\"width\":96,\"height\":96,\"caption\":\"Daviz\"}},{\"@type\":\"WebPage\",\"@id\":\"https:\\\/\\\/www.notanoverlander.com\\\/index.php\\\/2019\\\/10\\\/18\\\/irlanda-en-furgo-dia-6-dublin\\\/#webpage\",\"url\":\"https:\\\/\\\/www.notanoverlander.com\\\/index.php\\\/2019\\\/10\\\/18\\\/irlanda-en-furgo-dia-6-dublin\\\/\",\"name\":\"Irlanda en furgo, d\\u00eda 6: Dubl\\u00edn | NotAnOverlander\",\"inLanguage\":\"es-ES\",\"isPartOf\":{\"@id\":\"https:\\\/\\\/www.notanoverlander.com\\\/#website\"},\"breadcrumb\":{\"@id\":\"https:\\\/\\\/www.notanoverlander.com\\\/index.php\\\/2019\\\/10\\\/18\\\/irlanda-en-furgo-dia-6-dublin\\\/#breadcrumblist\"},\"author\":{\"@id\":\"https:\\\/\\\/www.notanoverlander.com\\\/index.php\\\/author\\\/daviz\\\/#author\"},\"creator\":{\"@id\":\"https:\\\/\\\/www.notanoverlander.com\\\/index.php\\\/author\\\/daviz\\\/#author\"},\"image\":{\"@type\":\"ImageObject\",\"url\":\"https:\\\/\\\/i0.wp.com\\\/www.notanoverlander.com\\\/wp-content\\\/uploads\\\/2019\\\/10\\\/5dbb4e578ded4c9957574a7c4e386c83.jpg?fit=3888%2C2592&ssl=1\",\"@id\":\"https:\\\/\\\/www.notanoverlander.com\\\/index.php\\\/2019\\\/10\\\/18\\\/irlanda-en-furgo-dia-6-dublin\\\/#mainImage\",\"width\":3888,\"height\":2592},\"primaryImageOfPage\":{\"@id\":\"https:\\\/\\\/www.notanoverlander.com\\\/index.php\\\/2019\\\/10\\\/18\\\/irlanda-en-furgo-dia-6-dublin\\\/#mainImage\"},\"datePublished\":\"2019-10-18T09:51:11+02:00\",\"dateModified\":\"2019-10-18T09:51:34+02:00\"},{\"@type\":\"WebSite\",\"@id\":\"https:\\\/\\\/www.notanoverlander.com\\\/#website\",\"url\":\"https:\\\/\\\/www.notanoverlander.com\\\/\",\"name\":\"{:es}NotAnOverlander{:}{:en}NotAnOverlander{:}\",\"description\":\"NotAnOverlander\",\"inLanguage\":\"es-ES\",\"publisher\":{\"@id\":\"https:\\\/\\\/www.notanoverlander.com\\\/#person\"}}]}\n\t\t<\/script>\n\t\t<!-- All in One SEO -->\n\n","aioseo_head_json":{"title":"Irlanda en furgo, d\u00eda 6: Dubl\u00edn | NotAnOverlander","description":"","canonical_url":"https:\/\/www.notanoverlander.com\/index.php\/2019\/10\/18\/irlanda-en-furgo-dia-6-dublin\/","robots":"max-image-preview:large","keywords":"","webmasterTools":{"google-site-verification":"rgL4cG7lkS3Or5dFWhIEkt-UqRz-5d7tYVEOFvb7tF8","miscellaneous":""},"schema":{"@context":"https:\/\/schema.org","@graph":[{"@type":"Article","@id":"https:\/\/www.notanoverlander.com\/index.php\/2019\/10\/18\/irlanda-en-furgo-dia-6-dublin\/#article","name":"Irlanda en furgo, d\u00eda 6: Dubl\u00edn | NotAnOverlander","headline":"Irlanda en furgo, d\u00eda 6: Dubl\u00edn","author":{"@id":"https:\/\/www.notanoverlander.com\/index.php\/author\/daviz\/#author"},"publisher":{"@id":"https:\/\/www.notanoverlander.com\/#person"},"image":{"@type":"ImageObject","url":"https:\/\/i0.wp.com\/www.notanoverlander.com\/wp-content\/uploads\/2019\/10\/5dbb4e578ded4c9957574a7c4e386c83.jpg?fit=3888%2C2592&ssl=1","width":3888,"height":2592},"datePublished":"2019-10-18T09:51:11+02:00","dateModified":"2019-10-18T09:51:34+02:00","inLanguage":"es-ES","mainEntityOfPage":{"@id":"https:\/\/www.notanoverlander.com\/index.php\/2019\/10\/18\/irlanda-en-furgo-dia-6-dublin\/#webpage"},"isPartOf":{"@id":"https:\/\/www.notanoverlander.com\/index.php\/2019\/10\/18\/irlanda-en-furgo-dia-6-dublin\/#webpage"},"articleSection":"Irlanda en furgo"},{"@type":"BreadcrumbList","@id":"https:\/\/www.notanoverlander.com\/index.php\/2019\/10\/18\/irlanda-en-furgo-dia-6-dublin\/#breadcrumblist","itemListElement":[{"@type":"ListItem","@id":"https:\/\/www.notanoverlander.com#listItem","position":1,"name":"Inicio","item":"https:\/\/www.notanoverlander.com","nextItem":{"@type":"ListItem","@id":"https:\/\/www.notanoverlander.com\/index.php\/category\/viajes\/#listItem","name":"Viajes"}},{"@type":"ListItem","@id":"https:\/\/www.notanoverlander.com\/index.php\/category\/viajes\/#listItem","position":2,"name":"Viajes","item":"https:\/\/www.notanoverlander.com\/index.php\/category\/viajes\/","nextItem":{"@type":"ListItem","@id":"https:\/\/www.notanoverlander.com\/index.php\/category\/viajes\/irlanda-en-furgo\/#listItem","name":"Irlanda en furgo"},"previousItem":{"@type":"ListItem","@id":"https:\/\/www.notanoverlander.com#listItem","name":"Inicio"}},{"@type":"ListItem","@id":"https:\/\/www.notanoverlander.com\/index.php\/category\/viajes\/irlanda-en-furgo\/#listItem","position":3,"name":"Irlanda en furgo","item":"https:\/\/www.notanoverlander.com\/index.php\/category\/viajes\/irlanda-en-furgo\/","nextItem":{"@type":"ListItem","@id":"https:\/\/www.notanoverlander.com\/index.php\/2019\/10\/18\/irlanda-en-furgo-dia-6-dublin\/#listItem","name":"Irlanda en furgo, d\u00eda 6: Dubl\u00edn"},"previousItem":{"@type":"ListItem","@id":"https:\/\/www.notanoverlander.com\/index.php\/category\/viajes\/#listItem","name":"Viajes"}},{"@type":"ListItem","@id":"https:\/\/www.notanoverlander.com\/index.php\/2019\/10\/18\/irlanda-en-furgo-dia-6-dublin\/#listItem","position":4,"name":"Irlanda en furgo, d\u00eda 6: Dubl\u00edn","previousItem":{"@type":"ListItem","@id":"https:\/\/www.notanoverlander.com\/index.php\/category\/viajes\/irlanda-en-furgo\/#listItem","name":"Irlanda en furgo"}}]},{"@type":"Person","@id":"https:\/\/www.notanoverlander.com\/#person","name":"David","image":"https:\/\/www.notanoverlander.com\/wp-content\/uploads\/2017\/05\/logoNAO.png","sameAs":["https:\/\/facebook.com\/NotanOverlander","https:\/\/x.com\/NotanOverlander","https:\/\/instagram.com\/NotanOverlander","https:\/\/www.youtube.com\/channel\/UCvc1e5xDGI3ZbDNei9TnpDw"]},{"@type":"Person","@id":"https:\/\/www.notanoverlander.com\/index.php\/author\/daviz\/#author","url":"https:\/\/www.notanoverlander.com\/index.php\/author\/daviz\/","name":"Daviz","image":{"@type":"ImageObject","@id":"https:\/\/www.notanoverlander.com\/index.php\/2019\/10\/18\/irlanda-en-furgo-dia-6-dublin\/#authorImage","url":"https:\/\/secure.gravatar.com\/avatar\/2c29c3b0163f4585d6a605f3db00c13569b8c4b2cc1b5476a605d3ac3be9982f?s=96&d=mm&r=g","width":96,"height":96,"caption":"Daviz"}},{"@type":"WebPage","@id":"https:\/\/www.notanoverlander.com\/index.php\/2019\/10\/18\/irlanda-en-furgo-dia-6-dublin\/#webpage","url":"https:\/\/www.notanoverlander.com\/index.php\/2019\/10\/18\/irlanda-en-furgo-dia-6-dublin\/","name":"Irlanda en furgo, d\u00eda 6: Dubl\u00edn | NotAnOverlander","inLanguage":"es-ES","isPartOf":{"@id":"https:\/\/www.notanoverlander.com\/#website"},"breadcrumb":{"@id":"https:\/\/www.notanoverlander.com\/index.php\/2019\/10\/18\/irlanda-en-furgo-dia-6-dublin\/#breadcrumblist"},"author":{"@id":"https:\/\/www.notanoverlander.com\/index.php\/author\/daviz\/#author"},"creator":{"@id":"https:\/\/www.notanoverlander.com\/index.php\/author\/daviz\/#author"},"image":{"@type":"ImageObject","url":"https:\/\/i0.wp.com\/www.notanoverlander.com\/wp-content\/uploads\/2019\/10\/5dbb4e578ded4c9957574a7c4e386c83.jpg?fit=3888%2C2592&ssl=1","@id":"https:\/\/www.notanoverlander.com\/index.php\/2019\/10\/18\/irlanda-en-furgo-dia-6-dublin\/#mainImage","width":3888,"height":2592},"primaryImageOfPage":{"@id":"https:\/\/www.notanoverlander.com\/index.php\/2019\/10\/18\/irlanda-en-furgo-dia-6-dublin\/#mainImage"},"datePublished":"2019-10-18T09:51:11+02:00","dateModified":"2019-10-18T09:51:34+02:00"},{"@type":"WebSite","@id":"https:\/\/www.notanoverlander.com\/#website","url":"https:\/\/www.notanoverlander.com\/","name":"{:es}NotAnOverlander{:}{:en}NotAnOverlander{:}","description":"NotAnOverlander","inLanguage":"es-ES","publisher":{"@id":"https:\/\/www.notanoverlander.com\/#person"}}]}},"aioseo_meta_data":{"post_id":"2550","title":null,"description":null,"keywords":null,"keyphrases":null,"primary_term":null,"canonical_url":null,"og_title":null,"og_description":null,"og_object_type":"default","og_image_type":"default","og_image_url":null,"og_image_width":null,"og_image_height":null,"og_image_custom_url":null,"og_image_custom_fields":null,"og_video":null,"og_custom_url":null,"og_article_section":null,"og_article_tags":null,"twitter_use_og":false,"twitter_card":"default","twitter_image_type":"default","twitter_image_url":null,"twitter_image_custom_url":null,"twitter_image_custom_fields":null,"twitter_title":null,"twitter_description":null,"schema":{"blockGraphs":[],"customGraphs":[],"default":{"data":{"Article":[],"Course":[],"Dataset":[],"FAQPage":[],"Movie":[],"Person":[],"Product":[],"ProductReview":[],"Car":[],"Recipe":[],"Service":[],"SoftwareApplication":[],"WebPage":[]},"graphName":"","isEnabled":true},"graphs":[]},"schema_type":null,"schema_type_options":null,"pillar_content":false,"robots_default":true,"robots_noindex":false,"robots_noarchive":false,"robots_nosnippet":false,"robots_nofollow":false,"robots_noimageindex":false,"robots_noodp":false,"robots_notranslate":false,"robots_max_snippet":null,"robots_max_videopreview":null,"robots_max_imagepreview":"large","priority":null,"frequency":null,"local_seo":null,"breadcrumb_settings":null,"limit_modified_date":false,"ai":null,"created":"2020-12-22 08:45:25","updated":"2022-09-19 00:03:33","seo_analyzer_scan_date":null,"focus_keyword":null,"additional_keywords":null,"truseo_locale":null},"jetpack_publicize_connections":[],"jetpack_sharing_enabled":true,"jetpack_likes_enabled":true,"jetpack-related-posts":[],"jetpack_featured_media_url":"https:\/\/i0.wp.com\/www.notanoverlander.com\/wp-content\/uploads\/2019\/10\/5dbb4e578ded4c9957574a7c4e386c83.jpg?fit=3888%2C2592&ssl=1","_links":{"self":[{"href":"https:\/\/www.notanoverlander.com\/index.php\/wp-json\/wp\/v2\/posts\/2550","targetHints":{"allow":["GET"]}}],"collection":[{"href":"https:\/\/www.notanoverlander.com\/index.php\/wp-json\/wp\/v2\/posts"}],"about":[{"href":"https:\/\/www.notanoverlander.com\/index.php\/wp-json\/wp\/v2\/types\/post"}],"author":[{"embeddable":true,"href":"https:\/\/www.notanoverlander.com\/index.php\/wp-json\/wp\/v2\/users\/1"}],"replies":[{"embeddable":true,"href":"https:\/\/www.notanoverlander.com\/index.php\/wp-json\/wp\/v2\/comments?post=2550"}],"version-history":[{"count":6,"href":"https:\/\/www.notanoverlander.com\/index.php\/wp-json\/wp\/v2\/posts\/2550\/revisions"}],"predecessor-version":[{"id":2562,"href":"https:\/\/www.notanoverlander.com\/index.php\/wp-json\/wp\/v2\/posts\/2550\/revisions\/2562"}],"wp:featuredmedia":[{"embeddable":true,"href":"https:\/\/www.notanoverlander.com\/index.php\/wp-json\/wp\/v2\/media\/2559"}],"wp:attachment":[{"href":"https:\/\/www.notanoverlander.com\/index.php\/wp-json\/wp\/v2\/media?parent=2550"}],"wp:term":[{"taxonomy":"category","embeddable":true,"href":"https:\/\/www.notanoverlander.com\/index.php\/wp-json\/wp\/v2\/categories?post=2550"},{"taxonomy":"post_tag","embeddable":true,"href":"https:\/\/www.notanoverlander.com\/index.php\/wp-json\/wp\/v2\/tags?post=2550"}],"curies":[{"name":"wp","href":"https:\/\/api.w.org\/{rel}","templated":true}]}}