{"id":73,"date":"2016-07-22T12:10:04","date_gmt":"2016-07-22T12:10:04","guid":{"rendered":"https:\/\/notanoverlander.wordpress.com\/?p=73"},"modified":"2017-02-14T19:51:15","modified_gmt":"2017-02-14T19:51:15","slug":"de-viaje","status":"publish","type":"post","link":"https:\/\/www.notanoverlander.com\/index.php\/2016\/07\/22\/de-viaje\/","title":{"rendered":"De viaje!"},"content":{"rendered":"\n<!-- Facebook Like Button v1.9.6 BEGIN [http:\/\/blog.bottomlessinc.com] -->\n<iframe src=\"http:\/\/www.facebook.com\/plugins\/like.php?href=https%3A%2F%2Fwww.notanoverlander.com%2Findex.php%2F2016%2F07%2F22%2Fde-viaje%2F&amp;layout=standard&amp;show_faces=false&amp;width=450&amp;action=like&amp;colorscheme=light\" scrolling=\"no\" frameborder=\"0\" allowTransparency=\"true\" style=\"border:none; overflow:hidden; width:450px; height: 30px; align: left; margin: 2px 0px 2px 0px\"><\/iframe>\n<!-- Facebook Like Button END -->\n<div class=\"sf-social-icon-list\">\n<table border=\"0\" cellspacing=\"0\" cellpadding=\"\">\n<td style=\"padding: 1px\"><a href='https:\/\/www.twitter.com\/notanoverlander' target='parent'><img data-recalc-dims=\"1\" decoding=\"async\" src=\"https:\/\/i0.wp.com\/www.notanoverlander.com\/wp-content\/plugins\/free-social-media-icons\/assets\/icons\/Cute%20Icons\/Twitter.png?ssl=1\" class=\"sf-social-icon\" style=\"width: 32px; height: 32px; max-width: 32px\" \/><\/a><\/td>\n<\/table>\n<\/div><p>Aprovechamos la fiesta belga del 21 de julio y preparamos la maleta. El destino: La Haya en Holanda. Una de las cosas buenas de vivir en el centro de Europa es que en un radio de una hora y media de viaje, tienes multitud de ciudades y zonas distintas que visitar.<\/p>\n<p>Pero vamos al viaje, con el hotel reservado en el centro de la ciudad, salimos rumbo al pais vecino. A pesar de salir en moto y de que la ruta, intentaba evitar autopistas, no es facil escaparse de las rectas en el centro del continente, asi que nos centramos mas en disfrutar del paisaje que en buscar curvas.<\/p>\n<p><img loading=\"lazy\" decoding=\"async\" class=\"aligncentrado size-full wp-image-72\" title=\"Ruta\" src=\"http:\/\/i0.wp.com\/notanoverlander.files.wordpress.com\/2016\/07\/screenshot_2016-07-22-10-13-59.png?w=704\" alt=\"\" width=\"370\" height=\"658\" srcset=\"https:\/\/i0.wp.com\/www.notanoverlander.com\/wp-content\/uploads\/2016\/07\/screenshot_2016-07-22-10-13-59.png?w=720&amp;ssl=1 720w, https:\/\/i0.wp.com\/www.notanoverlander.com\/wp-content\/uploads\/2016\/07\/screenshot_2016-07-22-10-13-59.png?resize=169%2C300&amp;ssl=1 169w, https:\/\/i0.wp.com\/www.notanoverlander.com\/wp-content\/uploads\/2016\/07\/screenshot_2016-07-22-10-13-59.png?resize=576%2C1024&amp;ssl=1 576w\" sizes=\"auto, (max-width: 370px) 100vw, 370px\" \/><\/p>\n<p>Calor y humedad, dado que cada vez estabamos m\u00e1s \u00a0cerca del mar, hasta el punto de pasar por debajo de \u00e9l por un t\u00fanel. T\u00fanel que era de peaje y que parecia la unica manera de poder comenzar nuestra ruta por la costa m\u00e1s occidental \u00a0de Holanda. Curiosa y l\u00f3gicamente las motos pagamos la mitad que los coches (2,5\u20ac).<\/p>\n<p>Despues de unos cuantos kil\u00f3metros de rectas y alguna obra que nos desviaba de nuestro destino, al fin pasamos por los puentes y playas que estabamos buscando<a href=\"https:\/\/youtu.be\/CDWbyG7Qf-o\"> (aqu\u00ed un v\u00eddeo)<\/a>. Bonito paisaje desde la carretera que pasa a ratos por encima del mar y bordeando la costa.<\/p>\n<p>Volvemos tierra a dentro para completar nuestro \u00faltimo tramo, rodeando Roterdam y llegando a la Haya pasadas las tres de la tarde.<\/p>\n<p>Checking en el hotel, maletas a la habitaci\u00f3n y moto al Parking. Un poco caro, 30 \u20ac al d\u00eda, pero viendo la zona, seguro que compensa.<\/p>\n<p>Ropa corta, por fin!! Y a dar un paseo a ver donde estamos. Un peque\u00f1o paseo hacia el centro y ya tenemos claro que la locura de las bicis va a darnos m\u00e1s de un dolor de cabeza.<\/p>\n<p><img loading=\"lazy\" decoding=\"async\" class=\"aligncentrado size-full wp-image-84\" title=\"\" src=\"http:\/\/i0.wp.com\/notanoverlander.files.wordpress.com\/2016\/07\/img_7143.jpg?w=704\" alt=\"\" width=\"380\" height=\"570\" srcset=\"https:\/\/i0.wp.com\/www.notanoverlander.com\/wp-content\/uploads\/2016\/07\/img_7143.jpg?w=2056&amp;ssl=1 2056w, https:\/\/i0.wp.com\/www.notanoverlander.com\/wp-content\/uploads\/2016\/07\/img_7143.jpg?resize=200%2C300&amp;ssl=1 200w, https:\/\/i0.wp.com\/www.notanoverlander.com\/wp-content\/uploads\/2016\/07\/img_7143.jpg?resize=768%2C1153&amp;ssl=1 768w, https:\/\/i0.wp.com\/www.notanoverlander.com\/wp-content\/uploads\/2016\/07\/img_7143.jpg?resize=682%2C1024&amp;ssl=1 682w, https:\/\/i0.wp.com\/www.notanoverlander.com\/wp-content\/uploads\/2016\/07\/img_7143.jpg?resize=1200%2C1802&amp;ssl=1 1200w, https:\/\/i0.wp.com\/www.notanoverlander.com\/wp-content\/uploads\/2016\/07\/img_7143.jpg?w=2000&amp;ssl=1 2000w\" sizes=\"auto, (max-width: 380px) 100vw, 380px\" \/><\/p>\n<p>Son las seis de la tarde y ya tenemos hambre, desde las 12 de la ma\u00f1ana que comimos en un KFC que encontramos cuando est\u00e1bamos fam\u00e9licos en mitad de la ruta. Nos sentamos en un restaurante, en la terraza, en una zona relativamente tranquila y pedimos comida y ca\u00f1ita. En ese momento nos dimos cuenta de lo divertido que es observar el tr\u00e1fico de bicis y scooters por la calle. Si hay algo caracter\u00edstico del centro de Europa es la cantidad de gente de todo tipo que te encuentras y como, la mayor\u00eda se adapta a las costumbres locales. Lo que aqu\u00ed quiere decir, usar la bici como medio de transporte.<\/p>\n<p><img loading=\"lazy\" decoding=\"async\" class=\"aligncentrado size-full wp-image-83\" title=\"\" src=\"http:\/\/i0.wp.com\/notanoverlander.files.wordpress.com\/2016\/07\/img_7139.jpg?w=704\" alt=\"\" width=\"430\" height=\"645\" srcset=\"https:\/\/i0.wp.com\/www.notanoverlander.com\/wp-content\/uploads\/2016\/07\/img_7139.jpg?w=2056&amp;ssl=1 2056w, https:\/\/i0.wp.com\/www.notanoverlander.com\/wp-content\/uploads\/2016\/07\/img_7139.jpg?resize=200%2C300&amp;ssl=1 200w, https:\/\/i0.wp.com\/www.notanoverlander.com\/wp-content\/uploads\/2016\/07\/img_7139.jpg?resize=768%2C1153&amp;ssl=1 768w, https:\/\/i0.wp.com\/www.notanoverlander.com\/wp-content\/uploads\/2016\/07\/img_7139.jpg?resize=682%2C1024&amp;ssl=1 682w, https:\/\/i0.wp.com\/www.notanoverlander.com\/wp-content\/uploads\/2016\/07\/img_7139.jpg?resize=1200%2C1802&amp;ssl=1 1200w, https:\/\/i0.wp.com\/www.notanoverlander.com\/wp-content\/uploads\/2016\/07\/img_7139.jpg?w=2000&amp;ssl=1 2000w\" sizes=\"auto, (max-width: 430px) 100vw, 430px\" \/><\/p>\n<p>Pasaron los minutos y casi las horas y el estr\u00e9s y las prisas volaron, mientras disfrut\u00e1bamos del peculiar lugar y, por qu\u00e9 no decirlo, del particular ir y venir contin\u00fao de gente, bicis, motos y tranvias.<\/p>\n<p><img loading=\"lazy\" decoding=\"async\" class=\"aligncentrado size-full wp-image-85\" title=\"\" src=\"http:\/\/i0.wp.com\/notanoverlander.files.wordpress.com\/2016\/07\/img_7144.jpg?w=704\" alt=\"\" width=\"430\" height=\"645\" srcset=\"https:\/\/i0.wp.com\/www.notanoverlander.com\/wp-content\/uploads\/2016\/07\/img_7144.jpg?w=2056&amp;ssl=1 2056w, https:\/\/i0.wp.com\/www.notanoverlander.com\/wp-content\/uploads\/2016\/07\/img_7144.jpg?resize=200%2C300&amp;ssl=1 200w, https:\/\/i0.wp.com\/www.notanoverlander.com\/wp-content\/uploads\/2016\/07\/img_7144.jpg?resize=768%2C1153&amp;ssl=1 768w, https:\/\/i0.wp.com\/www.notanoverlander.com\/wp-content\/uploads\/2016\/07\/img_7144.jpg?resize=682%2C1024&amp;ssl=1 682w, https:\/\/i0.wp.com\/www.notanoverlander.com\/wp-content\/uploads\/2016\/07\/img_7144.jpg?resize=1200%2C1802&amp;ssl=1 1200w, https:\/\/i0.wp.com\/www.notanoverlander.com\/wp-content\/uploads\/2016\/07\/img_7144.jpg?w=2000&amp;ssl=1 2000w\" sizes=\"auto, (max-width: 430px) 100vw, 430px\" \/><\/p>\n<p>De vuelta al hotel, planificar d\u00eda siguiente, copita en el bar del mismo y a dormir que ma\u00f1ana se preve\u00eda d\u00eda largo.<\/p>\n","protected":false},"excerpt":{"rendered":"<p>Aprovechamos la fiesta belga del 21 de julio y preparamos la maleta. El destino: La Haya en Holanda. Una de las cosas buenas de vivir en el centro de Europa es que en un radio de una hora y media de viaje, tienes multitud de ciudades y zonas distintas que visitar. Pero vamos al viaje, [&hellip;]<\/p>\n","protected":false},"author":1,"featured_media":0,"comment_status":"open","ping_status":"open","sticky":false,"template":"","format":"standard","meta":{"_jetpack_newsletter_access":"","_jetpack_dont_email_post_to_subs":true,"_jetpack_newsletter_tier_id":0,"_jetpack_memberships_contains_paywalled_content":false,"_jetpack_feature_clip_id":0,"_jetpack_memberships_contains_paid_content":false,"footnotes":"","jetpack_publicize_message":"","jetpack_publicize_feature_enabled":true,"jetpack_social_post_already_shared":false,"jetpack_social_options":{"image_generator_settings":{"template":"highway","default_image_id":0,"font":"","enabled":false},"version":2},"jetpack_post_was_ever_published":false},"categories":[21,6],"tags":[7,9,10,11],"class_list":["post-73","post","type-post","status-publish","format-standard","hentry","category-la-haya-y-la-costa-holandesa","category-viajes","tag-holanda","tag-la-haya","tag-moto","tag-viajes"],"translation":{"provider":"WPGlobus","version":"3.0.5","language":"es","enabled_languages":["es"],"languages":{"es":{"title":true,"content":true,"excerpt":false}}},"aioseo_notices":[],"aioseo_head":"\n\t\t<!-- All in One SEO 5.0.1.1 - aioseo.com -->\n\t<meta name=\"robots\" content=\"max-image-preview:large\" \/>\n\t<meta name=\"author\" content=\"Daviz\"\/>\n\t<meta name=\"google-site-verification\" content=\"rgL4cG7lkS3Or5dFWhIEkt-UqRz-5d7tYVEOFvb7tF8\" \/>\n\t<link rel=\"canonical\" href=\"https:\/\/www.notanoverlander.com\/index.php\/2016\/07\/22\/de-viaje\/\" \/>\n\t<meta name=\"generator\" content=\"All in One SEO (AIOSEO) 5.0.1.1\" \/>\n\t\t<script type=\"application\/ld+json\" class=\"aioseo-schema\">\n\t\t\t{\"@context\":\"https:\\\/\\\/schema.org\",\"@graph\":[{\"@type\":\"Article\",\"@id\":\"https:\\\/\\\/www.notanoverlander.com\\\/index.php\\\/2016\\\/07\\\/22\\\/de-viaje\\\/#article\",\"name\":\"De viaje! | NotAnOverlander\",\"headline\":\"De viaje!\",\"author\":{\"@id\":\"https:\\\/\\\/www.notanoverlander.com\\\/index.php\\\/author\\\/daviz\\\/#author\"},\"publisher\":{\"@id\":\"https:\\\/\\\/www.notanoverlander.com\\\/#person\"},\"image\":{\"@type\":\"ImageObject\",\"url\":\"http:\\\/\\\/i0.wp.com\\\/notanoverlander.files.wordpress.com\\\/2016\\\/07\\\/screenshot_2016-07-22-10-13-59.png?w=704\",\"@id\":\"https:\\\/\\\/www.notanoverlander.com\\\/index.php\\\/2016\\\/07\\\/22\\\/de-viaje\\\/#articleImage\"},\"datePublished\":\"2016-07-22T12:10:04+02:00\",\"dateModified\":\"2017-02-14T19:51:15+01:00\",\"inLanguage\":\"es-ES\",\"commentCount\":1,\"mainEntityOfPage\":{\"@id\":\"https:\\\/\\\/www.notanoverlander.com\\\/index.php\\\/2016\\\/07\\\/22\\\/de-viaje\\\/#webpage\"},\"isPartOf\":{\"@id\":\"https:\\\/\\\/www.notanoverlander.com\\\/index.php\\\/2016\\\/07\\\/22\\\/de-viaje\\\/#webpage\"},\"articleSection\":\"La Haya y la costa Holandesa, Viajes, holanda, la haya, moto, Viajes\"},{\"@type\":\"BreadcrumbList\",\"@id\":\"https:\\\/\\\/www.notanoverlander.com\\\/index.php\\\/2016\\\/07\\\/22\\\/de-viaje\\\/#breadcrumblist\",\"itemListElement\":[{\"@type\":\"ListItem\",\"@id\":\"https:\\\/\\\/www.notanoverlander.com#listItem\",\"position\":1,\"name\":\"Inicio\",\"item\":\"https:\\\/\\\/www.notanoverlander.com\",\"nextItem\":{\"@type\":\"ListItem\",\"@id\":\"https:\\\/\\\/www.notanoverlander.com\\\/index.php\\\/category\\\/viajes\\\/#listItem\",\"name\":\"Viajes\"}},{\"@type\":\"ListItem\",\"@id\":\"https:\\\/\\\/www.notanoverlander.com\\\/index.php\\\/category\\\/viajes\\\/#listItem\",\"position\":2,\"name\":\"Viajes\",\"item\":\"https:\\\/\\\/www.notanoverlander.com\\\/index.php\\\/category\\\/viajes\\\/\",\"nextItem\":{\"@type\":\"ListItem\",\"@id\":\"https:\\\/\\\/www.notanoverlander.com\\\/index.php\\\/category\\\/viajes\\\/la-haya-y-la-costa-holandesa\\\/#listItem\",\"name\":\"La Haya y la costa Holandesa\"},\"previousItem\":{\"@type\":\"ListItem\",\"@id\":\"https:\\\/\\\/www.notanoverlander.com#listItem\",\"name\":\"Inicio\"}},{\"@type\":\"ListItem\",\"@id\":\"https:\\\/\\\/www.notanoverlander.com\\\/index.php\\\/category\\\/viajes\\\/la-haya-y-la-costa-holandesa\\\/#listItem\",\"position\":3,\"name\":\"La Haya y la costa Holandesa\",\"item\":\"https:\\\/\\\/www.notanoverlander.com\\\/index.php\\\/category\\\/viajes\\\/la-haya-y-la-costa-holandesa\\\/\",\"nextItem\":{\"@type\":\"ListItem\",\"@id\":\"https:\\\/\\\/www.notanoverlander.com\\\/index.php\\\/2016\\\/07\\\/22\\\/de-viaje\\\/#listItem\",\"name\":\"De viaje!\"},\"previousItem\":{\"@type\":\"ListItem\",\"@id\":\"https:\\\/\\\/www.notanoverlander.com\\\/index.php\\\/category\\\/viajes\\\/#listItem\",\"name\":\"Viajes\"}},{\"@type\":\"ListItem\",\"@id\":\"https:\\\/\\\/www.notanoverlander.com\\\/index.php\\\/2016\\\/07\\\/22\\\/de-viaje\\\/#listItem\",\"position\":4,\"name\":\"De viaje!\",\"previousItem\":{\"@type\":\"ListItem\",\"@id\":\"https:\\\/\\\/www.notanoverlander.com\\\/index.php\\\/category\\\/viajes\\\/la-haya-y-la-costa-holandesa\\\/#listItem\",\"name\":\"La Haya y la costa Holandesa\"}}]},{\"@type\":\"Person\",\"@id\":\"https:\\\/\\\/www.notanoverlander.com\\\/#person\",\"name\":\"David\",\"image\":\"https:\\\/\\\/www.notanoverlander.com\\\/wp-content\\\/uploads\\\/2017\\\/05\\\/logoNAO.png\",\"sameAs\":[\"https:\\\/\\\/facebook.com\\\/NotanOverlander\",\"https:\\\/\\\/x.com\\\/NotanOverlander\",\"https:\\\/\\\/instagram.com\\\/NotanOverlander\",\"https:\\\/\\\/www.youtube.com\\\/channel\\\/UCvc1e5xDGI3ZbDNei9TnpDw\"]},{\"@type\":\"Person\",\"@id\":\"https:\\\/\\\/www.notanoverlander.com\\\/index.php\\\/author\\\/daviz\\\/#author\",\"url\":\"https:\\\/\\\/www.notanoverlander.com\\\/index.php\\\/author\\\/daviz\\\/\",\"name\":\"Daviz\",\"image\":{\"@type\":\"ImageObject\",\"@id\":\"https:\\\/\\\/www.notanoverlander.com\\\/index.php\\\/2016\\\/07\\\/22\\\/de-viaje\\\/#authorImage\",\"url\":\"https:\\\/\\\/secure.gravatar.com\\\/avatar\\\/2c29c3b0163f4585d6a605f3db00c13569b8c4b2cc1b5476a605d3ac3be9982f?s=96&d=mm&r=g\",\"width\":96,\"height\":96,\"caption\":\"Daviz\"}},{\"@type\":\"WebPage\",\"@id\":\"https:\\\/\\\/www.notanoverlander.com\\\/index.php\\\/2016\\\/07\\\/22\\\/de-viaje\\\/#webpage\",\"url\":\"https:\\\/\\\/www.notanoverlander.com\\\/index.php\\\/2016\\\/07\\\/22\\\/de-viaje\\\/\",\"name\":\"De viaje! | NotAnOverlander\",\"inLanguage\":\"es-ES\",\"isPartOf\":{\"@id\":\"https:\\\/\\\/www.notanoverlander.com\\\/#website\"},\"breadcrumb\":{\"@id\":\"https:\\\/\\\/www.notanoverlander.com\\\/index.php\\\/2016\\\/07\\\/22\\\/de-viaje\\\/#breadcrumblist\"},\"author\":{\"@id\":\"https:\\\/\\\/www.notanoverlander.com\\\/index.php\\\/author\\\/daviz\\\/#author\"},\"creator\":{\"@id\":\"https:\\\/\\\/www.notanoverlander.com\\\/index.php\\\/author\\\/daviz\\\/#author\"},\"datePublished\":\"2016-07-22T12:10:04+02:00\",\"dateModified\":\"2017-02-14T19:51:15+01:00\"},{\"@type\":\"WebSite\",\"@id\":\"https:\\\/\\\/www.notanoverlander.com\\\/#website\",\"url\":\"https:\\\/\\\/www.notanoverlander.com\\\/\",\"name\":\"{:es}NotAnOverlander{:}{:en}NotAnOverlander{:}\",\"description\":\"NotAnOverlander\",\"inLanguage\":\"es-ES\",\"publisher\":{\"@id\":\"https:\\\/\\\/www.notanoverlander.com\\\/#person\"}}]}\n\t\t<\/script>\n\t\t<!-- All in One SEO -->\n\n","aioseo_head_json":{"title":"De viaje! | NotAnOverlander","description":"","canonical_url":"https:\/\/www.notanoverlander.com\/index.php\/2016\/07\/22\/de-viaje\/","robots":"max-image-preview:large","keywords":"","webmasterTools":{"google-site-verification":"rgL4cG7lkS3Or5dFWhIEkt-UqRz-5d7tYVEOFvb7tF8","miscellaneous":""},"schema":{"@context":"https:\/\/schema.org","@graph":[{"@type":"Article","@id":"https:\/\/www.notanoverlander.com\/index.php\/2016\/07\/22\/de-viaje\/#article","name":"De viaje! | NotAnOverlander","headline":"De viaje!","author":{"@id":"https:\/\/www.notanoverlander.com\/index.php\/author\/daviz\/#author"},"publisher":{"@id":"https:\/\/www.notanoverlander.com\/#person"},"image":{"@type":"ImageObject","url":"http:\/\/i0.wp.com\/notanoverlander.files.wordpress.com\/2016\/07\/screenshot_2016-07-22-10-13-59.png?w=704","@id":"https:\/\/www.notanoverlander.com\/index.php\/2016\/07\/22\/de-viaje\/#articleImage"},"datePublished":"2016-07-22T12:10:04+02:00","dateModified":"2017-02-14T19:51:15+01:00","inLanguage":"es-ES","commentCount":1,"mainEntityOfPage":{"@id":"https:\/\/www.notanoverlander.com\/index.php\/2016\/07\/22\/de-viaje\/#webpage"},"isPartOf":{"@id":"https:\/\/www.notanoverlander.com\/index.php\/2016\/07\/22\/de-viaje\/#webpage"},"articleSection":"La Haya y la costa Holandesa, Viajes, holanda, la haya, moto, Viajes"},{"@type":"BreadcrumbList","@id":"https:\/\/www.notanoverlander.com\/index.php\/2016\/07\/22\/de-viaje\/#breadcrumblist","itemListElement":[{"@type":"ListItem","@id":"https:\/\/www.notanoverlander.com#listItem","position":1,"name":"Inicio","item":"https:\/\/www.notanoverlander.com","nextItem":{"@type":"ListItem","@id":"https:\/\/www.notanoverlander.com\/index.php\/category\/viajes\/#listItem","name":"Viajes"}},{"@type":"ListItem","@id":"https:\/\/www.notanoverlander.com\/index.php\/category\/viajes\/#listItem","position":2,"name":"Viajes","item":"https:\/\/www.notanoverlander.com\/index.php\/category\/viajes\/","nextItem":{"@type":"ListItem","@id":"https:\/\/www.notanoverlander.com\/index.php\/category\/viajes\/la-haya-y-la-costa-holandesa\/#listItem","name":"La Haya y la costa Holandesa"},"previousItem":{"@type":"ListItem","@id":"https:\/\/www.notanoverlander.com#listItem","name":"Inicio"}},{"@type":"ListItem","@id":"https:\/\/www.notanoverlander.com\/index.php\/category\/viajes\/la-haya-y-la-costa-holandesa\/#listItem","position":3,"name":"La Haya y la costa Holandesa","item":"https:\/\/www.notanoverlander.com\/index.php\/category\/viajes\/la-haya-y-la-costa-holandesa\/","nextItem":{"@type":"ListItem","@id":"https:\/\/www.notanoverlander.com\/index.php\/2016\/07\/22\/de-viaje\/#listItem","name":"De viaje!"},"previousItem":{"@type":"ListItem","@id":"https:\/\/www.notanoverlander.com\/index.php\/category\/viajes\/#listItem","name":"Viajes"}},{"@type":"ListItem","@id":"https:\/\/www.notanoverlander.com\/index.php\/2016\/07\/22\/de-viaje\/#listItem","position":4,"name":"De viaje!","previousItem":{"@type":"ListItem","@id":"https:\/\/www.notanoverlander.com\/index.php\/category\/viajes\/la-haya-y-la-costa-holandesa\/#listItem","name":"La Haya y la costa Holandesa"}}]},{"@type":"Person","@id":"https:\/\/www.notanoverlander.com\/#person","name":"David","image":"https:\/\/www.notanoverlander.com\/wp-content\/uploads\/2017\/05\/logoNAO.png","sameAs":["https:\/\/facebook.com\/NotanOverlander","https:\/\/x.com\/NotanOverlander","https:\/\/instagram.com\/NotanOverlander","https:\/\/www.youtube.com\/channel\/UCvc1e5xDGI3ZbDNei9TnpDw"]},{"@type":"Person","@id":"https:\/\/www.notanoverlander.com\/index.php\/author\/daviz\/#author","url":"https:\/\/www.notanoverlander.com\/index.php\/author\/daviz\/","name":"Daviz","image":{"@type":"ImageObject","@id":"https:\/\/www.notanoverlander.com\/index.php\/2016\/07\/22\/de-viaje\/#authorImage","url":"https:\/\/secure.gravatar.com\/avatar\/2c29c3b0163f4585d6a605f3db00c13569b8c4b2cc1b5476a605d3ac3be9982f?s=96&d=mm&r=g","width":96,"height":96,"caption":"Daviz"}},{"@type":"WebPage","@id":"https:\/\/www.notanoverlander.com\/index.php\/2016\/07\/22\/de-viaje\/#webpage","url":"https:\/\/www.notanoverlander.com\/index.php\/2016\/07\/22\/de-viaje\/","name":"De viaje! | NotAnOverlander","inLanguage":"es-ES","isPartOf":{"@id":"https:\/\/www.notanoverlander.com\/#website"},"breadcrumb":{"@id":"https:\/\/www.notanoverlander.com\/index.php\/2016\/07\/22\/de-viaje\/#breadcrumblist"},"author":{"@id":"https:\/\/www.notanoverlander.com\/index.php\/author\/daviz\/#author"},"creator":{"@id":"https:\/\/www.notanoverlander.com\/index.php\/author\/daviz\/#author"},"datePublished":"2016-07-22T12:10:04+02:00","dateModified":"2017-02-14T19:51:15+01:00"},{"@type":"WebSite","@id":"https:\/\/www.notanoverlander.com\/#website","url":"https:\/\/www.notanoverlander.com\/","name":"{:es}NotAnOverlander{:}{:en}NotAnOverlander{:}","description":"NotAnOverlander","inLanguage":"es-ES","publisher":{"@id":"https:\/\/www.notanoverlander.com\/#person"}}]}},"aioseo_meta_data":{"post_id":"73","title":null,"description":null,"keywords":null,"keyphrases":null,"primary_term":null,"canonical_url":null,"og_title":null,"og_description":null,"og_object_type":"default","og_image_type":"default","og_image_url":null,"og_image_width":null,"og_image_height":null,"og_image_custom_url":null,"og_image_custom_fields":null,"og_video":null,"og_custom_url":null,"og_article_section":null,"og_article_tags":null,"twitter_use_og":false,"twitter_card":"default","twitter_image_type":"default","twitter_image_url":null,"twitter_image_custom_url":null,"twitter_image_custom_fields":null,"twitter_title":null,"twitter_description":null,"schema":{"blockGraphs":[],"customGraphs":[],"default":{"data":{"Article":[],"Course":[],"Dataset":[],"FAQPage":[],"Movie":[],"Person":[],"Product":[],"ProductReview":[],"Car":[],"Recipe":[],"Service":[],"SoftwareApplication":[],"WebPage":[]},"graphName":"","isEnabled":true},"graphs":[]},"schema_type":null,"schema_type_options":null,"pillar_content":false,"robots_default":true,"robots_noindex":false,"robots_noarchive":false,"robots_nosnippet":false,"robots_nofollow":false,"robots_noimageindex":false,"robots_noodp":false,"robots_notranslate":false,"robots_max_snippet":null,"robots_max_videopreview":null,"robots_max_imagepreview":"large","priority":null,"frequency":null,"local_seo":null,"breadcrumb_settings":null,"limit_modified_date":false,"ai":null,"created":"2020-12-22 08:47:27","updated":"2022-09-14 08:08:29","seo_analyzer_scan_date":null,"focus_keyword":null,"additional_keywords":null,"truseo_locale":null},"jetpack_publicize_connections":[],"jetpack_sharing_enabled":true,"jetpack_likes_enabled":true,"jetpack-related-posts":[],"jetpack_featured_media_url":"","_links":{"self":[{"href":"https:\/\/www.notanoverlander.com\/index.php\/wp-json\/wp\/v2\/posts\/73","targetHints":{"allow":["GET"]}}],"collection":[{"href":"https:\/\/www.notanoverlander.com\/index.php\/wp-json\/wp\/v2\/posts"}],"about":[{"href":"https:\/\/www.notanoverlander.com\/index.php\/wp-json\/wp\/v2\/types\/post"}],"author":[{"embeddable":true,"href":"https:\/\/www.notanoverlander.com\/index.php\/wp-json\/wp\/v2\/users\/1"}],"replies":[{"embeddable":true,"href":"https:\/\/www.notanoverlander.com\/index.php\/wp-json\/wp\/v2\/comments?post=73"}],"version-history":[{"count":1,"href":"https:\/\/www.notanoverlander.com\/index.php\/wp-json\/wp\/v2\/posts\/73\/revisions"}],"predecessor-version":[{"id":314,"href":"https:\/\/www.notanoverlander.com\/index.php\/wp-json\/wp\/v2\/posts\/73\/revisions\/314"}],"wp:attachment":[{"href":"https:\/\/www.notanoverlander.com\/index.php\/wp-json\/wp\/v2\/media?parent=73"}],"wp:term":[{"taxonomy":"category","embeddable":true,"href":"https:\/\/www.notanoverlander.com\/index.php\/wp-json\/wp\/v2\/categories?post=73"},{"taxonomy":"post_tag","embeddable":true,"href":"https:\/\/www.notanoverlander.com\/index.php\/wp-json\/wp\/v2\/tags?post=73"}],"curies":[{"name":"wp","href":"https:\/\/api.w.org\/{rel}","templated":true}]}}