{"id":902,"date":"2018-01-03T12:52:54","date_gmt":"2018-01-03T11:52:54","guid":{"rendered":"https:\/\/www.notanoverlander.com\/?p=902"},"modified":"2018-01-05T19:18:03","modified_gmt":"2018-01-05T18:18:03","slug":"hablar-sin-tener-nada-que-decir","status":"publish","type":"post","link":"https:\/\/www.notanoverlander.com\/index.php\/2018\/01\/03\/hablar-sin-tener-nada-que-decir\/","title":{"rendered":"Hablar sin tener nada que decir"},"content":{"rendered":"\n<!-- Facebook Like Button v1.9.6 BEGIN [http:\/\/blog.bottomlessinc.com] -->\n<iframe src=\"http:\/\/www.facebook.com\/plugins\/like.php?href=https%3A%2F%2Fwww.notanoverlander.com%2Findex.php%2F2018%2F01%2F03%2Fhablar-sin-tener-nada-que-decir%2F&amp;layout=standard&amp;show_faces=false&amp;width=450&amp;action=like&amp;colorscheme=light\" scrolling=\"no\" frameborder=\"0\" allowTransparency=\"true\" style=\"border:none; overflow:hidden; width:450px; height: 30px; align: left; margin: 2px 0px 2px 0px\"><\/iframe>\n<!-- Facebook Like Button END -->\n<div class=\"sf-social-icon-list\">\n<table border=\"0\" cellspacing=\"0\" cellpadding=\"\">\n<td style=\"padding: 1px\"><a href='https:\/\/www.twitter.com\/notanoverlander' target='parent'><img data-recalc-dims=\"1\" decoding=\"async\" src=\"https:\/\/i0.wp.com\/www.notanoverlander.com\/wp-content\/plugins\/free-social-media-icons\/assets\/icons\/Cute%20Icons\/Twitter.png?ssl=1\" class=\"sf-social-icon\" style=\"width: 32px; height: 32px; max-width: 32px\" \/><\/a><\/td>\n<\/table>\n<\/div><p>Comienza este 2018 y desde este avi\u00f3n que me lleva de vuelta a B\u00e9lgica, pienso en empezar el que va a ser el primer post de este a\u00f1o. Las navidades han sido poco moteras, pero muy emocionantes. Hac\u00eda ya tres meses que no ven\u00edamos a Espa\u00f1a y, m\u00e1s en estas fechas, el reencuentro con la familia y amigos ha sido especial.<\/p>\n<p>Se hace duro <strong>despedirse<\/strong> de nuevo hasta la siguiente visita y, sobre todo, se hace duro no poder pasar m\u00e1s tiempo con la gente o, incluso, no poder ver a todo el mundo cuando te gustar\u00eda. Pero es lo que toca ahora, <strong>ya llegar\u00e1 el momento<\/strong> en el que esto sea mejor.<\/p>\n<p><img data-recalc-dims=\"1\" loading=\"lazy\" decoding=\"async\" class=\"wp-image-909 size-medium aligncenter\" style=\"font-weight: bold; background-color: initial; font-size: 1.9rem;\" src=\"https:\/\/i0.wp.com\/www.notanoverlander.com\/wp-content\/uploads\/2018\/01\/660B9433.jpg?resize=300%2C200&#038;ssl=1\" alt=\"\" width=\"300\" height=\"200\" srcset=\"https:\/\/i0.wp.com\/www.notanoverlander.com\/wp-content\/uploads\/2018\/01\/660B9433.jpg?resize=300%2C200&amp;ssl=1 300w, https:\/\/i0.wp.com\/www.notanoverlander.com\/wp-content\/uploads\/2018\/01\/660B9433.jpg?resize=768%2C512&amp;ssl=1 768w, https:\/\/i0.wp.com\/www.notanoverlander.com\/wp-content\/uploads\/2018\/01\/660B9433.jpg?resize=2048%2C1365&amp;ssl=1 2048w, https:\/\/i0.wp.com\/www.notanoverlander.com\/wp-content\/uploads\/2018\/01\/660B9433.jpg?resize=450%2C300&amp;ssl=1 450w, https:\/\/i0.wp.com\/www.notanoverlander.com\/wp-content\/uploads\/2018\/01\/660B9433.jpg?w=3000&amp;ssl=1 3000w\" sizes=\"auto, (max-width: 300px) 100vw, 300px\" \/><\/p>\n<p style=\"text-align: left;\">Empieza un nuevo a\u00f1o y hay que <strong>pensar en positivo<\/strong>, hay que empezar a pensar en los planes para este a\u00f1o y, como no, en los prop\u00f3sitos para el mismo. Al igual que el a\u00f1o pasado, estamos planeando hacer un viaje de <strong>dos semanas en moto<\/strong>, todav\u00eda no sabemos a d\u00f3nde, bueno tenemos una idea, pero eso ya os lo ir\u00e9 contando cuando la desarrollemos.<\/p>\n<p style=\"text-align: left;\">En cuanto a prop\u00f3sitos, adem\u00e1s de los t\u00edpicos de <strong>cuidarnos m\u00e1s<\/strong>, hacer m\u00e1s ejercicio, comer mejor, etc., me hab\u00eda propuesto <strong>escribir m\u00e1s<\/strong> en este espacio, pero eso me lleva siempre a la misma reflexi\u00f3n. Escribir por escribir no es mi estilo, <strong>inventarme posts<\/strong> solo por el hecho de tener que hacerlo, siempre me ha parecido err\u00f3neo. Me consta que en esto de los blogs y en cualquier publicaci\u00f3n que se precie, la periodicidad, el<strong> mantener la atenci\u00f3n<\/strong> y el inter\u00e9s es importante para que a los seguidores sigan fieles y no se aburran, e incluso, para tener m\u00e1s <strong>repercusi\u00f3n<\/strong>. Pero si hay algo que tengo claro y que he ido descubriendo con el tiempo, es que prefiero tardar dos semanas en publicar algo que realmente me apetece contar, que<strong> no obligarme<\/strong> a sacar un post semanal. Aunque pueda sonar presuntuoso decirlo, prefiero la calidad a la cantidad. Quiz\u00e1s esta entrada no sea el mejor de los ejemplos ;).<a href=\"https:\/\/i0.wp.com\/www.notanoverlander.com\/wp-content\/uploads\/2018\/01\/660B8189.jpg?ssl=1\"><img data-recalc-dims=\"1\" loading=\"lazy\" decoding=\"async\" class=\"aligncenter size-medium wp-image-910\" src=\"https:\/\/i0.wp.com\/www.notanoverlander.com\/wp-content\/uploads\/2018\/01\/660B8189.jpg?resize=300%2C200&#038;ssl=1\" alt=\"\" width=\"300\" height=\"200\" srcset=\"https:\/\/i0.wp.com\/www.notanoverlander.com\/wp-content\/uploads\/2018\/01\/660B8189.jpg?resize=300%2C200&amp;ssl=1 300w, https:\/\/i0.wp.com\/www.notanoverlander.com\/wp-content\/uploads\/2018\/01\/660B8189.jpg?resize=768%2C512&amp;ssl=1 768w, https:\/\/i0.wp.com\/www.notanoverlander.com\/wp-content\/uploads\/2018\/01\/660B8189.jpg?resize=2048%2C1365&amp;ssl=1 2048w, https:\/\/i0.wp.com\/www.notanoverlander.com\/wp-content\/uploads\/2018\/01\/660B8189.jpg?resize=450%2C300&amp;ssl=1 450w, https:\/\/i0.wp.com\/www.notanoverlander.com\/wp-content\/uploads\/2018\/01\/660B8189.jpg?w=3000&amp;ssl=1 3000w\" sizes=\"auto, (max-width: 300px) 100vw, 300px\" \/><\/a><\/p>\n<p style=\"text-align: left;\">As\u00ed que con esto en mente, mi prop\u00f3sito para este a\u00f1o es <strong>mantenerme en esta l\u00ednea<\/strong>, tratando de publicar lo que me parece cuando me apetece. Eso si, valorando cada una de las visitas y comentarios que dej\u00e1is por aqu\u00ed como aut\u00e9nticos tesoros y estando eternamente <strong>agradecido<\/strong> por ello.<\/p>\n<p style=\"text-align: left;\">Tambi\u00e9n me gustar\u00eda mejorar el contenido del blog y, para ello, me vais a permitir que os pida ayuda, me encantar\u00eda que me dejaseis comentarios en este post, en Facebook o en Twitter, con los <strong>temas de los que os gustar\u00eda que tratase<\/strong> en alguna de mis entradas y tratar\u00e9 de hacerlo durante este a\u00f1o.<\/p>\n<p style=\"text-align: left;\">Apenas quedan unos minutos para aterrizar en Barcelona, all\u00ed cogeremos el siguiente vuelo a Bruselas y a casa, que ganas de salir de este estrecho asiento tengo&#8230;<\/p>\n<p style=\"text-align: left;\">Con esta entrada os doy la<strong> bienvenida a 2018<\/strong>, os deseo lo mejor en este a\u00f1o que empieza, aterrizamos!! Gassss!!!!<\/p>\n","protected":false},"excerpt":{"rendered":"<p>Comienza este 2018 y desde este avi\u00f3n que me lleva de vuelta a B\u00e9lgica, pienso en empezar el que va a ser el primer post de este a\u00f1o. Las navidades han sido poco moteras, pero muy emocionantes. Hac\u00eda ya tres meses que no ven\u00edamos a Espa\u00f1a y, m\u00e1s en estas fechas, el reencuentro con la [&hellip;]<\/p>\n","protected":false},"author":1,"featured_media":909,"comment_status":"open","ping_status":"open","sticky":false,"template":"","format":"standard","meta":{"_jetpack_newsletter_access":"","_jetpack_dont_email_post_to_subs":false,"_jetpack_newsletter_tier_id":0,"_jetpack_memberships_contains_paywalled_content":false,"_jetpack_feature_clip_id":0,"_jetpack_memberships_contains_paid_content":false,"footnotes":"","jetpack_publicize_message":"","jetpack_publicize_feature_enabled":true,"jetpack_social_post_already_shared":true,"jetpack_social_options":{"image_generator_settings":{"template":"highway","default_image_id":0,"font":"","enabled":false},"version":2},"jetpack_post_was_ever_published":false},"categories":[3],"tags":[],"class_list":["post-902","post","type-post","status-publish","format-standard","has-post-thumbnail","hentry","category-dia-a-dia"],"translation":{"provider":"WPGlobus","version":"3.0.5","language":"es","enabled_languages":["es"],"languages":{"es":{"title":true,"content":true,"excerpt":false}}},"aioseo_notices":[],"aioseo_head":"\n\t\t<!-- All in One SEO 5.0.1.1 - aioseo.com -->\n\t<meta name=\"robots\" content=\"max-image-preview:large\" \/>\n\t<meta name=\"author\" content=\"Daviz\"\/>\n\t<meta name=\"google-site-verification\" content=\"rgL4cG7lkS3Or5dFWhIEkt-UqRz-5d7tYVEOFvb7tF8\" \/>\n\t<link rel=\"canonical\" href=\"https:\/\/www.notanoverlander.com\/index.php\/2018\/01\/03\/hablar-sin-tener-nada-que-decir\/\" \/>\n\t<meta name=\"generator\" content=\"All in One SEO (AIOSEO) 5.0.1.1\" \/>\n\t\t<script type=\"application\/ld+json\" class=\"aioseo-schema\">\n\t\t\t{\"@context\":\"https:\\\/\\\/schema.org\",\"@graph\":[{\"@type\":\"Article\",\"@id\":\"https:\\\/\\\/www.notanoverlander.com\\\/index.php\\\/2018\\\/01\\\/03\\\/hablar-sin-tener-nada-que-decir\\\/#article\",\"name\":\"Hablar sin tener nada que decir | NotAnOverlander\",\"headline\":\"Hablar sin tener nada que decir\",\"author\":{\"@id\":\"https:\\\/\\\/www.notanoverlander.com\\\/index.php\\\/author\\\/daviz\\\/#author\"},\"publisher\":{\"@id\":\"https:\\\/\\\/www.notanoverlander.com\\\/#person\"},\"image\":{\"@type\":\"ImageObject\",\"url\":\"https:\\\/\\\/i0.wp.com\\\/www.notanoverlander.com\\\/wp-content\\\/uploads\\\/2018\\\/01\\\/660B9433.jpg?fit=3888%2C2592&ssl=1\",\"width\":3888,\"height\":2592},\"datePublished\":\"2018-01-03T12:52:54+01:00\",\"dateModified\":\"2018-01-05T19:18:03+01:00\",\"inLanguage\":\"es-ES\",\"commentCount\":1,\"mainEntityOfPage\":{\"@id\":\"https:\\\/\\\/www.notanoverlander.com\\\/index.php\\\/2018\\\/01\\\/03\\\/hablar-sin-tener-nada-que-decir\\\/#webpage\"},\"isPartOf\":{\"@id\":\"https:\\\/\\\/www.notanoverlander.com\\\/index.php\\\/2018\\\/01\\\/03\\\/hablar-sin-tener-nada-que-decir\\\/#webpage\"},\"articleSection\":\"Dia a dia\"},{\"@type\":\"BreadcrumbList\",\"@id\":\"https:\\\/\\\/www.notanoverlander.com\\\/index.php\\\/2018\\\/01\\\/03\\\/hablar-sin-tener-nada-que-decir\\\/#breadcrumblist\",\"itemListElement\":[{\"@type\":\"ListItem\",\"@id\":\"https:\\\/\\\/www.notanoverlander.com#listItem\",\"position\":1,\"name\":\"Inicio\",\"item\":\"https:\\\/\\\/www.notanoverlander.com\",\"nextItem\":{\"@type\":\"ListItem\",\"@id\":\"https:\\\/\\\/www.notanoverlander.com\\\/index.php\\\/category\\\/dia-a-dia\\\/#listItem\",\"name\":\"Dia a dia\"}},{\"@type\":\"ListItem\",\"@id\":\"https:\\\/\\\/www.notanoverlander.com\\\/index.php\\\/category\\\/dia-a-dia\\\/#listItem\",\"position\":2,\"name\":\"Dia a dia\",\"item\":\"https:\\\/\\\/www.notanoverlander.com\\\/index.php\\\/category\\\/dia-a-dia\\\/\",\"nextItem\":{\"@type\":\"ListItem\",\"@id\":\"https:\\\/\\\/www.notanoverlander.com\\\/index.php\\\/2018\\\/01\\\/03\\\/hablar-sin-tener-nada-que-decir\\\/#listItem\",\"name\":\"Hablar sin tener nada que decir\"},\"previousItem\":{\"@type\":\"ListItem\",\"@id\":\"https:\\\/\\\/www.notanoverlander.com#listItem\",\"name\":\"Inicio\"}},{\"@type\":\"ListItem\",\"@id\":\"https:\\\/\\\/www.notanoverlander.com\\\/index.php\\\/2018\\\/01\\\/03\\\/hablar-sin-tener-nada-que-decir\\\/#listItem\",\"position\":3,\"name\":\"Hablar sin tener nada que decir\",\"previousItem\":{\"@type\":\"ListItem\",\"@id\":\"https:\\\/\\\/www.notanoverlander.com\\\/index.php\\\/category\\\/dia-a-dia\\\/#listItem\",\"name\":\"Dia a dia\"}}]},{\"@type\":\"Person\",\"@id\":\"https:\\\/\\\/www.notanoverlander.com\\\/#person\",\"name\":\"David\",\"image\":\"https:\\\/\\\/www.notanoverlander.com\\\/wp-content\\\/uploads\\\/2017\\\/05\\\/logoNAO.png\",\"sameAs\":[\"https:\\\/\\\/facebook.com\\\/NotanOverlander\",\"https:\\\/\\\/x.com\\\/NotanOverlander\",\"https:\\\/\\\/instagram.com\\\/NotanOverlander\",\"https:\\\/\\\/www.youtube.com\\\/channel\\\/UCvc1e5xDGI3ZbDNei9TnpDw\"]},{\"@type\":\"Person\",\"@id\":\"https:\\\/\\\/www.notanoverlander.com\\\/index.php\\\/author\\\/daviz\\\/#author\",\"url\":\"https:\\\/\\\/www.notanoverlander.com\\\/index.php\\\/author\\\/daviz\\\/\",\"name\":\"Daviz\",\"image\":{\"@type\":\"ImageObject\",\"@id\":\"https:\\\/\\\/www.notanoverlander.com\\\/index.php\\\/2018\\\/01\\\/03\\\/hablar-sin-tener-nada-que-decir\\\/#authorImage\",\"url\":\"https:\\\/\\\/secure.gravatar.com\\\/avatar\\\/2c29c3b0163f4585d6a605f3db00c13569b8c4b2cc1b5476a605d3ac3be9982f?s=96&d=mm&r=g\",\"width\":96,\"height\":96,\"caption\":\"Daviz\"}},{\"@type\":\"WebPage\",\"@id\":\"https:\\\/\\\/www.notanoverlander.com\\\/index.php\\\/2018\\\/01\\\/03\\\/hablar-sin-tener-nada-que-decir\\\/#webpage\",\"url\":\"https:\\\/\\\/www.notanoverlander.com\\\/index.php\\\/2018\\\/01\\\/03\\\/hablar-sin-tener-nada-que-decir\\\/\",\"name\":\"Hablar sin tener nada que decir | NotAnOverlander\",\"inLanguage\":\"es-ES\",\"isPartOf\":{\"@id\":\"https:\\\/\\\/www.notanoverlander.com\\\/#website\"},\"breadcrumb\":{\"@id\":\"https:\\\/\\\/www.notanoverlander.com\\\/index.php\\\/2018\\\/01\\\/03\\\/hablar-sin-tener-nada-que-decir\\\/#breadcrumblist\"},\"author\":{\"@id\":\"https:\\\/\\\/www.notanoverlander.com\\\/index.php\\\/author\\\/daviz\\\/#author\"},\"creator\":{\"@id\":\"https:\\\/\\\/www.notanoverlander.com\\\/index.php\\\/author\\\/daviz\\\/#author\"},\"image\":{\"@type\":\"ImageObject\",\"url\":\"https:\\\/\\\/i0.wp.com\\\/www.notanoverlander.com\\\/wp-content\\\/uploads\\\/2018\\\/01\\\/660B9433.jpg?fit=3888%2C2592&ssl=1\",\"@id\":\"https:\\\/\\\/www.notanoverlander.com\\\/index.php\\\/2018\\\/01\\\/03\\\/hablar-sin-tener-nada-que-decir\\\/#mainImage\",\"width\":3888,\"height\":2592},\"primaryImageOfPage\":{\"@id\":\"https:\\\/\\\/www.notanoverlander.com\\\/index.php\\\/2018\\\/01\\\/03\\\/hablar-sin-tener-nada-que-decir\\\/#mainImage\"},\"datePublished\":\"2018-01-03T12:52:54+01:00\",\"dateModified\":\"2018-01-05T19:18:03+01:00\"},{\"@type\":\"WebSite\",\"@id\":\"https:\\\/\\\/www.notanoverlander.com\\\/#website\",\"url\":\"https:\\\/\\\/www.notanoverlander.com\\\/\",\"name\":\"{:es}NotAnOverlander{:}{:en}NotAnOverlander{:}\",\"description\":\"NotAnOverlander\",\"inLanguage\":\"es-ES\",\"publisher\":{\"@id\":\"https:\\\/\\\/www.notanoverlander.com\\\/#person\"}}]}\n\t\t<\/script>\n\t\t<!-- All in One SEO -->\n\n","aioseo_head_json":{"title":"Hablar sin tener nada que decir | NotAnOverlander","description":"","canonical_url":"https:\/\/www.notanoverlander.com\/index.php\/2018\/01\/03\/hablar-sin-tener-nada-que-decir\/","robots":"max-image-preview:large","keywords":"","webmasterTools":{"google-site-verification":"rgL4cG7lkS3Or5dFWhIEkt-UqRz-5d7tYVEOFvb7tF8","miscellaneous":""},"schema":{"@context":"https:\/\/schema.org","@graph":[{"@type":"Article","@id":"https:\/\/www.notanoverlander.com\/index.php\/2018\/01\/03\/hablar-sin-tener-nada-que-decir\/#article","name":"Hablar sin tener nada que decir | NotAnOverlander","headline":"Hablar sin tener nada que decir","author":{"@id":"https:\/\/www.notanoverlander.com\/index.php\/author\/daviz\/#author"},"publisher":{"@id":"https:\/\/www.notanoverlander.com\/#person"},"image":{"@type":"ImageObject","url":"https:\/\/i0.wp.com\/www.notanoverlander.com\/wp-content\/uploads\/2018\/01\/660B9433.jpg?fit=3888%2C2592&ssl=1","width":3888,"height":2592},"datePublished":"2018-01-03T12:52:54+01:00","dateModified":"2018-01-05T19:18:03+01:00","inLanguage":"es-ES","commentCount":1,"mainEntityOfPage":{"@id":"https:\/\/www.notanoverlander.com\/index.php\/2018\/01\/03\/hablar-sin-tener-nada-que-decir\/#webpage"},"isPartOf":{"@id":"https:\/\/www.notanoverlander.com\/index.php\/2018\/01\/03\/hablar-sin-tener-nada-que-decir\/#webpage"},"articleSection":"Dia a dia"},{"@type":"BreadcrumbList","@id":"https:\/\/www.notanoverlander.com\/index.php\/2018\/01\/03\/hablar-sin-tener-nada-que-decir\/#breadcrumblist","itemListElement":[{"@type":"ListItem","@id":"https:\/\/www.notanoverlander.com#listItem","position":1,"name":"Inicio","item":"https:\/\/www.notanoverlander.com","nextItem":{"@type":"ListItem","@id":"https:\/\/www.notanoverlander.com\/index.php\/category\/dia-a-dia\/#listItem","name":"Dia a dia"}},{"@type":"ListItem","@id":"https:\/\/www.notanoverlander.com\/index.php\/category\/dia-a-dia\/#listItem","position":2,"name":"Dia a dia","item":"https:\/\/www.notanoverlander.com\/index.php\/category\/dia-a-dia\/","nextItem":{"@type":"ListItem","@id":"https:\/\/www.notanoverlander.com\/index.php\/2018\/01\/03\/hablar-sin-tener-nada-que-decir\/#listItem","name":"Hablar sin tener nada que decir"},"previousItem":{"@type":"ListItem","@id":"https:\/\/www.notanoverlander.com#listItem","name":"Inicio"}},{"@type":"ListItem","@id":"https:\/\/www.notanoverlander.com\/index.php\/2018\/01\/03\/hablar-sin-tener-nada-que-decir\/#listItem","position":3,"name":"Hablar sin tener nada que decir","previousItem":{"@type":"ListItem","@id":"https:\/\/www.notanoverlander.com\/index.php\/category\/dia-a-dia\/#listItem","name":"Dia a dia"}}]},{"@type":"Person","@id":"https:\/\/www.notanoverlander.com\/#person","name":"David","image":"https:\/\/www.notanoverlander.com\/wp-content\/uploads\/2017\/05\/logoNAO.png","sameAs":["https:\/\/facebook.com\/NotanOverlander","https:\/\/x.com\/NotanOverlander","https:\/\/instagram.com\/NotanOverlander","https:\/\/www.youtube.com\/channel\/UCvc1e5xDGI3ZbDNei9TnpDw"]},{"@type":"Person","@id":"https:\/\/www.notanoverlander.com\/index.php\/author\/daviz\/#author","url":"https:\/\/www.notanoverlander.com\/index.php\/author\/daviz\/","name":"Daviz","image":{"@type":"ImageObject","@id":"https:\/\/www.notanoverlander.com\/index.php\/2018\/01\/03\/hablar-sin-tener-nada-que-decir\/#authorImage","url":"https:\/\/secure.gravatar.com\/avatar\/2c29c3b0163f4585d6a605f3db00c13569b8c4b2cc1b5476a605d3ac3be9982f?s=96&d=mm&r=g","width":96,"height":96,"caption":"Daviz"}},{"@type":"WebPage","@id":"https:\/\/www.notanoverlander.com\/index.php\/2018\/01\/03\/hablar-sin-tener-nada-que-decir\/#webpage","url":"https:\/\/www.notanoverlander.com\/index.php\/2018\/01\/03\/hablar-sin-tener-nada-que-decir\/","name":"Hablar sin tener nada que decir | NotAnOverlander","inLanguage":"es-ES","isPartOf":{"@id":"https:\/\/www.notanoverlander.com\/#website"},"breadcrumb":{"@id":"https:\/\/www.notanoverlander.com\/index.php\/2018\/01\/03\/hablar-sin-tener-nada-que-decir\/#breadcrumblist"},"author":{"@id":"https:\/\/www.notanoverlander.com\/index.php\/author\/daviz\/#author"},"creator":{"@id":"https:\/\/www.notanoverlander.com\/index.php\/author\/daviz\/#author"},"image":{"@type":"ImageObject","url":"https:\/\/i0.wp.com\/www.notanoverlander.com\/wp-content\/uploads\/2018\/01\/660B9433.jpg?fit=3888%2C2592&ssl=1","@id":"https:\/\/www.notanoverlander.com\/index.php\/2018\/01\/03\/hablar-sin-tener-nada-que-decir\/#mainImage","width":3888,"height":2592},"primaryImageOfPage":{"@id":"https:\/\/www.notanoverlander.com\/index.php\/2018\/01\/03\/hablar-sin-tener-nada-que-decir\/#mainImage"},"datePublished":"2018-01-03T12:52:54+01:00","dateModified":"2018-01-05T19:18:03+01:00"},{"@type":"WebSite","@id":"https:\/\/www.notanoverlander.com\/#website","url":"https:\/\/www.notanoverlander.com\/","name":"{:es}NotAnOverlander{:}{:en}NotAnOverlander{:}","description":"NotAnOverlander","inLanguage":"es-ES","publisher":{"@id":"https:\/\/www.notanoverlander.com\/#person"}}]}},"aioseo_meta_data":{"post_id":"902","title":null,"description":null,"keywords":null,"keyphrases":null,"primary_term":null,"canonical_url":null,"og_title":null,"og_description":null,"og_object_type":"default","og_image_type":"default","og_image_url":null,"og_image_width":null,"og_image_height":null,"og_image_custom_url":null,"og_image_custom_fields":null,"og_video":null,"og_custom_url":null,"og_article_section":null,"og_article_tags":null,"twitter_use_og":false,"twitter_card":"default","twitter_image_type":"default","twitter_image_url":null,"twitter_image_custom_url":null,"twitter_image_custom_fields":null,"twitter_title":null,"twitter_description":null,"schema":{"blockGraphs":[],"customGraphs":[],"default":{"data":{"Article":[],"Course":[],"Dataset":[],"FAQPage":[],"Movie":[],"Person":[],"Product":[],"ProductReview":[],"Car":[],"Recipe":[],"Service":[],"SoftwareApplication":[],"WebPage":[]},"graphName":"","isEnabled":true},"graphs":[]},"schema_type":null,"schema_type_options":null,"pillar_content":false,"robots_default":true,"robots_noindex":false,"robots_noarchive":false,"robots_nosnippet":false,"robots_nofollow":false,"robots_noimageindex":false,"robots_noodp":false,"robots_notranslate":false,"robots_max_snippet":null,"robots_max_videopreview":null,"robots_max_imagepreview":"large","priority":null,"frequency":null,"local_seo":null,"breadcrumb_settings":null,"limit_modified_date":false,"ai":null,"created":"2020-12-22 08:47:44","updated":"2022-09-25 07:29:08","seo_analyzer_scan_date":null,"focus_keyword":null,"additional_keywords":null,"truseo_locale":null},"jetpack_publicize_connections":[],"jetpack_sharing_enabled":true,"jetpack_likes_enabled":true,"jetpack-related-posts":[],"jetpack_featured_media_url":"https:\/\/i0.wp.com\/www.notanoverlander.com\/wp-content\/uploads\/2018\/01\/660B9433.jpg?fit=3888%2C2592&ssl=1","_links":{"self":[{"href":"https:\/\/www.notanoverlander.com\/index.php\/wp-json\/wp\/v2\/posts\/902","targetHints":{"allow":["GET"]}}],"collection":[{"href":"https:\/\/www.notanoverlander.com\/index.php\/wp-json\/wp\/v2\/posts"}],"about":[{"href":"https:\/\/www.notanoverlander.com\/index.php\/wp-json\/wp\/v2\/types\/post"}],"author":[{"embeddable":true,"href":"https:\/\/www.notanoverlander.com\/index.php\/wp-json\/wp\/v2\/users\/1"}],"replies":[{"embeddable":true,"href":"https:\/\/www.notanoverlander.com\/index.php\/wp-json\/wp\/v2\/comments?post=902"}],"version-history":[{"count":3,"href":"https:\/\/www.notanoverlander.com\/index.php\/wp-json\/wp\/v2\/posts\/902\/revisions"}],"predecessor-version":[{"id":911,"href":"https:\/\/www.notanoverlander.com\/index.php\/wp-json\/wp\/v2\/posts\/902\/revisions\/911"}],"wp:featuredmedia":[{"embeddable":true,"href":"https:\/\/www.notanoverlander.com\/index.php\/wp-json\/wp\/v2\/media\/909"}],"wp:attachment":[{"href":"https:\/\/www.notanoverlander.com\/index.php\/wp-json\/wp\/v2\/media?parent=902"}],"wp:term":[{"taxonomy":"category","embeddable":true,"href":"https:\/\/www.notanoverlander.com\/index.php\/wp-json\/wp\/v2\/categories?post=902"},{"taxonomy":"post_tag","embeddable":true,"href":"https:\/\/www.notanoverlander.com\/index.php\/wp-json\/wp\/v2\/tags?post=902"}],"curies":[{"name":"wp","href":"https:\/\/api.w.org\/{rel}","templated":true}]}}