{"id":950,"date":"2018-02-11T18:07:28","date_gmt":"2018-02-11T17:07:28","guid":{"rendered":"https:\/\/www.notanoverlander.com\/?p=950"},"modified":"2018-02-11T18:38:46","modified_gmt":"2018-02-11T17:38:46","slug":"motos-invierno-y-comunidades-moteras","status":"publish","type":"post","link":"https:\/\/www.notanoverlander.com\/index.php\/2018\/02\/11\/motos-invierno-y-comunidades-moteras\/","title":{"rendered":"Motos, invierno y comunidades moteras"},"content":{"rendered":"\n<!-- Facebook Like Button v1.9.6 BEGIN [http:\/\/blog.bottomlessinc.com] -->\n<iframe src=\"http:\/\/www.facebook.com\/plugins\/like.php?href=https%3A%2F%2Fwww.notanoverlander.com%2Findex.php%2F2018%2F02%2F11%2Fmotos-invierno-y-comunidades-moteras%2F&amp;layout=standard&amp;show_faces=false&amp;width=450&amp;action=like&amp;colorscheme=light\" scrolling=\"no\" frameborder=\"0\" allowTransparency=\"true\" style=\"border:none; overflow:hidden; width:450px; height: 30px; align: left; margin: 2px 0px 2px 0px\"><\/iframe>\n<!-- Facebook Like Button END -->\n<div class=\"sf-social-icon-list\">\n<table border=\"0\" cellspacing=\"0\" cellpadding=\"\">\n<td style=\"padding: 1px\"><a href='https:\/\/www.twitter.com\/notanoverlander' target='parent'><img data-recalc-dims=\"1\" decoding=\"async\" src=\"https:\/\/i0.wp.com\/www.notanoverlander.com\/wp-content\/plugins\/free-social-media-icons\/assets\/icons\/Cute%20Icons\/Twitter.png?ssl=1\" class=\"sf-social-icon\" style=\"width: 32px; height: 32px; max-width: 32px\" \/><\/a><\/td>\n<\/table>\n<\/div><p>Que largo se est\u00e1 haciendo el invierno!!, tanto que me he buscado demasiadas cosas para hacer, lo que ha hecho que, una vez m\u00e1s, haya abandonado esto de escribir. El haberme adentrado en el mundo de los v\u00eddeos con el <a href=\"https:\/\/www.notanoverlander.com\/index.php\/motovlog\/\">motovlog<\/a>, un proyecto personal al que estoy dedicando muchas horas fuera del trabajo y el propio trabajo no dejan mucho tiempo para sentarse tranquilamente detr\u00e1s de la pantalla en blanco.<\/p>\n<p>Este fin de semana ha tocado recarga de bater\u00eda para la moto, cuando empiezo a notar s\u00edntomas de descarga, el viernes <a href=\"https:\/\/www.notanoverlander.com\/index.php\/category\/motos\/la-bateria\/\">me la subo a casa<\/a> y la tengo todo el fin de semana conectada al cargador. As\u00ed que hace unos minutos he vuelto a ponerla para tenerla lista para ma\u00f1ana.<\/p>\n<p><a href=\"https:\/\/i0.wp.com\/www.notanoverlander.com\/wp-content\/uploads\/2017\/12\/IMG_20171201_183724.jpg?ssl=1\"><img data-recalc-dims=\"1\" loading=\"lazy\" decoding=\"async\" class=\"size-medium wp-image-883 aligncenter\" src=\"https:\/\/i0.wp.com\/www.notanoverlander.com\/wp-content\/uploads\/2017\/12\/IMG_20171201_183724.jpg?resize=300%2C225&#038;ssl=1\" alt=\"\" width=\"300\" height=\"225\" srcset=\"https:\/\/i0.wp.com\/www.notanoverlander.com\/wp-content\/uploads\/2017\/12\/IMG_20171201_183724.jpg?resize=300%2C225&amp;ssl=1 300w, https:\/\/i0.wp.com\/www.notanoverlander.com\/wp-content\/uploads\/2017\/12\/IMG_20171201_183724.jpg?resize=768%2C576&amp;ssl=1 768w, https:\/\/i0.wp.com\/www.notanoverlander.com\/wp-content\/uploads\/2017\/12\/IMG_20171201_183724.jpg?resize=2048%2C1536&amp;ssl=1 2048w, https:\/\/i0.wp.com\/www.notanoverlander.com\/wp-content\/uploads\/2017\/12\/IMG_20171201_183724.jpg?resize=400%2C300&amp;ssl=1 400w, https:\/\/i0.wp.com\/www.notanoverlander.com\/wp-content\/uploads\/2017\/12\/IMG_20171201_183724.jpg?w=3000&amp;ssl=1 3000w\" sizes=\"auto, (max-width: 300px) 100vw, 300px\" \/><\/a><\/p>\n<p>Si el invierno pasado fue bastante <em>light<\/em> por estas latitudes, este invierno est\u00e1 siendo todo lo contrario sin llegar a ser nada dram\u00e1tico. El viernes me toc\u00f3 estar, de nuevo, pendiente de la ventana mientras trabajaba, ya que se pas\u00f3 medio d\u00eda nevando. Al final, por suerte, s\u00f3lo un poco de escarcha en la pantalla y en el casco, carretera limpia y nada m\u00e1s.<\/p>\n<p><a href=\"https:\/\/i0.wp.com\/www.notanoverlander.com\/wp-content\/uploads\/2018\/02\/img_20180209_173051-496778796.jpg?ssl=1\"><img data-recalc-dims=\"1\" loading=\"lazy\" decoding=\"async\" class=\"size-medium wp-image-952 aligncenter\" src=\"https:\/\/i0.wp.com\/www.notanoverlander.com\/wp-content\/uploads\/2018\/02\/img_20180209_173051-496778796.jpg?resize=225%2C300&#038;ssl=1\" alt=\"\" width=\"225\" height=\"300\" srcset=\"https:\/\/i0.wp.com\/www.notanoverlander.com\/wp-content\/uploads\/2018\/02\/img_20180209_173051-496778796.jpg?resize=225%2C300&amp;ssl=1 225w, https:\/\/i0.wp.com\/www.notanoverlander.com\/wp-content\/uploads\/2018\/02\/img_20180209_173051-496778796.jpg?resize=768%2C1024&amp;ssl=1 768w, https:\/\/i0.wp.com\/www.notanoverlander.com\/wp-content\/uploads\/2018\/02\/img_20180209_173051-496778796.jpg?resize=1536%2C2048&amp;ssl=1 1536w, https:\/\/i0.wp.com\/www.notanoverlander.com\/wp-content\/uploads\/2018\/02\/img_20180209_173051-496778796.jpg?w=2000&amp;ssl=1 2000w\" sizes=\"auto, (max-width: 225px) 100vw, 225px\" \/><\/a><\/p>\n<p>En este tiempo, hemos tenido poca actividad motera, pero reconozco haberme \u00abenganchado\u00bb a una comunidad motera. Quiz\u00e1s una un poco fuera de lo normal. Hace ya m\u00e1s de un a\u00f1o, descubr\u00ed el podcast de <a href=\"http:\/\/viajoenmoto.com\">viajoenmoto<\/a>, con <strong>Roberto Naveiras<\/strong> como maestro de ceremonias. M\u00e1s o menos al mismo tiempo empez\u00f3 a emitirse en directo todos los mi\u00e9rcoles y se abri\u00f3 un chat para comentar lo que all\u00ed se dec\u00eda. Los programas diarios de aventuras del Dakar fueron la puntilla que termin\u00f3 de lanzarnos a muchos a estar pegados al chat y al m\u00f3vil o al ordenador para escuchar y comentar el m\u00e1s que interesante contenido. Gracias a ellos hemos conocido al \u00ednclito Martin Solana, la gran Olga Ferro, a Guillermo, \u00abnuestro\u00bb particular mec\u00e1nico que hizo las veces de enviado especial durante el rally, a Mikeldi y a cientos de personajes relacionados con el mundo de los viajes en moto.<\/p>\n<p>Hay miles de podcasts y programas de radio, de casi cualquier tem\u00e1tica, entonces&#8230; por qu\u00e9 elegir este? Hoy nos compart\u00eda Tito <a href=\"https:\/\/medium.com\/@maldegorf\/viajar-en-moto-en-el-presente-futuro-de-la-comunicaci%C3%B3n-b468c4347fc3\">este texto<\/a> en el que da en el clavo: <strong>la calidad del programa<\/strong>. Porque se puede considerar un programa de radio de muy buena calidad, con buena m\u00fasica, contenidos interesantes, entrevistas divertidas y todo ese halo de locura (de la buena) con el que Roberto rodea viajoenmoto.<\/p>\n<p>Pero m\u00e1s all\u00e1 del programa en s\u00ed (cien por cien recomendable y que se puede escuchar <a href=\"http:\/\/viajoenmoto.com\/programas\/\">aqu\u00ed<\/a>), y como reza el t\u00edtulo de este post, lo m\u00e1s importante para m\u00ed es la <strong>comunidad motera<\/strong> que se ha creado en torno a \u00e9l. Con unas 200 personas en \u00e9l, el chat de telegram de viajo en moto, es un hervidero de comentarios, fotos, gifs de Mikeldi e infinidad de cosas relacionadas con el tema moteril. En unos d\u00edas se celebrar\u00e1, en el culo del mundo conocido (como Roberto llama a la localidad de Grandas de Salime, desde donde se emite), la segunda quedada de viajo en moto. Por desgracia este a\u00f1o tambi\u00e9n me lo perder\u00e9, estar\u00e9 muri\u00e9ndome de envidia (de la mala&#8230; o muy mala :P) por aqu\u00ed&#8230;\u00a0 pero ya prepararemos algo para redimirnos :).<\/p>\n<p>As\u00ed que pod\u00e9is imaginaros que, entre una cosa y otra, con tanta charla de motos y de viajes,\u00a0 uno tiene muchas ganas de hacer kil\u00f3metros y kil\u00f3metros. Por ahora, habr\u00e1 que esperar a que escampe un poco :D.<\/p>\n","protected":false},"excerpt":{"rendered":"<p>Que largo se est\u00e1 haciendo el invierno!!, tanto que me he buscado demasiadas cosas para hacer, lo que ha hecho que, una vez m\u00e1s, haya abandonado esto de escribir. El haberme adentrado en el mundo de los v\u00eddeos con el motovlog, un proyecto personal al que estoy dedicando muchas horas fuera del trabajo y el [&hellip;]<\/p>\n","protected":false},"author":1,"featured_media":595,"comment_status":"open","ping_status":"open","sticky":false,"template":"","format":"standard","meta":{"_jetpack_newsletter_access":"","_jetpack_dont_email_post_to_subs":false,"_jetpack_newsletter_tier_id":0,"_jetpack_memberships_contains_paywalled_content":false,"_jetpack_feature_clip_id":0,"_jetpack_memberships_contains_paid_content":false,"footnotes":"","jetpack_publicize_message":"","jetpack_publicize_feature_enabled":true,"jetpack_social_post_already_shared":true,"jetpack_social_options":{"image_generator_settings":{"template":"highway","default_image_id":0,"font":"","enabled":false},"version":2},"jetpack_post_was_ever_published":false},"categories":[3],"tags":[],"class_list":["post-950","post","type-post","status-publish","format-standard","has-post-thumbnail","hentry","category-dia-a-dia"],"translation":{"provider":"WPGlobus","version":"3.0.5","language":"es","enabled_languages":["es"],"languages":{"es":{"title":true,"content":true,"excerpt":false}}},"aioseo_notices":[],"aioseo_head":"\n\t\t<!-- All in One SEO 5.0.1.1 - aioseo.com -->\n\t<meta name=\"robots\" content=\"max-image-preview:large\" \/>\n\t<meta name=\"author\" content=\"Daviz\"\/>\n\t<meta name=\"google-site-verification\" content=\"rgL4cG7lkS3Or5dFWhIEkt-UqRz-5d7tYVEOFvb7tF8\" \/>\n\t<link rel=\"canonical\" href=\"https:\/\/www.notanoverlander.com\/index.php\/2018\/02\/11\/motos-invierno-y-comunidades-moteras\/\" \/>\n\t<meta name=\"generator\" content=\"All in One SEO (AIOSEO) 5.0.1.1\" \/>\n\t\t<script type=\"application\/ld+json\" class=\"aioseo-schema\">\n\t\t\t{\"@context\":\"https:\\\/\\\/schema.org\",\"@graph\":[{\"@type\":\"Article\",\"@id\":\"https:\\\/\\\/www.notanoverlander.com\\\/index.php\\\/2018\\\/02\\\/11\\\/motos-invierno-y-comunidades-moteras\\\/#article\",\"name\":\"Motos, invierno y comunidades moteras | NotAnOverlander\",\"headline\":\"Motos, invierno y comunidades moteras\",\"author\":{\"@id\":\"https:\\\/\\\/www.notanoverlander.com\\\/index.php\\\/author\\\/daviz\\\/#author\"},\"publisher\":{\"@id\":\"https:\\\/\\\/www.notanoverlander.com\\\/#person\"},\"image\":{\"@type\":\"ImageObject\",\"url\":\"https:\\\/\\\/i0.wp.com\\\/www.notanoverlander.com\\\/wp-content\\\/uploads\\\/2017\\\/06\\\/0e4eb617-923b-4aba-8a29-0a2ada8c98e3.jpg?fit=2592%2C3888&ssl=1\",\"width\":2592,\"height\":3888},\"datePublished\":\"2018-02-11T18:07:28+01:00\",\"dateModified\":\"2018-02-11T18:38:46+01:00\",\"inLanguage\":\"es-ES\",\"mainEntityOfPage\":{\"@id\":\"https:\\\/\\\/www.notanoverlander.com\\\/index.php\\\/2018\\\/02\\\/11\\\/motos-invierno-y-comunidades-moteras\\\/#webpage\"},\"isPartOf\":{\"@id\":\"https:\\\/\\\/www.notanoverlander.com\\\/index.php\\\/2018\\\/02\\\/11\\\/motos-invierno-y-comunidades-moteras\\\/#webpage\"},\"articleSection\":\"Dia a dia\"},{\"@type\":\"BreadcrumbList\",\"@id\":\"https:\\\/\\\/www.notanoverlander.com\\\/index.php\\\/2018\\\/02\\\/11\\\/motos-invierno-y-comunidades-moteras\\\/#breadcrumblist\",\"itemListElement\":[{\"@type\":\"ListItem\",\"@id\":\"https:\\\/\\\/www.notanoverlander.com#listItem\",\"position\":1,\"name\":\"Inicio\",\"item\":\"https:\\\/\\\/www.notanoverlander.com\",\"nextItem\":{\"@type\":\"ListItem\",\"@id\":\"https:\\\/\\\/www.notanoverlander.com\\\/index.php\\\/category\\\/dia-a-dia\\\/#listItem\",\"name\":\"Dia a dia\"}},{\"@type\":\"ListItem\",\"@id\":\"https:\\\/\\\/www.notanoverlander.com\\\/index.php\\\/category\\\/dia-a-dia\\\/#listItem\",\"position\":2,\"name\":\"Dia a dia\",\"item\":\"https:\\\/\\\/www.notanoverlander.com\\\/index.php\\\/category\\\/dia-a-dia\\\/\",\"nextItem\":{\"@type\":\"ListItem\",\"@id\":\"https:\\\/\\\/www.notanoverlander.com\\\/index.php\\\/2018\\\/02\\\/11\\\/motos-invierno-y-comunidades-moteras\\\/#listItem\",\"name\":\"Motos, invierno y comunidades moteras\"},\"previousItem\":{\"@type\":\"ListItem\",\"@id\":\"https:\\\/\\\/www.notanoverlander.com#listItem\",\"name\":\"Inicio\"}},{\"@type\":\"ListItem\",\"@id\":\"https:\\\/\\\/www.notanoverlander.com\\\/index.php\\\/2018\\\/02\\\/11\\\/motos-invierno-y-comunidades-moteras\\\/#listItem\",\"position\":3,\"name\":\"Motos, invierno y comunidades moteras\",\"previousItem\":{\"@type\":\"ListItem\",\"@id\":\"https:\\\/\\\/www.notanoverlander.com\\\/index.php\\\/category\\\/dia-a-dia\\\/#listItem\",\"name\":\"Dia a dia\"}}]},{\"@type\":\"Person\",\"@id\":\"https:\\\/\\\/www.notanoverlander.com\\\/#person\",\"name\":\"David\",\"image\":\"https:\\\/\\\/www.notanoverlander.com\\\/wp-content\\\/uploads\\\/2017\\\/05\\\/logoNAO.png\",\"sameAs\":[\"https:\\\/\\\/facebook.com\\\/NotanOverlander\",\"https:\\\/\\\/x.com\\\/NotanOverlander\",\"https:\\\/\\\/instagram.com\\\/NotanOverlander\",\"https:\\\/\\\/www.youtube.com\\\/channel\\\/UCvc1e5xDGI3ZbDNei9TnpDw\"]},{\"@type\":\"Person\",\"@id\":\"https:\\\/\\\/www.notanoverlander.com\\\/index.php\\\/author\\\/daviz\\\/#author\",\"url\":\"https:\\\/\\\/www.notanoverlander.com\\\/index.php\\\/author\\\/daviz\\\/\",\"name\":\"Daviz\",\"image\":{\"@type\":\"ImageObject\",\"@id\":\"https:\\\/\\\/www.notanoverlander.com\\\/index.php\\\/2018\\\/02\\\/11\\\/motos-invierno-y-comunidades-moteras\\\/#authorImage\",\"url\":\"https:\\\/\\\/secure.gravatar.com\\\/avatar\\\/2c29c3b0163f4585d6a605f3db00c13569b8c4b2cc1b5476a605d3ac3be9982f?s=96&d=mm&r=g\",\"width\":96,\"height\":96,\"caption\":\"Daviz\"}},{\"@type\":\"WebPage\",\"@id\":\"https:\\\/\\\/www.notanoverlander.com\\\/index.php\\\/2018\\\/02\\\/11\\\/motos-invierno-y-comunidades-moteras\\\/#webpage\",\"url\":\"https:\\\/\\\/www.notanoverlander.com\\\/index.php\\\/2018\\\/02\\\/11\\\/motos-invierno-y-comunidades-moteras\\\/\",\"name\":\"Motos, invierno y comunidades moteras | NotAnOverlander\",\"inLanguage\":\"es-ES\",\"isPartOf\":{\"@id\":\"https:\\\/\\\/www.notanoverlander.com\\\/#website\"},\"breadcrumb\":{\"@id\":\"https:\\\/\\\/www.notanoverlander.com\\\/index.php\\\/2018\\\/02\\\/11\\\/motos-invierno-y-comunidades-moteras\\\/#breadcrumblist\"},\"author\":{\"@id\":\"https:\\\/\\\/www.notanoverlander.com\\\/index.php\\\/author\\\/daviz\\\/#author\"},\"creator\":{\"@id\":\"https:\\\/\\\/www.notanoverlander.com\\\/index.php\\\/author\\\/daviz\\\/#author\"},\"image\":{\"@type\":\"ImageObject\",\"url\":\"https:\\\/\\\/i0.wp.com\\\/www.notanoverlander.com\\\/wp-content\\\/uploads\\\/2017\\\/06\\\/0e4eb617-923b-4aba-8a29-0a2ada8c98e3.jpg?fit=2592%2C3888&ssl=1\",\"@id\":\"https:\\\/\\\/www.notanoverlander.com\\\/index.php\\\/2018\\\/02\\\/11\\\/motos-invierno-y-comunidades-moteras\\\/#mainImage\",\"width\":2592,\"height\":3888},\"primaryImageOfPage\":{\"@id\":\"https:\\\/\\\/www.notanoverlander.com\\\/index.php\\\/2018\\\/02\\\/11\\\/motos-invierno-y-comunidades-moteras\\\/#mainImage\"},\"datePublished\":\"2018-02-11T18:07:28+01:00\",\"dateModified\":\"2018-02-11T18:38:46+01:00\"},{\"@type\":\"WebSite\",\"@id\":\"https:\\\/\\\/www.notanoverlander.com\\\/#website\",\"url\":\"https:\\\/\\\/www.notanoverlander.com\\\/\",\"name\":\"{:es}NotAnOverlander{:}{:en}NotAnOverlander{:}\",\"description\":\"NotAnOverlander\",\"inLanguage\":\"es-ES\",\"publisher\":{\"@id\":\"https:\\\/\\\/www.notanoverlander.com\\\/#person\"}}]}\n\t\t<\/script>\n\t\t<!-- All in One SEO -->\n\n","aioseo_head_json":{"title":"Motos, invierno y comunidades moteras | NotAnOverlander","description":"","canonical_url":"https:\/\/www.notanoverlander.com\/index.php\/2018\/02\/11\/motos-invierno-y-comunidades-moteras\/","robots":"max-image-preview:large","keywords":"","webmasterTools":{"google-site-verification":"rgL4cG7lkS3Or5dFWhIEkt-UqRz-5d7tYVEOFvb7tF8","miscellaneous":""},"schema":{"@context":"https:\/\/schema.org","@graph":[{"@type":"Article","@id":"https:\/\/www.notanoverlander.com\/index.php\/2018\/02\/11\/motos-invierno-y-comunidades-moteras\/#article","name":"Motos, invierno y comunidades moteras | NotAnOverlander","headline":"Motos, invierno y comunidades moteras","author":{"@id":"https:\/\/www.notanoverlander.com\/index.php\/author\/daviz\/#author"},"publisher":{"@id":"https:\/\/www.notanoverlander.com\/#person"},"image":{"@type":"ImageObject","url":"https:\/\/i0.wp.com\/www.notanoverlander.com\/wp-content\/uploads\/2017\/06\/0e4eb617-923b-4aba-8a29-0a2ada8c98e3.jpg?fit=2592%2C3888&ssl=1","width":2592,"height":3888},"datePublished":"2018-02-11T18:07:28+01:00","dateModified":"2018-02-11T18:38:46+01:00","inLanguage":"es-ES","mainEntityOfPage":{"@id":"https:\/\/www.notanoverlander.com\/index.php\/2018\/02\/11\/motos-invierno-y-comunidades-moteras\/#webpage"},"isPartOf":{"@id":"https:\/\/www.notanoverlander.com\/index.php\/2018\/02\/11\/motos-invierno-y-comunidades-moteras\/#webpage"},"articleSection":"Dia a dia"},{"@type":"BreadcrumbList","@id":"https:\/\/www.notanoverlander.com\/index.php\/2018\/02\/11\/motos-invierno-y-comunidades-moteras\/#breadcrumblist","itemListElement":[{"@type":"ListItem","@id":"https:\/\/www.notanoverlander.com#listItem","position":1,"name":"Inicio","item":"https:\/\/www.notanoverlander.com","nextItem":{"@type":"ListItem","@id":"https:\/\/www.notanoverlander.com\/index.php\/category\/dia-a-dia\/#listItem","name":"Dia a dia"}},{"@type":"ListItem","@id":"https:\/\/www.notanoverlander.com\/index.php\/category\/dia-a-dia\/#listItem","position":2,"name":"Dia a dia","item":"https:\/\/www.notanoverlander.com\/index.php\/category\/dia-a-dia\/","nextItem":{"@type":"ListItem","@id":"https:\/\/www.notanoverlander.com\/index.php\/2018\/02\/11\/motos-invierno-y-comunidades-moteras\/#listItem","name":"Motos, invierno y comunidades moteras"},"previousItem":{"@type":"ListItem","@id":"https:\/\/www.notanoverlander.com#listItem","name":"Inicio"}},{"@type":"ListItem","@id":"https:\/\/www.notanoverlander.com\/index.php\/2018\/02\/11\/motos-invierno-y-comunidades-moteras\/#listItem","position":3,"name":"Motos, invierno y comunidades moteras","previousItem":{"@type":"ListItem","@id":"https:\/\/www.notanoverlander.com\/index.php\/category\/dia-a-dia\/#listItem","name":"Dia a dia"}}]},{"@type":"Person","@id":"https:\/\/www.notanoverlander.com\/#person","name":"David","image":"https:\/\/www.notanoverlander.com\/wp-content\/uploads\/2017\/05\/logoNAO.png","sameAs":["https:\/\/facebook.com\/NotanOverlander","https:\/\/x.com\/NotanOverlander","https:\/\/instagram.com\/NotanOverlander","https:\/\/www.youtube.com\/channel\/UCvc1e5xDGI3ZbDNei9TnpDw"]},{"@type":"Person","@id":"https:\/\/www.notanoverlander.com\/index.php\/author\/daviz\/#author","url":"https:\/\/www.notanoverlander.com\/index.php\/author\/daviz\/","name":"Daviz","image":{"@type":"ImageObject","@id":"https:\/\/www.notanoverlander.com\/index.php\/2018\/02\/11\/motos-invierno-y-comunidades-moteras\/#authorImage","url":"https:\/\/secure.gravatar.com\/avatar\/2c29c3b0163f4585d6a605f3db00c13569b8c4b2cc1b5476a605d3ac3be9982f?s=96&d=mm&r=g","width":96,"height":96,"caption":"Daviz"}},{"@type":"WebPage","@id":"https:\/\/www.notanoverlander.com\/index.php\/2018\/02\/11\/motos-invierno-y-comunidades-moteras\/#webpage","url":"https:\/\/www.notanoverlander.com\/index.php\/2018\/02\/11\/motos-invierno-y-comunidades-moteras\/","name":"Motos, invierno y comunidades moteras | NotAnOverlander","inLanguage":"es-ES","isPartOf":{"@id":"https:\/\/www.notanoverlander.com\/#website"},"breadcrumb":{"@id":"https:\/\/www.notanoverlander.com\/index.php\/2018\/02\/11\/motos-invierno-y-comunidades-moteras\/#breadcrumblist"},"author":{"@id":"https:\/\/www.notanoverlander.com\/index.php\/author\/daviz\/#author"},"creator":{"@id":"https:\/\/www.notanoverlander.com\/index.php\/author\/daviz\/#author"},"image":{"@type":"ImageObject","url":"https:\/\/i0.wp.com\/www.notanoverlander.com\/wp-content\/uploads\/2017\/06\/0e4eb617-923b-4aba-8a29-0a2ada8c98e3.jpg?fit=2592%2C3888&ssl=1","@id":"https:\/\/www.notanoverlander.com\/index.php\/2018\/02\/11\/motos-invierno-y-comunidades-moteras\/#mainImage","width":2592,"height":3888},"primaryImageOfPage":{"@id":"https:\/\/www.notanoverlander.com\/index.php\/2018\/02\/11\/motos-invierno-y-comunidades-moteras\/#mainImage"},"datePublished":"2018-02-11T18:07:28+01:00","dateModified":"2018-02-11T18:38:46+01:00"},{"@type":"WebSite","@id":"https:\/\/www.notanoverlander.com\/#website","url":"https:\/\/www.notanoverlander.com\/","name":"{:es}NotAnOverlander{:}{:en}NotAnOverlander{:}","description":"NotAnOverlander","inLanguage":"es-ES","publisher":{"@id":"https:\/\/www.notanoverlander.com\/#person"}}]}},"aioseo_meta_data":{"post_id":"950","title":null,"description":null,"keywords":null,"keyphrases":null,"primary_term":null,"canonical_url":null,"og_title":null,"og_description":null,"og_object_type":"default","og_image_type":"default","og_image_url":null,"og_image_width":null,"og_image_height":null,"og_image_custom_url":null,"og_image_custom_fields":null,"og_video":null,"og_custom_url":null,"og_article_section":null,"og_article_tags":null,"twitter_use_og":false,"twitter_card":"default","twitter_image_type":"default","twitter_image_url":null,"twitter_image_custom_url":null,"twitter_image_custom_fields":null,"twitter_title":null,"twitter_description":null,"schema":{"blockGraphs":[],"customGraphs":[],"default":{"data":{"Article":[],"Course":[],"Dataset":[],"FAQPage":[],"Movie":[],"Person":[],"Product":[],"ProductReview":[],"Car":[],"Recipe":[],"Service":[],"SoftwareApplication":[],"WebPage":[]},"graphName":"","isEnabled":true},"graphs":[]},"schema_type":null,"schema_type_options":null,"pillar_content":false,"robots_default":true,"robots_noindex":false,"robots_noarchive":false,"robots_nosnippet":false,"robots_nofollow":false,"robots_noimageindex":false,"robots_noodp":false,"robots_notranslate":false,"robots_max_snippet":null,"robots_max_videopreview":null,"robots_max_imagepreview":"large","priority":null,"frequency":null,"local_seo":null,"breadcrumb_settings":null,"limit_modified_date":false,"ai":null,"created":"2020-12-22 08:47:44","updated":"2022-09-14 15:12:47","seo_analyzer_scan_date":null,"focus_keyword":null,"additional_keywords":null,"truseo_locale":null},"jetpack_publicize_connections":[],"jetpack_sharing_enabled":true,"jetpack_likes_enabled":true,"jetpack-related-posts":[],"jetpack_featured_media_url":"https:\/\/i0.wp.com\/www.notanoverlander.com\/wp-content\/uploads\/2017\/06\/0e4eb617-923b-4aba-8a29-0a2ada8c98e3.jpg?fit=2592%2C3888&ssl=1","_links":{"self":[{"href":"https:\/\/www.notanoverlander.com\/index.php\/wp-json\/wp\/v2\/posts\/950","targetHints":{"allow":["GET"]}}],"collection":[{"href":"https:\/\/www.notanoverlander.com\/index.php\/wp-json\/wp\/v2\/posts"}],"about":[{"href":"https:\/\/www.notanoverlander.com\/index.php\/wp-json\/wp\/v2\/types\/post"}],"author":[{"embeddable":true,"href":"https:\/\/www.notanoverlander.com\/index.php\/wp-json\/wp\/v2\/users\/1"}],"replies":[{"embeddable":true,"href":"https:\/\/www.notanoverlander.com\/index.php\/wp-json\/wp\/v2\/comments?post=950"}],"version-history":[{"count":5,"href":"https:\/\/www.notanoverlander.com\/index.php\/wp-json\/wp\/v2\/posts\/950\/revisions"}],"predecessor-version":[{"id":956,"href":"https:\/\/www.notanoverlander.com\/index.php\/wp-json\/wp\/v2\/posts\/950\/revisions\/956"}],"wp:featuredmedia":[{"embeddable":true,"href":"https:\/\/www.notanoverlander.com\/index.php\/wp-json\/wp\/v2\/media\/595"}],"wp:attachment":[{"href":"https:\/\/www.notanoverlander.com\/index.php\/wp-json\/wp\/v2\/media?parent=950"}],"wp:term":[{"taxonomy":"category","embeddable":true,"href":"https:\/\/www.notanoverlander.com\/index.php\/wp-json\/wp\/v2\/categories?post=950"},{"taxonomy":"post_tag","embeddable":true,"href":"https:\/\/www.notanoverlander.com\/index.php\/wp-json\/wp\/v2\/tags?post=950"}],"curies":[{"name":"wp","href":"https:\/\/api.w.org\/{rel}","templated":true}]}}